{"id":8745,"date":"2023-01-07T18:16:59","date_gmt":"2023-01-07T18:16:59","guid":{"rendered":"https:\/\/www.affinite.fr\/index.php\/2023\/01\/07\/jen-ai-toujours-joue-pour-etre-engagee-et-gagner-ma-vie\/"},"modified":"2023-01-07T18:16:59","modified_gmt":"2023-01-07T18:16:59","slug":"jen-ai-toujours-joue-pour-etre-engagee-et-gagner-ma-vie","status":"publish","type":"post","link":"http:\/\/www.affinite.fr\/index.php\/2023\/01\/07\/jen-ai-toujours-joue-pour-etre-engagee-et-gagner-ma-vie\/","title":{"rendered":"\u00ab\u00a0j&rsquo;en ai toujours jou\u00e9 pour \u00eatre engag\u00e9e et gagner ma vie\u00a0\u00bb"},"content":{"rendered":"<p> [ad_1]<br \/>\n<br \/><img decoding=\"async\" src=\"https:\/\/img-3.journaldesfemmes.fr\/I7AJFKiO12kXcBWZyNoZEtWDIBg=\/1280x\/smart\/a152443e85734ad9a38a119548c41c68\/ccmcms-jdf\/39459201.jpg\" \/><\/p>\n<p>\n                De retour \u00e0 la t\u00e9l\u00e9vision dans la s\u00e9rie \u00ab\u00a0Les Disparus de la For\u00eat Noire\u00a0\u00bb sur TF1, l&rsquo;actrice H\u00e9l\u00e8ne de Fougerolles a accord\u00e9 une interview d\u00e9cri\u00e9e \u00e0 Europe 1. Elle y \u00e9voque avec franchise son rapport au f\u00e9minisme. Et se confie sur sa carri\u00e8re.            <\/p>\n<div>\n<p>H\u00e9l\u00e8ne de Fougerolles n&rsquo;a pas sa langue dans sa poche et l&rsquo;a prouv\u00e9. Dans une interview \u00e0 <a href=\"https:\/\/www.europe1.fr\/people\/je-comprends-ce-combat-mais-je-ne-peux-pas-etre-feministe-assume-helene-de-fougerolles-4158531\" target=\"_blank\" rel=\"noopener\">Europe 1<\/a>, publi\u00e9e le 4 janvier 2023, la com\u00e9dienne aujourd&rsquo;hui \u00e2g\u00e9e de 49 ans a parl\u00e9 de f\u00e9minisme. Et, avec ses propos clivants, elle ne s&rsquo;est pas fait que des ami(e)s sur la toile. La star est en pleine promo pour sa nouvelle s\u00e9rie intitul\u00e9e\u00a0<em><strong>Les Disparus de la For\u00eat Noire<\/strong><\/em>, sur TF1.<\/p>\n<div class=\"ccminsert\">\n<div class=\"jEmbedTagPlaceholder twitter-placeholder\"><template data-type=\"embedtag\" data-tagname=\"twitter\"><\/p>\n<blockquote class=\"twitter-tweet\">\n<p dir=\"ltr\" lang=\"fr\">J-3 Les disparus de la For\u00eat Noire<\/p>\n<p>La d\u00e9couverte dun charnier \u00e0 la fronti\u00e8re franco-allemande va raviver des souvenirs troublants \u00e0 la juge dinstruction Camille Hartman.<\/p>\n<p>Retrouvez H\u00e9l\u00e8ne de Fougerolles, Gr\u00e9gory Fitoussi &amp; Tcheky Karyo : jeudi \u00e0 21:10 sur TF1. <a href=\"https:\/\/twitter.com\/TF1\/status\/1609898359711727616\/video\/1\">pic.twitter.com\/UKRbdxuhAl<\/a><\/p>\n<p>\u2014 TF1 (@TF1) <a href=\"https:\/\/twitter.com\/TF1\/status\/1609898359711727616?ref_src=twsrc%5Etfw\">January 2, 2023<\/a><\/p><\/blockquote>\n<p><\/template><\/div>\n<\/div>\n<h2>H\u00e9l\u00e8ne de Fougerolles pas f\u00e9ministe : elle assume !<\/h2>\n<p>La star a donc \u00e9voqu\u00e9 sa s\u00e9rie, laquelle a \u00ab\u00a0<em>un propos f\u00e9ministe<\/em>\u00a0\u00bb selon Europe 1. \u00ab\u00a0<em>Je dirais que \u00e7a a \u00e9t\u00e9 un plus, qu&rsquo;il y avait du fond. Ce n&rsquo;\u00e9tait pas juste un polar avec des cadavres<\/em>\u00ab\u00a0, a d&rsquo;abords soulign\u00e9 l&rsquo;actrice. Puis\u00a0H\u00e9l\u00e8ne de Fougerolles a alors discut\u00e9 de son propre rapport au f\u00e9minisme \u00e0 l&rsquo;heure de mouvements mondiaux comme <em>#MeToo<\/em> ou <em>Time&rsquo;s Up<\/em>, qui ont lib\u00e9r\u00e9 la parole des femmes et ont mis sous les feux des projecteurs des combats comme l&rsquo;\u00e9galit\u00e9 des sexes, les violences conjugales, les agressions sexuelles&#8230;\u00a0\u00ab\u00a0<em><strong>Je ne suis pas f\u00e9ministe moi-m\u00eame, je n&rsquo;ai pas un combat \u00e0 mener avec \u00e7a<\/strong>, mais je l&rsquo;entends et je trouve que la s\u00e9rie nous emm\u00e8ne subtilement \u00e0 nous poser des questions. Car nous ne sommes pas toutes log\u00e9es \u00e0 la m\u00eame enseigne<\/em>\u00ab\u00a0, a-t-elle expliqu\u00e9.<\/p>\n<h2>H\u00e9l\u00e8ne de Fougerolles honn\u00eate sur sa carri\u00e8re : comment elle est parvenue \u00e0 ses fins<\/h2>\n<p>La star, vue au cin\u00e9ma dans les films <em>Le p\u00e9ril jeune<\/em>, <em>La plage<\/em>,\u00a0<em>Fanfan la Tulipe<\/em> ou encore\u00a0<em>Le Plus Beau Jour de ma vie<\/em> a ensuite d\u00e9taill\u00e9 pourquoi elle-m\u00eame ne se sent pas forc\u00e9ment en phase avec le f\u00e9minisme actuel. \u00ab\u00a0<em><strong>J&rsquo;ai beaucoup jou\u00e9 de mes atouts et de ma f\u00e9minit\u00e9 pour obtenir des choses.<\/strong> Se sentir d\u00e9sirable, c&rsquo;est le propre de mon m\u00e9tier d&rsquo;actrice. E<strong>t j&rsquo;en ai toujours jou\u00e9 pour pouvoir \u00eatre engag\u00e9e et gagner ma vie. Donc, je ne peux pas \u00eatre f\u00e9ministe.<\/strong> Mais \u00e0 c\u00f4t\u00e9 de \u00e7a, j&rsquo;entends tr\u00e8s bien qu&rsquo;il y a des femmes qui se sont senties abus\u00e9es, ou dont on a abus\u00e9es. Je le comprends et j&rsquo;en suis d\u00e9sol\u00e9e aussi. Mais je n&rsquo;irai pas au combat avec elles, je ne suis pas port\u00e9e par \u00e7a<\/em>\u00ab\u00a0, a clam\u00e9 la star.<\/p>\n<p>Et H\u00e9l\u00e8ne de Fougerolles, ajoute, avec une franchise \u00e9tonnante : \u00ab\u00a0<em><strong>Moi, j&rsquo;aime bien me sentir d\u00e9sir\u00e9e. Je ne me suis jamais sentie victime de \u00e7a<\/strong>. Des hommes ont pu \u00eatre lourdauds avec moi mais on n&rsquo;a jamais d\u00e9pass\u00e9 la limite. J&rsquo;ai de la chance et je touche du bois<\/em>.\u00a0\u00bb Et quant \u00e0 savoir si elle a peur pour sa fille de 19 ans, la r\u00e9ponse est limpide ! \u00ab\u00a0<em>J&rsquo;ai tout blind\u00e9, donc \u00e7a va \u00eatre difficile qu&rsquo;il lui arrive quelque chose<\/em>\u00ab\u00a0, assure-t-elle&#8230;\u00a0<\/p>\n<h2>La com\u00e9dienne divise avec ses propos<\/h2>\n<p>Sur Twitter, les r\u00e9actions ont \u00e9t\u00e9 vives apr\u00e8s l&rsquo;interview de la star. \u00ab\u00a0<em>Cette interview est proprement hallucinante<\/em>\u00ab\u00a0, clame Marion Pillas (r\u00e9dactrice en chef de <em>La D\u00e9ferlante<\/em>). \u00ab\u00a0<em>L&rsquo;interview lunaire d&rsquo;H\u00e9l\u00e8ne de Fougerolles (qui n&rsquo;a visiblement pas lu la d\u00e9finition de &lsquo;f\u00e9ministe&rsquo;)<\/em>\u00ab\u00a0, ajoute Catherine Rochon (r\u00e9dactrice en chef de <em>Terrafemina<\/em>). Malgr\u00e9 tout, H\u00e9l\u00e8ne de Fougerolles a aussi re\u00e7u des messages d&rsquo;anonymes t\u00e9moignant de la sympathie pour elle. \u00ab\u00a0<em>Elle assume ce qu&rsquo;elle est et c&rsquo;est assez rare<\/em>\u00a0\u00bb ou \u00ab\u00a0<em>Votre positionnement dans ce d\u00e9bat du f\u00e9minisme est honorable, car c&rsquo;est un combat diviseur, fourre tout..<\/em>\u00a0\u00bb peut-on par exemple lire.<\/p>\n<p>Sans doute pas de quoi d\u00e9stabiliser la com\u00e9dienne, qui m\u00e8ne une vie discr\u00e8te et confortable dans son havre de paix, elle qui habite d\u00e9sormais loin du show business, dans le Luberon.<\/p>\n<\/p><\/div>\n<p><script async src=\"http:\/\/platform.twitter.com\/widgets.js\" charset=\"utf-8\"><\/script><br \/>\n<br \/>[ad_2]<br \/>\n<br \/><a href=\"https:\/\/www.journaldesfemmes.fr\/people\/actus\/2878229-helene-de-fougerolles-serie-tf1-feminisme\/\">Source link <\/a><\/p>\n","protected":false},"excerpt":{"rendered":"<p>[ad_1] De retour \u00e0 la t\u00e9l\u00e9vision dans la s\u00e9rie \u00ab\u00a0Les Disparus de la For\u00eat Noire\u00a0\u00bb sur TF1, l&rsquo;actrice H\u00e9l\u00e8ne de &hellip; <a href=\"http:\/\/www.affinite.fr\/index.php\/2023\/01\/07\/jen-ai-toujours-joue-pour-etre-engagee-et-gagner-ma-vie\/\" class=\"more-link\">Plus <span class=\"screen-reader-text\">\u00ab\u00a0j&rsquo;en ai toujours jou\u00e9 pour \u00eatre engag\u00e9e et gagner ma vie\u00a0\u00bb<\/span> <span class=\"meta-nav\">&rarr;<\/span><\/a><\/p>\n","protected":false},"author":1,"featured_media":8746,"comment_status":"","ping_status":"open","sticky":false,"template":"","format":"standard","meta":{"_sitemap_exclude":false,"_sitemap_priority":"","_sitemap_frequency":"","footnotes":""},"categories":[1],"tags":[],"class_list":["post-8745","post","type-post","status-publish","format-standard","has-post-thumbnail","hentry","category-tous"],"_links":{"self":[{"href":"http:\/\/www.affinite.fr\/index.php\/wp-json\/wp\/v2\/posts\/8745"}],"collection":[{"href":"http:\/\/www.affinite.fr\/index.php\/wp-json\/wp\/v2\/posts"}],"about":[{"href":"http:\/\/www.affinite.fr\/index.php\/wp-json\/wp\/v2\/types\/post"}],"author":[{"embeddable":true,"href":"http:\/\/www.affinite.fr\/index.php\/wp-json\/wp\/v2\/users\/1"}],"replies":[{"embeddable":true,"href":"http:\/\/www.affinite.fr\/index.php\/wp-json\/wp\/v2\/comments?post=8745"}],"version-history":[{"count":0,"href":"http:\/\/www.affinite.fr\/index.php\/wp-json\/wp\/v2\/posts\/8745\/revisions"}],"wp:featuredmedia":[{"embeddable":true,"href":"http:\/\/www.affinite.fr\/index.php\/wp-json\/wp\/v2\/media\/8746"}],"wp:attachment":[{"href":"http:\/\/www.affinite.fr\/index.php\/wp-json\/wp\/v2\/media?parent=8745"}],"wp:term":[{"taxonomy":"category","embeddable":true,"href":"http:\/\/www.affinite.fr\/index.php\/wp-json\/wp\/v2\/categories?post=8745"},{"taxonomy":"post_tag","embeddable":true,"href":"http:\/\/www.affinite.fr\/index.php\/wp-json\/wp\/v2\/tags?post=8745"}],"curies":[{"name":"wp","href":"https:\/\/api.w.org\/{rel}","templated":true}]}}