{"id":8737,"date":"2023-01-04T18:13:31","date_gmt":"2023-01-04T18:13:31","guid":{"rendered":"https:\/\/www.affinite.fr\/index.php\/2023\/01\/04\/variant-covid-actuel-xbb-en-france-en-chine\/"},"modified":"2023-01-04T18:13:31","modified_gmt":"2023-01-04T18:13:31","slug":"variant-covid-actuel-xbb-en-france-en-chine","status":"publish","type":"post","link":"http:\/\/www.affinite.fr\/index.php\/2023\/01\/04\/variant-covid-actuel-xbb-en-france-en-chine\/","title":{"rendered":"Variant Covid\u00a0: actuel, XBB, en France, en Chine\u00a0?"},"content":{"rendered":"<p> [ad_1]<br \/>\n<\/p>\n<aside class=\"ccmsummary marqueur_module ccmcss_cms_summary ccmcss_cms_summary--right\">\n<div class=\"ccmsummary-title ccmcss_cms_summary__title\">Sommaire<\/div>\n<div class=\"ccmsummary-content\">\n<ul>\n<li><a href=\"#cest-quoi-un-virus-variant-\">C&#039;est quoi un virus variant ?<\/a><\/li>\n<li><a href=\"#voc-voi-vum--comment-sont-classes-lesvariants-\">Variant actuel en&nbsp;France<\/a><\/li>\n<li><a href=\"#quel-variant-en-chine-\">Variant en&nbsp;Chine<\/a><\/li>\n<li><a href=\"#quelle-est-la-liste-des-variants-du-covid-\">Liste&nbsp;des variants du Covid<\/a><\/li>\n<li><a href=\"#le-variant-xbb\">Variant XBB<\/a><\/li>\n<li><a href=\"#le-variant-delta\">Variant Omicron<\/a><\/li>\n<li><a href=\"#le-variant-bq-11\">Variant BQ 1.1<\/a><\/li>\n<li><a href=\"#cest-quoi-les-mutations-l452-et-k417n-\">Mutations L452&nbsp;et K417N<\/a><\/li>\n<li><a href=\"#cest-quoi-le-variant-centaure-\">Noms des variants du Covid<\/a><\/li>\n<li><a href=\"#quels-sont-leurs-dangers\">Danger<\/a><\/li>\n<li><a href=\"#quelle-est-la-contagiosite-des-variants-du-covid-\">Contagiosit&eacute;<\/a><\/li>\n<li><a href=\"#quels-sont-les-symptomes\">Sympt&ocirc;mes<\/a><\/li>\n<li><a href=\"#comment-savoir-si-on-est-contamine-par-un-variant\">Comment savoir si on est contamin&eacute; par un variant&nbsp;?<\/a><\/li>\n<li><a href=\"#les-vaccins-sont-ils-efficaces-\">Vaccins<\/a><\/li>\n<\/ul>\n<\/div>\n<\/aside>\n<p><strong>[Mise &agrave; jour le 4 janvier 2023&nbsp;&agrave; 18h57] <\/strong>La souche initiale du Sars-CoV-2&nbsp;apparue fin 2019&nbsp;et qui s&#039;est depuis r&eacute;pandue dans le monde mute r&eacute;guli&egrave;rement. Les<strong> premiers variants <\/strong>du Covid pr&eacute;occupants (VOC) sont apparus<strong>&nbsp;fin 2020<\/strong>.&nbsp;Le<strong>&nbsp;variant Alpha<\/strong>&nbsp;s&#039;est d&#039;abord&nbsp;propag&eacute; en France et est devenu majoritaire en <strong>mars 2021<\/strong>.&nbsp;Les&nbsp;<strong>variants Beta et Gamma<\/strong>&nbsp;ont &eacute;galement circul&eacute; au premier semestre 2021, de mani&egrave;re toutefois moindre.&nbsp;Le&nbsp;<strong>variant Delta<\/strong>&nbsp;est apparu en <strong>mai 2021&nbsp;<\/strong>et est devenu <strong>majoritaire en France en juillet 2021<\/strong>.&nbsp;Le&nbsp;<strong>variant Omicron<\/strong>&nbsp;est le <strong>dernier VOC <\/strong>(&quot;variant of concern&quot; en anglais ou &quot;variant pr&eacute;occupant&quot; en fran&ccedil;ais)&nbsp;apparu, fin <strong>novembre 2021. Il est devenu majoritaire en 2022 et l&#039;est toujours en janvier 2023 <\/strong>selon la derni&egrave;re analyse de <a href=\"https:\/\/www.santepubliquefrance.fr\/dossiers\/coronavirus-covid-19\/coronavirus-circulation-des-variants-du-sars-cov-2\" target=\"_blank\" rel=\"noopener\">Sant&eacute; Publique France<\/a>. Aujourd&#039;hui, les scientifiques surveillent de pr&egrave;s <strong>l&#039;&eacute;pid&eacute;mie majeure de Covid en Chine<\/strong>&nbsp;<strong>depuis l&#039;arr&ecirc;t des mesures barri&egrave;res <\/strong>&quot;Zero-Covid&quot;. <em>&quot;Les donn&eacute;es parcellaires de s&eacute;quen&ccedil;age disponibles sur la base internationale GISAID font &eacute;tat d&#039;une <strong>quasi-exclusivit&eacute; de variants Omicron et de la circulation de nombreux sous-variants <a href=\"https:\/\/sante.journaldesfemmes.fr\/fiches-maladies\/2822907-variant-covid-ba5-symptomes-incubation-transmission\/\" title=\"Variant BA.5\">BA.5<\/a><\/strong>&nbsp;de Omicron (<strong>essentiellement BF7,<\/strong> mais aussi des virus<strong> BQ1.1&nbsp;<\/strong>notamment), identiques &agrave; ceux ayant circul&eacute; en 2022&nbsp;en France et en Europe&quot;<\/em> a indiqu&eacute; le Comit&eacute; scientifique fran&ccedil;ais COVARS dans un <a href=\"https:\/\/www.vie-publique.fr\/sites\/default\/files\/rapport\/pdf\/287689.pdf\" target=\"_blank\" rel=\"noopener\">Avis publi&eacute; le 29&nbsp;d&eacute;cembre 2022<\/a>. Pour ces sp&eacute;cialistes,<strong> <\/strong><em><strong>&quot;les variants susceptibles d&#039;&eacute;merger en Chine dans ce contexte de profil immunitaire diff&eacute;rent entre populations chinoise et europ&eacute;enne<\/strong>, pourraient ne pas avoir les caract&eacute;ristiques d&#039;&eacute;chappement immunitaire leur permettant de se propager ais&eacute;ment dans la population europ&eacute;enne. Cependant <strong>l&#039;&eacute;mergence de nouveaux variants d&#039;&eacute;chappement ne peut &ecirc;tre totalement &eacute;limin&eacute;e du fait de l&#039;ampleur de l&#039;&eacute;pid&eacute;mie et du risque zoonotique&quot;.<\/strong><\/em><\/p>\n<h2 id=\"cest-quoi-un-virus-variant-\">C&#039;est quoi un virus variant ?<\/h2>\n<p>Tous les virus, y compris le Sars-CoV-2, &eacute;voluent au fil du temps et mutent.&nbsp;Le potentiel de mutation des virus augmente avec la fr&eacute;quence des infections (humaines et animales).&nbsp;La plupart des mutations passent inaper&ccedil;ues et ne modifient en rien les effets du virus. Il peut m&ecirc;me &ecirc;tre moins contagieux.&nbsp;L&#039;&eacute;mergence de <strong>nouvelles variantes des virus<\/strong>&nbsp;n&#039;est donc pas inattendue des scientifiques mais elles inqui&egrave;tent&nbsp;d&egrave;s lors qu&#039;elles conf&egrave;rent&nbsp;au virus une<strong> augmentation de sa transmissibilit&eacute;<\/strong> ou une <strong>capacit&eacute; &agrave; &eacute;chapper &agrave; la r&eacute;ponse immunitaire de l&#039;h&ocirc;te<\/strong>, expliquait&nbsp;l&#039;<a href=\"https:\/\/www.ecdc.europa.eu\/sites\/default\/files\/documents\/COVID-19-risk-related-to-spread-of-new-SARS-CoV-2-variants-EU-EEA.pdf\" target=\"_blank\" rel=\"noopener\">ECDC<\/a> dans un document publi&eacute; le 29&nbsp;d&eacute;cembre 2020. Ces nouvelles souches ou &quot;variantes&quot; sont alors analys&eacute;es et suivies de pr&egrave;s.&nbsp;<\/p>\n<h2 id=\"voc-voi-vum--comment-sont-classes-lesvariants-\">Quel variant circule en ce moment&nbsp;en&nbsp;France&nbsp;?<\/h2>\n<p>Le <strong>VOC Omicron reste h&eacute;g&eacute;monique en France et &agrave; l&#039;international<\/strong>. Au sein du VOC Omicron, <strong>BA.5&nbsp;est majoritaire depuis maintenant plusieurs mois<\/strong>. A ce jour on d&eacute;nombre plus d&#039;une centaine de sous lignages au sein de BA.5. Parmi eux, le <strong>sous lignage BQ.1.1&nbsp;est le plus d&eacute;tect&eacute;<\/strong>. Il repr&eacute;sente (tous sous lignages inclus) 62% des s&eacute;quences de l&#039;enqu&ecirc;te Flash S48 (derni&egrave;re semaine de novembre 2022), suivi par BF.7&nbsp;(6%), BQ.1&nbsp;(5%) et BA.5.2&nbsp;(2%).<\/p>\n<div style=\"text-align:center\">\n<figure class=\"image\"><a class=\"fancy\" href=\"https:\/\/img-3.journaldesfemmes.fr\/_v0Kwv3_SULsWtZ1CuGyF2QzXvE=\/1080x\/smart\/abbcd8c56d5b406d8fc66ed2765cacb8\/ccmcms-jdf\/39458142.jpg\"><img decoding=\"async\" alt=\"Evolution des variants en france\" src=\"https:\/\/img-3.journaldesfemmes.fr\/o2VAW2mgFG2gxe1Hm_BUj6CPK-Y=\/600x\/smart\/abbcd8c56d5b406d8fc66ed2765cacb8\/ccmcms-jdf\/39458142.jpg\" \/><\/a><figcaption data-credit=\"Sant\u00e9 Publique France\" data-legend=\"Classement des variants au 14\/12\/2022 et d\u00e9tection en France m\u00e9tropolitaine dans les enqu\u00eates Flash\">Classement des variants au 14\/12\/2022 et d&eacute;tection en France m&eacute;tropolitaine dans les enqu&ecirc;tes Flash <small>&copy;&nbsp;Sant&eacute; Publique France<\/small><\/figcaption><\/figure>\n<\/div>\n<div aria-label=\"\u00c9l\u00e9ment Image\" role=\"region\" style=\"text-align: center\">&nbsp;<\/div>\n<div style=\"text-align:center\">\n<figure class=\"image\"><a class=\"fancy\" href=\"https:\/\/img-3.journaldesfemmes.fr\/e6tvI2JS3Vz8-k1sxfThvJAd2C8=\/1080x\/smart\/260179a4ec584f6caa552908bc5899ea\/ccmcms-jdf\/39458141.jpg\"><img decoding=\"async\" alt=\"\u00e9volution des variants en france\" src=\"https:\/\/img-3.journaldesfemmes.fr\/e6tvI2JS3Vz8-k1sxfThvJAd2C8=\/1080x\/smart\/260179a4ec584f6caa552908bc5899ea\/ccmcms-jdf\/39458141.jpg\" \/><\/a><figcaption data-credit=\"Sant\u00e9 Publique France\" data-legend=\"Evolution de la circulation des variants du Covid en France\">Evolution de la circulation des variants du Covid en France <small>&copy;&nbsp;Sant&eacute; Publique France<\/small><\/figcaption><\/figure>\n<\/div>\n<p><strong>Le premier cas de&nbsp;variant du Covid &#8211; il s&#039;agissait du variant Alpha (anglais) &#8211;&nbsp;en France<\/strong> a &eacute;t&eacute; <a href=\"http:\/\/solidarites-sante.gouv.fr\/actualites\/presse\/communiques-de-presse\/article\/premiere-detection-d-un-cas-de-contamination-au-variant-voc-202012-01-du-sars\" target=\"_blank\" rel=\"noopener\">confirm&eacute; par les autorit&eacute;s fran&ccedil;aises<\/a> le<strong>&nbsp;25&nbsp;d&eacute;cembre 2020, <\/strong>&agrave; <strong>Tours<\/strong>. Il s&#039;agissait d&#039;un homme de nationalit&eacute; fran&ccedil;aise r&eacute;sidant en Angleterre. Arriv&eacute; de Londres le 19&nbsp;d&eacute;cembre, il a &eacute;t&eacute; pris en charge au CHU le 21&nbsp;et d&eacute;tect&eacute; positif. Le r&eacute;sultat du test faisant &eacute;voquer le variant circulant au Royaume-Uni, un s&eacute;quen&ccedil;age a &eacute;t&eacute; demand&eacute; au Centre National de R&eacute;f&eacute;rence (CNR) des virus des infections respiratoires, qui a confirm&eacute;&nbsp;l&#039;infection. La personne, asymptomatique pour la Covid19, a &eacute;t&eacute; isol&eacute;e &agrave; son domicile et se porte bien.&nbsp;&nbsp;<strong>Le premier cas associ&eacute; au variant Beta venu d&#039;Afrique du Sud en France<\/strong>&nbsp;a &eacute;t&eacute; confirm&eacute; d<span style=\"font-size: 1rem\">ans un <\/span><a href=\"https:\/\/solidarites-sante.gouv.fr\/archives\/archives-presse\/archives-communiques-de-presse\/article\/confirmation-du-premier-cas-du-variant-d-afrique-du-sud-501-v2-en-france\" style=\"font-size: 1rem\" target=\"_blank\" rel=\"noopener\">communiqu&eacute;<\/a><span style=\"font-size: 1rem\"> du<\/span><strong style=\"font-size: 1rem\"> 31&nbsp;d&eacute;cembre 2020.<\/strong><\/p>\n<h2 id=\"quel-variant-en-chine-\">Quel variant en Chine ?<\/h2>\n<p>Une <strong>vague &eacute;pid&eacute;mique due aux variants Omicron s&eacute;vit en Chine <\/strong>depuis plusieurs mois, comportant une vague importante en Avril\/Mai 2022&nbsp;suivie d&#039;un plateau puis d&#039;une <strong>vague d&#039;intensit&eacute; majeure depuis l&#039;arr&ecirc;t des mesures barri&egrave;res <\/strong>&quot;Zero-Covid&quot;. La population a de fait une faible immunit&eacute; face au virus.&nbsp;<em>&quot;Les donn&eacute;es parcellaires de s&eacute;quen&ccedil;age disponibles sur la base internationale GISAID font &eacute;tat d&#039;une <strong>quasi-exclusivit&eacute; de variants Omicron et de la circulation de nombreux sous-variants BA.5<\/strong>&nbsp;de Omicron (<strong>essentiellement BF7,<\/strong> mais aussi des virus<strong> BQ1.1&nbsp;<\/strong>notamment), identiques &agrave; ceux ayant circul&eacute; en 2022&nbsp;en France et en Europe&quot;<\/em> informe le Comit&eacute; scientifique fran&ccedil;ais COVARS dans un <a href=\"https:\/\/www.vie-publique.fr\/sites\/default\/files\/rapport\/pdf\/287689.pdf\" target=\"_blank\" rel=\"noopener\">Avis publi&eacute; le 29 d&eacute;cembre 2022<\/a>. Pour ces sp&eacute;cialistes,<strong> <\/strong><em><strong>&quot;les variants susceptibles d&#039;&eacute;merger en Chine dans ce contexte de profil immunitaire diff&eacute;rent entre populations chinoise et europ&eacute;enne<\/strong>, pourraient ne pas avoir les caract&eacute;ristiques d&#039;&eacute;chappement immunitaire leur permettant de se propager ais&eacute;ment dans la population europ&eacute;enne. Cependant <strong>l&#039;&eacute;mergence de nouveaux variants d&#039;&eacute;chappement ne peut &ecirc;tre totalement &eacute;limin&eacute;e du fait de l&#039;ampleur de l&#039;&eacute;pid&eacute;mie et du risque zoonotique&quot;.<\/strong><\/em><\/p>\n<h2 id=\"quelle-est-la-liste-des-variants-du-covid-\">Quelle est la liste des variants du Covid ?<\/h2>\n<p><em>&#039;Les virus se caract&eacute;risent dans leur immense majorit&eacute; par une<strong> &eacute;volution g&eacute;n&eacute;tique constante, plus ou moins rapide selon les virus<\/strong>. Elle survient notamment suite &agrave; des mutations introduites dans leur g&eacute;nome. Pour un virus comme le SARS-CoV-2, l&#039;&eacute;mergence de variants au cours du temps est donc un ph&eacute;nom&egrave;ne attendu&quot; <\/em>rappelle Sant&eacute; Publique France.&nbsp;<span style=\"font-size: 1rem\">Les variants sont class&eacute;s en trois cat&eacute;gories selon leurs risques&nbsp;: <\/span><strong style=\"font-size: 1rem\">VOC, VOI et VUM par l&#039;<a href=\"https:\/\/www.who.int\/en\/activities\/tracking-SARS-CoV-2-variants\/\" target=\"_blank\" rel=\"noopener\">OMS<\/a>.<\/strong><\/p>\n<div class=\"ccminsert\">\n<aside class=\"app_widget_fo app_widget_fo--list app_widget_fo--list-2-col\">\n<ul>\n<li>\n<h3>                    <a href=\"https:\/\/sante.journaldesfemmes.fr\/fiches-maladies\/2857807-variant-covid-bq-1-1-nouveau-variant-covid-france\/\" class=\"jGTMWidgetGAEventClick\" data-GTMWidgetGaEventAction=\"clickWidgetListOnTwoColumns\" data-GTMWidgetGaEventLabel=\"Variant BQ 1.1\u00a0: 67% en France, sympt\u00f4mes, dangereux\u00a0?\">                        Variant BQ 1.1\u00a0: 67% en France, sympt\u00f4mes, dangereux\u00a0?                    <\/a>                <\/h3>\n<\/li>\n<li>\n<h3>                    <a href=\"https:\/\/sante.journaldesfemmes.fr\/fiches-maladies\/2789529-variant-xd-covid-symptomes-france\/\" class=\"jGTMWidgetGAEventClick\" data-GTMWidgetGaEventAction=\"clickWidgetListOnTwoColumns\" data-GTMWidgetGaEventLabel=\"Variant XD\u00a0(Deltracron)\u00a0: plus en France, c&#039;est quoi\u00a0?\">                        Variant XD\u00a0(Deltracron)\u00a0: plus en France, c&#039;est quoi\u00a0?                    <\/a>                <\/h3>\n<\/li>\n<li>\n<h3>                    <a href=\"https:\/\/sante.journaldesfemmes.fr\/fiches-maladies\/2777639-variant-ba2-covid-omicron-symptomes-france-dangerosite\/\" class=\"jGTMWidgetGAEventClick\" data-GTMWidgetGaEventAction=\"clickWidgetListOnTwoColumns\" data-GTMWidgetGaEventLabel=\"Variant BA.2\u00a0Covid\u00a0: sympt\u00f4mes, minoritaire en France\">                        Variant BA.2\u00a0Covid\u00a0: sympt\u00f4mes, minoritaire en France                    <\/a>                <\/h3>\n<\/li>\n<li>\n<h3>                    <a href=\"https:\/\/sante.journaldesfemmes.fr\/fiches-maladies\/2803893-variant-xe-covid-coronavirus-omicron-symptome-dangereux-france\/\" class=\"jGTMWidgetGAEventClick\" data-GTMWidgetGaEventAction=\"clickWidgetListOnTwoColumns\" data-GTMWidgetGaEventLabel=\"Variant XE\u00a0: sympt\u00f4mes, dangereux, c&#039;est quoi\u00a0?\">                        Variant XE\u00a0: sympt\u00f4mes, dangereux, c&#039;est quoi\u00a0?                    <\/a>                <\/h3>\n<\/li>\n<li>\n<h3>                    <a href=\"https:\/\/sante.journaldesfemmes.fr\/fiches-maladies\/2712479-variant-delta-covid-france-origine-symptomes-incubation\/\" class=\"jGTMWidgetGAEventClick\" data-GTMWidgetGaEventAction=\"clickWidgetListOnTwoColumns\" data-GTMWidgetGaEventLabel=\"Variant Delta\u00a0du Covid\u00a0: origine, sympt\u00f4mes, incubation\">                        Variant Delta\u00a0du Covid\u00a0: origine, sympt\u00f4mes, incubation                    <\/a>                <\/h3>\n<\/li>\n<li>\n<h3>                    <a href=\"https:\/\/sante.journaldesfemmes.fr\/fiches-maladies\/2755011-sous-variant-delta-ay-42-covid-cas-france-surveillance-oms-danger-royaume-uni\/\" class=\"jGTMWidgetGAEventClick\" data-GTMWidgetGaEventAction=\"clickWidgetListOnTwoColumns\" data-GTMWidgetGaEventLabel=\"Sous-variant Delta (AY.4.2)\u00a0: sympt\u00f4mes, en France, vaccin\">                        Sous-variant Delta (AY.4.2)\u00a0: sympt\u00f4mes, en France, vaccin                    <\/a>                <\/h3>\n<\/li>\n<li>\n<h3>                    <a href=\"https:\/\/sante.journaldesfemmes.fr\/fiches-maladies\/2693761-variant-beta-covid-en-france-symptomes-vaccin-carte-dangereux-nom\/\" class=\"jGTMWidgetGAEventClick\" data-GTMWidgetGaEventAction=\"clickWidgetListOnTwoColumns\" data-GTMWidgetGaEventLabel=\"Variant Beta\u00a0: en France, sympt\u00f4mes, vaccin\">                        Variant Beta\u00a0: en France, sympt\u00f4mes, vaccin                    <\/a>                <\/h3>\n<\/li>\n<li>\n<h3>                    <a href=\"https:\/\/sante.journaldesfemmes.fr\/fiches-maladies\/2695025-variant-bresilien-covid-19-gamma-france-contagion-dangereux-vaccins-transmission-symptomes-dangereux\/\" class=\"jGTMWidgetGAEventClick\" data-GTMWidgetGaEventAction=\"clickWidgetListOnTwoColumns\" data-GTMWidgetGaEventLabel=\"Variant br\u00e9silien (Gamma)\u00a0: en France, vaccin, sympt\u00f4mes\">                        Variant br\u00e9silien (Gamma)\u00a0: en France, vaccin, sympt\u00f4mes                    <\/a>                <\/h3>\n<\/li>\n<li>\n<h3>                    <a href=\"https:\/\/sante.journaldesfemmes.fr\/fiches-maladies\/2736849-variant-colombien-mu-b1621-covid-symptome-nom-france-vaccin-pfizer-oms\/\" class=\"jGTMWidgetGAEventClick\" data-GTMWidgetGaEventAction=\"clickWidgetListOnTwoColumns\" data-GTMWidgetGaEventLabel=\"Variant Mu\u00a0(colombien)\u00a0: nom, sympt\u00f4mes, en France, vaccin\">                        Variant Mu\u00a0(colombien)\u00a0: nom, sympt\u00f4mes, en France, vaccin                    <\/a>                <\/h3>\n<\/li>\n<li>\n<h3>                    <a href=\"https:\/\/sante.journaldesfemmes.fr\/fiches-maladies\/2739409-variant-c12-covid-coronavirus-france-afrique-du-sud-symptome-vaccin\/\" class=\"jGTMWidgetGAEventClick\" data-GTMWidgetGaEventAction=\"clickWidgetListOnTwoColumns\" data-GTMWidgetGaEventLabel=\"Variant C.1.2\u00a0Covid\u00a0: sympt\u00f4mes, cas en France, vaccin Covid\">                        Variant C.1.2\u00a0Covid\u00a0: sympt\u00f4mes, cas en France, vaccin Covid                    <\/a>                <\/h3>\n<\/li>\n<li>\n<h3>                    <a href=\"https:\/\/sante.journaldesfemmes.fr\/fiches-maladies\/2693187-variant-anglais-covid-france-c-est-quoi-contagion-vaccin-symptome-test-alpha-isolement-cas-contact\/\" class=\"jGTMWidgetGAEventClick\" data-GTMWidgetGaEventAction=\"clickWidgetListOnTwoColumns\" data-GTMWidgetGaEventLabel=\"Variant anglais (Alpha)\u00a0: sympt\u00f4mes, isolement, cas contact\">                        Variant anglais (Alpha)\u00a0: sympt\u00f4mes, isolement, cas contact                    <\/a>                <\/h3>\n<\/li>\n<li>\n<h3>                    <a href=\"https:\/\/sante.journaldesfemmes.fr\/fiches-maladies\/2729339-variant-lambda-covid-perou-origine-dangers-vaccin-pfizer-efficace-france\/\" class=\"jGTMWidgetGAEventClick\" data-GTMWidgetGaEventAction=\"clickWidgetListOnTwoColumns\" data-GTMWidgetGaEventLabel=\"Variant Lambda du Covid\u00a0: origine, dangers, France, vaccin\">                        Variant Lambda du Covid\u00a0: origine, dangers, France, vaccin                    <\/a>                <\/h3>\n<\/li>\n<li>\n<h3>                    <a href=\"https:\/\/sante.journaldesfemmes.fr\/fiches-maladies\/2697895-variant-californie-covid-france-mortel-epsilon-vaccin\/\" class=\"jGTMWidgetGAEventClick\" data-GTMWidgetGaEventAction=\"clickWidgetListOnTwoColumns\" data-GTMWidgetGaEventLabel=\"Variant Epsilon\u00a0: origine, vaccins, dangers, en France\u00a0?\">                        Variant Epsilon\u00a0: origine, vaccins, dangers, en France\u00a0?                    <\/a>                <\/h3>\n<\/li>\n<li>\n<h3>                    <a href=\"https:\/\/sante.journaldesfemmes.fr\/fiches-maladies\/2703433-variant-breton-c-est-quoi-detection-test-pcr-dgs-symptomes-indetectable-mort-deces-vaccin-nouveau\/\" class=\"jGTMWidgetGAEventClick\" data-GTMWidgetGaEventAction=\"clickWidgetListOnTwoColumns\" data-GTMWidgetGaEventLabel=\"Variant breton du Covid\u00a0: sympt\u00f4mes, test PCR, ind\u00e9tectable\">                        Variant breton du Covid\u00a0: sympt\u00f4mes, test PCR, ind\u00e9tectable                    <\/a>                <\/h3>\n<\/li>\n<li>\n<h3>                    <a href=\"https:\/\/sante.journaldesfemmes.fr\/fiches-maladies\/2719761-variant-vietnamien-hybride-nouveau-covid-cas-vietnam-france-dangereux-resistant-vaccin\/\" class=\"jGTMWidgetGAEventClick\" data-GTMWidgetGaEventAction=\"clickWidgetListOnTwoColumns\" data-GTMWidgetGaEventLabel=\"Variant vietnamien\u00a0: hybride, cas, plus dangereux\u00a0?\">                        Variant vietnamien\u00a0: hybride, cas, plus dangereux\u00a0?                    <\/a>                <\/h3>\n<\/li>\n<\/ul>\n<\/aside>\n<\/div>\n<p><strong>Variant pr&eacute;occupant, ou VOC (&quot; variant of concern &quot; en anglais)<\/strong>&nbsp;:&nbsp;Un variant pr&eacute;occupant du SARS-CoV-2&nbsp;est un variant qui r&eacute;pond &agrave; la d&eacute;finition du variant &agrave; suivre (voir ci-dessous) et dont on a montr&eacute;, au moyen d&#039;une &eacute;valuation comparative, qu&#039;il est associ&eacute; &agrave; un ou plusieurs des changements suivants, qui ont une certaine importance pour la sant&eacute; publique mondiale&nbsp;:<\/p>\n<ul>\n<li>Augmentation de la transmissibilit&eacute; ou &eacute;volution pr&eacute;judiciable de l&#039;&eacute;pid&eacute;miologie de la COVID\u201119&nbsp;; ou<\/li>\n<li>Augmentation de la virulence ou modification du tableau clinique ; ou<\/li>\n<li>Diminution de l&#039;efficacit&eacute; des mesures de sant&eacute; publique et sociales ou des outils de diagnostic, des vaccins et des traitements disponibles.<\/li>\n<\/ul>\n<div style=\"text-align:center\">\n<figure class=\"image\"><a class=\"fancy\" href=\"https:\/\/img-3.journaldesfemmes.fr\/qnjYPxgAk10IhWIVuNWJE_IqJLQ=\/1080x\/smart\/c3334d31f0894dd9b0b188b11b62fa53\/ccmcms-jdf\/36261401.jpg\"><img decoding=\"async\" alt=\"variant voc septembre 2022\" src=\"https:\/\/img-3.journaldesfemmes.fr\/lPpuny9sjv8qg2vb2M1Bif9HME0=\/600x\/smart\/c3334d31f0894dd9b0b188b11b62fa53\/ccmcms-jdf\/36261401.jpg\" \/><\/a><figcaption data-credit=\"OMS\" data-legend=\"Variant pr\u00e9occupant (VOC) circulant en ce moment, OMS, d\u00e9cembre 2022\">Variant pr&eacute;occupant (VOC) circulant en ce moment, OMS, d&eacute;cembre 2022 <small>&copy;&nbsp;OMS<\/small><\/figcaption><\/figure>\n<\/div>\n<div style=\"text-align:center\">\n<figure class=\"image\"><a class=\"fancy\" href=\"https:\/\/img-3.journaldesfemmes.fr\/2S3KuieyMmks5_Iuywp15YWNsUU=\/1080x\/smart\/d767668a8b7f4e4fb0916ba1e4bca4c0\/ccmcms-jdf\/37674228.jpg\"><img decoding=\"async\" alt=\"VOC circulant avant Omicron\" src=\"https:\/\/img-3.journaldesfemmes.fr\/Nfjji_MqIrGuth_W5CmmP65Gfs0=\/600x\/smart\/d767668a8b7f4e4fb0916ba1e4bca4c0\/ccmcms-jdf\/37674228.jpg\" \/><\/a><figcaption data-credit=\"OMS\" data-legend=\"Variant pr\u00e9occupant (VOC) circulant avant Omicron, OMS, d\u00e9cembre 2022\">Variant pr&eacute;occupant (VOC) circulant avant Omicron, OMS, d&eacute;cembre 2022 <small>&copy;&nbsp;OMS<\/small><\/figcaption><\/figure>\n<\/div>\n<p><strong>Variant &agrave; suivre, ou VOI (&quot;variant under investigation&quot; ou &quot;variant of interest&quot; en anglais)&nbsp;:&nbsp;<\/strong>Variant du SARS-CoV-2&nbsp;:<\/p>\n<ul>\n<li>qui pr&eacute;sente des modifications g&eacute;n&eacute;tiques dont on sait qu&#039;elles affectent ou dont on pr&eacute;voit qu&#039;elles affecteront les caract&eacute;ristiques du virus telles que la transmissibilit&eacute;, la gravit&eacute; de la maladie, l&#039;&eacute;chappement immunitaire, la capacit&eacute; d&#039;&eacute;chapper au diagnostic ou au traitement ; ET<\/li>\n<li>qui cause une transmission communautaire importante ou plusieurs foyers de COVID-19, dans plusieurs pays, entra&icirc;nant une pr&eacute;valence relative croissante ainsi qu&#039;une augmentation du nombre de cas dans le temps, ou d&#039;autres cons&eacute;quences &eacute;pid&eacute;miologiques observables qui font craindre un risque &eacute;mergent pour la sant&eacute; publique mondiale.&nbsp;<\/li>\n<\/ul>\n<div style=\"text-align:center\">\n<figure class=\"image\"><a class=\"fancy\" href=\"https:\/\/img-3.journaldesfemmes.fr\/EEkTAvJ2ekIXF8hlxgXVfOkMSE4=\/1080x\/smart\/0d09008ceef24941bbd9208154a759f8\/ccmcms-jdf\/36261426.jpg\"><img decoding=\"async\" alt=\"variant VOI juillet 2022\" src=\"https:\/\/img-3.journaldesfemmes.fr\/4btYvJ8Ns5HFtxtTI2VC9T956Xg=\/600x\/smart\/0d09008ceef24941bbd9208154a759f8\/ccmcms-jdf\/36261426.jpg\" \/><\/a><figcaption data-credit=\"OMS\" data-legend=\"Variant VOI juillet 2022\">Variant VOI juillet 2022 <small>&copy;&nbsp;OMS<\/small><\/figcaption><\/figure>\n<\/div>\n<h2 id=\"le-variant-xbb\">Le variant XBB<\/h2>\n<p>Le variant XBB&nbsp;est un <strong>recombinant issu des sous-lignages d&#039;Omicron BJ.1&nbsp;<\/strong>(sous-lignage de BA.2.10) et BM.1.1.1&nbsp;(sous-lignage de BA.2.75). XBB et ses sous-lignages <strong>circulent largement en Asie, en particulier &agrave; Singapour, en Inde,<\/strong> en Malaisie et en Indon&eacute;sie, et plus faiblement dans les autres r&eacute;gions du monde. Il est d&eacute;tect&eacute;<strong><em> &quot;&agrave; bas bruit en France m&eacute;tropolitaine&quot;<\/em><\/strong> selon Sant&eacute; Publique France. XBB<em> &quot;se caract&eacute;rise&nbsp;par une capacit&eacute; d&#039;&eacute;chappement accrue &agrave; la neutralisation par les anticorps post-vaccinaux, post-infection et monoclonaux th&eacute;rapeutiques&quot;<\/em> a indiqu&eacute; l&#039;agence&nbsp;dans l&#039;analyse publi&eacute;e fin d&eacute;cembre. Pour autant <strong><em>&quot;XBB&nbsp;n&#039;a&nbsp;pas &eacute;t&eacute; associ&eacute;&nbsp;&agrave; des signaux pr&eacute;occupants en terme de pr&eacute;sentation clinique ou de s&eacute;v&eacute;rit&eacute;&quot;.<\/em><\/strong><\/p>\n<h2 id=\"le-variant-delta\">Le variant Omicron<\/h2>\n<p>Le variant Omicron a &eacute;t&eacute; class&eacute; VOC par l&#039;OMS le 26&nbsp;novembre 2021. Ce variant moins virulent que les variants pr&eacute;c&eacute;dents est beaucoup plus contagieux. Il est rapidement devenu <strong>dominant en France entre novembre 2021&nbsp;et janvier 2022 <\/strong>pour totalement remplacer le variant Delta <strong>en 2022. Il est toujours majoritaire en d&eacute;cembre 2022.<\/strong><\/p>\n<div class=\"ccminsert\">\n<aside class=\"app_widget_fo app_widget_fo--call\">\n<ul>\n<li>                <a href=\"https:\/\/sante.journaldesfemmes.fr\/fiches-maladies\/2761129-variant-omicron-covid-france-symptome-incubation\/\" class=\"jGTMWidgetGAEventClick\" data-GTMWidgetGaEventAction=\"clickWidgetCall\" data-GTMWidgetGaEventLabel=\"Variant Omicron\u00a0: sympt\u00f4mes, incubation, contagion\"><br \/>\n<figure>                                                                                                                                        <img decoding=\"async\" src=\"https:\/\/img-3.journaldesfemmes.fr\/WamnHLxsMJbnhzFLobN2K2FVmA8=\/200x132\/smart\/224ec52bbe594c34a6ed532132b49367\/ccmcms-jdf\/39453352.jpg\" alt=\"\" width=\"200\" height=\"132\" loading=\"lazy\"><figcaption>\n<h3>Variant Omicron\u00a0: sympt\u00f4mes, incubation, contagion<\/h3>\n<p>Le variant Omicron du Covid est majoritaire en France via le sous-lignage BA5\u00a0mais celui-ci est en train d&#039;\u00eatre remplac\u00e9 par le BQ.1.1\u00a0(67%). Omicron est le variant le plus contagieux du Covid. Quels sont les sympt\u00f4mes\u00a0? Quelle dur\u00e9e d&#039;incubation\u00a0?<\/p>\n<\/figcaption><\/figure>\n<p>                <\/a>            <\/li>\n<\/ul>\n<\/aside>\n<\/div>\n<div class=\"ccminsert\">\n<aside class=\"app_widget_fo app_widget_fo--call\">\n<ul>\n<li>                <a href=\"https:\/\/sante.journaldesfemmes.fr\/fiches-maladies\/2822907-variant-covid-ba5-symptomes-incubation-transmission\/\" class=\"jGTMWidgetGAEventClick\" data-GTMWidgetGaEventAction=\"clickWidgetCall\" data-GTMWidgetGaEventLabel=\"Variant BA5\u00a0Covid\u00a0: sympt\u00f4mes, contagion, immunit\u00e9\"><br \/>\n<figure>                                                                                                                                        <img decoding=\"async\" src=\"https:\/\/img-3.journaldesfemmes.fr\/ps7qR2gVlxgb1hDBrPhp0XyJt1g=\/200x132\/smart\/8a22d8b2052544d3a836691f90e2dd25\/ccmcms-jdf\/39453355.jpg\" alt=\"\" width=\"200\" height=\"132\" loading=\"lazy\"><figcaption>\n<h3>Variant BA5\u00a0Covid\u00a0: sympt\u00f4mes, contagion, immunit\u00e9<\/h3>\n<p>VARIANT COVID ACTUEL. BA.5, sous-variant d&#039;Omicron,\u00a0est toujours majoritaire en France et dans le monde mais tend \u00e0 \u00eatre remplac\u00e9 par son sous-lignage dominant, le BQ.1.1.<\/p>\n<\/figcaption><\/figure>\n<p>                <\/a>            <\/li>\n<\/ul>\n<\/aside>\n<\/div>\n<h2 id=\"le-variant-bq-11\">Le variant BQ 1.1<\/h2>\n<p>Le variant BQ 1.1 circule en France depuis octobre 2022. Le 1er d&eacute;cembre, ce sous-lignage d&#039;Omicron BA.5 <strong>continuait d&#039;augmenter en France&nbsp;avec 49% des s&eacute;quences<\/strong> interpr&eacute;tables.<\/p>\n<div class=\"ccminsert\">\n<aside class=\"app_widget_fo app_widget_fo--call\">\n<ul>\n<li>                <a href=\"https:\/\/sante.journaldesfemmes.fr\/fiches-maladies\/2857807-variant-covid-bq-1-1-nouveau-variant-covid-france\/\" class=\"jGTMWidgetGAEventClick\" data-GTMWidgetGaEventAction=\"clickWidgetCall\" data-GTMWidgetGaEventLabel=\"Variant BQ 1.1\u00a0: 67% en France, sympt\u00f4mes, dangereux\u00a0?\"><br \/>\n<figure>                                                                                                                                        <img decoding=\"async\" src=\"https:\/\/img-3.journaldesfemmes.fr\/alwxbauaAcrPJ4qZlMv4Qz9z3Pw=\/200x132\/smart\/8abd030bd9494a9a86f47e569b324bf9\/ccmcms-jdf\/39453350.jpg\" alt=\"\" width=\"200\" height=\"132\" loading=\"lazy\"><figcaption>\n<h3>Variant BQ 1.1\u00a0: 67% en France, sympt\u00f4mes, dangereux\u00a0?<\/h3>\n<p>NOUVEAU VARIANT COVID. Le variant Covid Omicron BQ 1.1\u00a0continue de progresser en France. Il est retrouv\u00e9 dans 67% des tests mi d\u00e9cembre.<\/p>\n<\/figcaption><\/figure>\n<p>                <\/a>            <\/li>\n<\/ul>\n<\/aside>\n<\/div>\n<h2 id=\"cest-quoi-les-mutations-l452-et-k417n-\">C&#039;est quoi les mutations L452&nbsp;et K417N&nbsp;?<\/h2>\n<p>En France, les laboratoires ne recherchent plus directement le variant lors d&#039;un d&eacute;pistage positif &agrave; la Covid mais la pr&eacute;sence de mutations caract&eacute;ristiques de tel ou tel variant. Actuellement,&nbsp;les indicateurs suivis sont la pr&eacute;sence de la <strong>mutation E484K<\/strong> (A1), la pr&eacute;sence de <strong>mutations en position L452<\/strong>&nbsp;<strong>(C1)<\/strong> et la pr&eacute;sence d&#039;une <strong>mutation associ&eacute;e &agrave; Omicron<\/strong> (del69-70&nbsp;et\/ou<strong> K417N <\/strong>et\/ou S371L-S373P et\/ou Q493R, <strong>D1)<\/strong>.&nbsp;Le criblage C1&nbsp;(li&eacute;e &agrave; la mutation<strong> L452) <\/strong>a &eacute;t&eacute; utilis&eacute; lors de la circulation du variant Delta. Il correspond aujourd&#039;hui majoritairement aux sous-lignages d&#039;Omicron<strong> BA.5&nbsp;<\/strong>et, dans une <strong>moindre mesure, BA.4<\/strong>. A date :&nbsp;<\/p>\n<p>\u25ba La proportion de pr&eacute;l&egrave;vements ayant un r&eacute;sultat de criblage compatible avec <strong>Omicron <\/strong>(<strong>D1<\/strong>) <strong>est de 99%.<\/strong><\/p>\n<p>\u25ba La proportion de d&eacute;tection de la mutation <strong>E484K (A1) se maintient &agrave; des niveaux tr&egrave;s faibles<\/strong> (0.1% des tests cribl&eacute;s).<\/p>\n<p>\u25ba La proportion de d&eacute;tection de mutations en position <strong>L452&nbsp;(C1)<\/strong> s&#039;est stabilis&eacute;e &agrave; des niveaux &eacute;lev&eacute;s (93% des pr&eacute;l&egrave;vements).<\/p>\n<p>\u25ba La d&eacute;tection de la <strong>mutation R346T, <\/strong>dont une augmentation de la d&eacute;tection avait &eacute;t&eacute; not&eacute;e dans les pr&eacute;c&eacute;dentes analyses de risque, semble <strong>se stabiliser.<\/strong><\/p>\n<p>\u25ba<strong> <\/strong>Une dynamique similaire de stabilisation est observ&eacute;e pour les mutations K444T et N460K.<\/p>\n<h2 id=\"cest-quoi-le-variant-centaure-\">Quels sont les noms des variants du Covid ?<\/h2>\n<p>Le 31 mai 2021,<strong> l&#039;OMS<\/strong> a d&eacute;cid&eacute; de renommer les variants principaux de Covid <strong>avec des lettres grecques<\/strong>&nbsp;(c&#039;est-&agrave;-dire Alpha, Beta, Gamma&#8230;) afin de faciliter leur prononciation,&nbsp;de les retenir plus facilement et d&#039;&eacute;viter aussi leur association <em>&quot;stigmatisation et discriminatoire&quot; <\/em>avec les pays o&ugrave; ils ont &eacute;merg&eacute; (comme on a appel&eacute; le variant &quot;anglais&quot;, le variant &quot;indien&quot;&#8230;), a expliqu&eacute; l&#039;autorit&eacute; dans un <a href=\"https:\/\/www.who.int\/news\/item\/31-05-2021-who-announces-simple-easy-to-say-labels-for-sars-cov-2-variants-of-interest-and-concern\" target=\"_blank\" rel=\"noopener\">communiqu&eacute;<\/a>.&nbsp;Ces nouveaux noms&nbsp;ne remplaceront pas les noms scientifiques existants (par exemple ceux attribu&eacute;s par GISAID, Nextstrain et Pango), qui v&eacute;hiculent des informations scientifiques importantes et continueront &agrave; &ecirc;tre utilis&eacute;s dans la recherche (comme B.1.1.7 pour le variant dit &quot;anglais&quot;).&nbsp;L&#039;<strong>alphabet grec compte 24&nbsp;lettres.<\/strong><strong> <\/strong><\/p>\n<table border=\"1\" cellpadding=\"1\" cellspacing=\"1\">\n<thead>\n<tr>\n<th scope=\"col\">Num&eacute;ro des lettres<\/th>\n<th scope=\"col\">Nom des lettres dans l&#039;alphabet grec (en gras les noms utilis&eacute;s pour les variants du Covid)<\/th>\n<\/tr>\n<tr>\n<td>1<\/td>\n<td><strong>Alpha<\/strong><\/td>\n<\/tr>\n<tr>\n<td>2<\/td>\n<td><strong>B&ecirc;ta<\/strong><\/td>\n<\/tr>\n<tr>\n<td>3<\/td>\n<td><strong>Gamma<\/strong><\/td>\n<\/tr>\n<tr>\n<td>4<\/td>\n<td><strong>Delta<\/strong><\/td>\n<\/tr>\n<tr>\n<td>5<\/td>\n<td><strong>Epsilon<\/strong><\/td>\n<\/tr>\n<tr>\n<td>6<\/td>\n<td><strong>Z&ecirc;ta<\/strong><\/td>\n<\/tr>\n<tr>\n<td>7<\/td>\n<td><strong>Eta<\/strong><\/td>\n<\/tr>\n<tr>\n<td>8<\/td>\n<td><strong>Th&ecirc;ta<\/strong><\/td>\n<\/tr>\n<tr>\n<td>9<\/td>\n<td><strong>Iota<\/strong><\/td>\n<\/tr>\n<tr>\n<td>10<\/td>\n<td><strong>Kappa<\/strong><\/td>\n<\/tr>\n<tr>\n<td>11<\/td>\n<td><strong>Lambda<\/strong><\/td>\n<\/tr>\n<tr>\n<td>12<\/td>\n<td><strong>Mu<\/strong><\/td>\n<\/tr>\n<tr>\n<td>13<\/td>\n<td>Nu<\/td>\n<\/tr>\n<tr>\n<td>14<\/td>\n<td>KSI\/Xi<\/td>\n<\/tr>\n<tr>\n<td>15<\/td>\n<td><strong>Omicron<\/strong><\/td>\n<\/tr>\n<tr>\n<td>16<\/td>\n<td>Pi<\/td>\n<\/tr>\n<tr>\n<td>17<\/td>\n<td>Rh&ocirc;<\/td>\n<\/tr>\n<tr>\n<td>18<\/td>\n<td>Sigma<\/td>\n<\/tr>\n<tr>\n<td>19<\/td>\n<td>Tau<\/td>\n<\/tr>\n<tr>\n<td>20<\/td>\n<td>Upsilon<\/td>\n<\/tr>\n<tr>\n<td>21<\/td>\n<td>Phi<\/td>\n<\/tr>\n<tr>\n<td>22<\/td>\n<td>Khi\/Chi<\/td>\n<\/tr>\n<tr>\n<td>23<\/td>\n<td>Psi<\/td>\n<\/tr>\n<tr>\n<td>24<\/td>\n<td>Om&eacute;ga<\/td>\n<\/tr>\n<\/thead>\n<\/table>\n<p>\u25ba <a href=\"https:\/\/www.who.int\/en\/activities\/tracking-SARS-CoV-2-variants\/\" target=\"_blank\" rel=\"noopener\">Liste compl&egrave;te des noms de tous les variants du Covid<\/a><\/p>\n<h2 id=\"quels-sont-leurs-dangers\">Les variants du Covid sont-ils dangereux ?<\/h2>\n<p>La mutation d&#039;un virus ne signifie pas forc&eacute;ment qu&#039;il soit plus dangereux. Une mutation peut rendre un virus plus contagieux donc faire plus de malades sans &ecirc;tre plus graves pour les personnes contamin&eacute;es. Cependant,<strong> plus il y a de cas, plus la pression hospitali&egrave;re est forte et plus la mortalit&eacute; s&#039;&eacute;l&egrave;ve<\/strong>.&nbsp;<\/p>\n<table border=\"1\" cellpadding=\"1\" cellspacing=\"1\" style=\"width:100%\">\n<thead>\n<tr>\n<th scope=\"col\" style=\"text-align: center\">Nom<\/th>\n<th scope=\"col\" style=\"text-align: center\">Impact en sant&eacute; publique<\/th>\n<\/tr>\n<tr>\n<td><strong>Variant Omicron<\/strong><\/td>\n<td>\n<p>70% plus contagieux que le Delta (donn&eacute;es sud-africaines et &eacute;cossaises)<\/p>\n<p>Risque 5&nbsp;fois plus &eacute;lev&eacute; de r&eacute;infection que Delta<\/p>\n<p>R&eacute;duction de 70-80% du risque d&#039;hospitalisation&nbsp; (donn&eacute;es sud-africaines et &eacute;cossaises)<\/p>\n<p>Formes moins s&eacute;v&egrave;res que Delta<\/p>\n<\/td>\n<\/tr>\n<\/thead>\n<\/table>\n<h2 id=\"quelle-est-la-contagiosite-des-variants-du-covid-\">Quelle est la contagiosit&eacute; des variants du Covid ?<\/h2>\n<p>Dans une analyse de risque li&eacute;e aux variants &eacute;mergents de SARS-CoV-2&nbsp;r&eacute;alis&eacute;e avec&nbsp;le CNR des virus des infections respiratoires, Sant&eacute; publique France indique les risques de transmissibilit&eacute; des variants Covid pr&eacute;occupants par rapport &agrave; la souche initiale. Pour le variant Omicron<em>&nbsp;&quot;les analyses r&eacute;alis&eacute;es &agrave; l&#039;international ont confirm&eacute; qu&#039;<strong>Omicron pr&eacute;sente un taux de croissance jusqu&#039;&agrave; 3,7&nbsp;fois plus &eacute;lev&eacute; que Delta<\/strong>&quot;<\/em>&nbsp;a inform&eacute; Sant&eacute; Publique France le 5 janvier.&nbsp;<\/p>\n<table border=\"1\" cellpadding=\"1\" cellspacing=\"1\" style=\"width:100%\">\n<thead>\n<tr>\n<th scope=\"col\" style=\"text-align: center\">Variant Alpha&nbsp;<\/th>\n<th scope=\"col\" style=\"text-align: center\"><strong>Variant Beta&nbsp;<\/strong><\/th>\n<th scope=\"col\" style=\"text-align: center\"><strong>Variant br&eacute;silien Gamma&nbsp;<\/strong><\/th>\n<th scope=\"col\" style=\"text-align: center\">Variant Delta<\/th>\n<th scope=\"col\" style=\"text-align: center\">Variant Omicron<\/th>\n<th scope=\"col\" style=\"text-align: center\">Variant Omicron BA2<\/th>\n<\/tr>\n<\/thead>\n<tbody>\n<tr>\n<td style=\"text-align: center\">+29% par rapport &agrave; la souche initiale du Sars-Cov-2<\/td>\n<td style=\"text-align: center\">+25%&nbsp; par rapport &agrave; la souche initiale du Sars-Cov-2<\/td>\n<td style=\"text-align: center\">+38%&nbsp; par rapport &agrave; la souche initiale du Sars-Cov-2<\/td>\n<td style=\"text-align: center\">+97%&nbsp; par rapport &agrave; la souche initiale du Sars-Cov-2&nbsp;<\/td>\n<td style=\"text-align: center\">+30% par rapport au variant Delta<\/td>\n<td style=\"text-align: center\">+30% par rapport &agrave; Omicron initial (BA1)<\/td>\n<\/tr>\n<\/tbody>\n<\/table>\n<h2 id=\"quels-sont-les-symptomes\">Quels sont les sympt&ocirc;mes des variants du Covid&nbsp;?<\/h2>\n<p>Selon les observations, les signes cliniques observ&eacute;s chez les personnes positives au variant du coronavirus n&#039;ont pas diff&eacute;r&eacute; des signes observ&eacute;s avec le virus originel. Avec le variant <strong>Omicron<\/strong>, cependant, les sp&eacute;cialistes ont rapport&eacute; des<strong> formes plus b&eacute;nignes<\/strong> de la maladie, des <strong>maux de t&ecirc;te, une grosse fatigue<\/strong>, un <strong>rhume <\/strong>ou une <strong>grippe<\/strong>, et moins de formes s&eacute;v&egrave;res &agrave; type de pneumopathies qu&#039;observ&eacute;es auparavant.<\/p>\n<div class=\"ccminsert\">\n<aside class=\"app_widget_fo app_widget_fo--call\">\n<ul>\n<li>                <a href=\"https:\/\/sante.journaldesfemmes.fr\/fiches-maladies\/2630075-symptomes-covid-janvier-2023-que-faire\/\" class=\"jGTMWidgetGAEventClick\" data-GTMWidgetGaEventAction=\"clickWidgetCall\" data-GTMWidgetGaEventLabel=\"Sympt\u00f4mes Covid\u00a0: janvier 2023, gorge, rhume, que faire\u00a0?\"><br \/>\n<figure>                                                                                                                                        <img decoding=\"async\" src=\"https:\/\/img-3.journaldesfemmes.fr\/Lc-TCSf5kWx12qPXNX4JeIKH5o0=\/200x132\/smart\/c316c3f2cd9f417dbc749f267efb0b65\/ccmcms-jdf\/39457286.jpg\" alt=\"\" width=\"200\" height=\"132\" loading=\"lazy\"><figcaption>\n<h3>Sympt\u00f4mes Covid\u00a0: janvier 2023, gorge, rhume, que faire\u00a0?<\/h3>\n<p>Les sympt\u00f4mes Covid rapport\u00e9s en ce d\u00e9but d&#039;ann\u00e9e 2023\u00a0sont toujours li\u00e9s \u00e0 la contamination du variant Omicron. L&#039;infection se traduit par une maladie aigu\u00eb f\u00e9brile, avec des sympt\u00f4mes essentiellement ORL (rhume, mal de gorge).<\/p>\n<\/figcaption><\/figure>\n<p>                <\/a>            <\/li>\n<\/ul>\n<\/aside>\n<\/div>\n<h2 id=\"comment-savoir-si-on-est-contamine-par-un-variant\">Comment savoir si on est contamin&eacute; par un variant&nbsp;?<\/h2>\n<p>La strat&eacute;gie de d&eacute;pistage des variants a &eacute;volu&eacute; au fil des virus observ&eacute;s.&nbsp;Sant&eacute; publique France et ses partenaires ont mis en place un syst&egrave;me de surveillance de l&#039;&eacute;pid&eacute;mie de Covid-19&nbsp;et de ses variants. Cette surveillance des variants s&#039;appuie sur deux m&eacute;thodes compl&eacute;mentaires&nbsp;: le<strong> criblage et le s&eacute;quen&ccedil;age.&nbsp;<\/strong>L&#039;objectif du criblage est d&#039;<strong>identifier les mutations<\/strong> permettant de suspecter certains variants connus, dans un d&eacute;lai d&#039;environ 24&nbsp;heures apr&egrave;s le diagnostic de l&#039;infection. Les r&eacute;sultats remontent &agrave; Sant&eacute; publique France via le syst&egrave;me d&#039;information SIDEP et permettent de produire des indicateurs aidant au suivi, de mani&egrave;re tr&egrave;s r&eacute;active, de la <strong>suspicion des principaux variants qui circulent sur le territoire<\/strong>.&nbsp;Le s&eacute;quen&ccedil;age est la<strong> m&eacute;thode de r&eacute;f&eacute;rence permettant de confirmer les suspicions de variant<\/strong>. L&#039;objectif du s&eacute;quen&ccedil;age est de caract&eacute;riser avec certitude le type de variant responsable de l&#039;infection.&nbsp;<\/p>\n<div class=\"ccminsert\">\n<aside class=\"app_widget_fo app_widget_fo--call\">\n<ul>\n<li>                <a href=\"https:\/\/sante.journaldesfemmes.fr\/fiches-maladies\/2623965-test-covid-prix-antigenique-pcr-pharmacie\/\" class=\"jGTMWidgetGAEventClick\" data-GTMWidgetGaEventAction=\"clickWidgetCall\" data-GTMWidgetGaEventLabel=\"Test Covid\u00a0: PCR, antig\u00e9nique, en pharmacie, quand\u00a0?\"><br \/>\n<figure>                                                                                                                                        <img decoding=\"async\" src=\"https:\/\/img-3.journaldesfemmes.fr\/lQavpa5gH8XWmjoAARo2LifzuOU=\/200x132\/smart\/f36e57bc00cd42c484ee378f4fcfc9bf\/ccmcms-jdf\/39371851.jpg\" alt=\"\" width=\"200\" height=\"132\" loading=\"lazy\"><figcaption>\n<h3>Test Covid\u00a0: PCR, antig\u00e9nique, en pharmacie, quand\u00a0?<\/h3>\n<p>Pr\u00e8s de 30% des tests Covid sont positifs. Quand se tester\u00a0? Est-ce possible sans rendez-vous\u00a0? En laboratoire\u00a0? Pharmacie\u00a0? Payant ou gratuit\u00a0? Pour les enfants\u00a0? Quel prix\u00a0?<\/p>\n<\/figcaption><\/figure>\n<p>                <\/a>            <\/li>\n<\/ul>\n<\/aside>\n<\/div>\n<ul><\/ul>\n<ul><\/ul>\n<h2 id=\"les-vaccins-sont-ils-efficaces-\">Les vaccins sont-ils efficaces ?<\/h2>\n<p>Le <strong>variant Omicron est caract&eacute;ris&eacute; par un avantage de transmission<\/strong> par rapport aux variants circulants pr&eacute;c&eacute;demment, en particulier le variant Delta qui &eacute;tait majoritaire lors de l&#039;&eacute;mergence d&#039;Omicron. Cet avantage explique le remplacement rapide de Delta par Omicron observ&eacute; &agrave; l&#039;&eacute;chelle mondiale. Si une part de cet avantage de transmissibilit&eacute; est intrins&egrave;que &agrave; Omicron, qui pr&eacute;sente &eacute;galement une stabilit&eacute; accrue dans l&#039;environnement, un facteur majeur est l&#039;important<strong> &eacute;chappement d&#039;Omicron &agrave; la r&eacute;ponse immunitaire.<\/strong>&nbsp;Cet &eacute;chappement est&nbsp;associ&eacute; &agrave; des<strong> taux de r&eacute;infection par Omicron<\/strong> <strong>plus &eacute;lev&eacute;s que pour les variants circulant pr&eacute;c&eacute;demment<\/strong>. Les &eacute;tudes in vitro ont montr&eacute; une <strong>s&eacute;roneutralisation r&eacute;duite d&#039;Omicron par les anticorps post-vaccinaux et post-infection. <\/strong>Une<strong><em> &quot;diminution suppl&eacute;mentaire de la neutralisation par les anticorps post-vaccinaux et post-infectieux&quot; <\/em><\/strong>a &eacute;t&eacute; observ&eacute;e avec les sous-lignages circulant fin 2022 comme le <strong>BQ 1.1 <\/strong>ce qui<strong><em> &quot;pourraient contribuer &agrave; l&#039;avantage comp&eacute;titif&quot;<\/em><\/strong> de ce variant, indique Sant&eacute; Publique France dans l&#039;analyse de risque des variants du 16 novembre.<\/p>\n<div class=\"ccminsert\">\n<aside class=\"app_widget_fo app_widget_fo--call\">\n<ul>\n<li>                <a href=\"https:\/\/sante.journaldesfemmes.fr\/fiches-maladies\/2620433-differences-pfizer-ou-moderna-lequel-choisir\/\" class=\"jGTMWidgetGAEventClick\" data-GTMWidgetGaEventAction=\"clickWidgetCall\" data-GTMWidgetGaEventLabel=\"Pfizer ou Moderna\u00a0: quelles diff\u00e9rences\u00a0?\"><br \/>\n<figure>                                                                                                                                        <img decoding=\"async\" src=\"https:\/\/img-3.journaldesfemmes.fr\/nuJax6ZiDgY4uIFeKpriGtKlM8Q=\/200x132\/smart\/77a9b2e5ac6d4570b377c53e3648821d\/ccmcms-jdf\/30433019.jpg\" alt=\"\" width=\"200\" height=\"132\" loading=\"lazy\"><figcaption>\n<h3>Pfizer ou Moderna\u00a0: quelles diff\u00e9rences\u00a0?<\/h3>\n<p>Seuls les vaccins de Pfizer et Moderna peuvent \u00eatre administr\u00e9s en rappel contre le coronavirus. Quelles diff\u00e9rences\u00a0? Lequel choisir\u00a0? Et pour une premi\u00e8re vaccination\u00a0? Quel est le plus efficace\u00a0? Contre les variants\u00a0?<\/p>\n<\/figcaption><\/figure>\n<p>                <\/a>            <\/li>\n<\/ul>\n<\/aside>\n<\/div>\n<div class=\"ccminsert\">\n<aside class=\"app_widget_fo app_widget_fo--gallery\">\n<ul>\n<li>                    <a href=\"https:\/\/sante.journaldesfemmes.fr\/fiches-maladies\/2774385-4eme-dose-vaccin-covid-19-france-effets-secondaires-pour-qui\/\" class=\"jGTMWidgetGAEventClick\" data-GTMWidgetGaEventAction=\"clickWidgetGalleryList\" data-GTMWidgetGaEventLabel=\"4\u00e8me dose vaccin Covid\u00a0: pour qui, quels effets secondaires\u00a0?\"><br \/>\n<figure>                                                                                                                                                                                <img decoding=\"async\" src=\"https:\/\/img-3.journaldesfemmes.fr\/3l8fyeA4PCFOKPrNiDpeeJPh_TA=\/225x150\/smart\/95305b23962840c7bfcac8e40c2d86c4\/ccmcms-jdf\/39457258.jpg\" alt=\"\" width=\"225\" height=\"150\" loading=\"lazy\"><figcaption>\n<h3>4\u00e8me dose vaccin Covid\u00a0: pour qui, quels effets secondaires\u00a0?<\/h3>\n<\/figcaption><\/figure>\n<p>                    <\/a>                <\/li>\n<li>                    <a href=\"https:\/\/sante.journaldesfemmes.fr\/fiches-maladies\/2854757-5eme-dose-de-vaccin-covid\/\" class=\"jGTMWidgetGAEventClick\" data-GTMWidgetGaEventAction=\"clickWidgetGalleryList\" data-GTMWidgetGaEventLabel=\"5\u00e8me dose de vaccin Covid\u00a0: pour qui, \u00e0 quoi \u00e7a correspond\u00a0?\"><br \/>\n<figure>                                                                                                                                                                                <img decoding=\"async\" src=\"https:\/\/img-3.journaldesfemmes.fr\/gvhne0wQrcxbSMIbw04sRujO-HI=\/225x150\/smart\/82f665d484184ca0823f271a1cac5b8d\/ccmcms-jdf\/39453366.jpg\" alt=\"\" width=\"225\" height=\"150\" loading=\"lazy\"><figcaption>\n<h3>5\u00e8me dose de vaccin Covid\u00a0: pour qui, \u00e0 quoi \u00e7a correspond\u00a0?<\/h3>\n<\/figcaption><\/figure>\n<p>                    <\/a>                <\/li>\n<li>                    <a href=\"https:\/\/sante.journaldesfemmes.fr\/fiches-maladies\/2719947-vaccination-covid-enfant-coronavirus-mineur-age-autorisation-parentale\/\" class=\"jGTMWidgetGAEventClick\" data-GTMWidgetGaEventAction=\"clickWidgetGalleryList\" data-GTMWidgetGaEventLabel=\"Vaccin Covid Enfant\u00a0: doses, rappel, \u00e2ge, pour qui\u00a0?\"><br \/>\n<figure>                                                                                                                                                                                <img decoding=\"async\" src=\"https:\/\/img-3.journaldesfemmes.fr\/YqgROF0yIWDZt9qc7-lAQhLSNEk=\/225x150\/smart\/d098695650d040dcab0e1b38973fa033\/ccmcms-jdf\/39450583.jpg\" alt=\"\" width=\"225\" height=\"150\" loading=\"lazy\"><figcaption>\n<h3>Vaccin Covid Enfant\u00a0: doses, rappel, \u00e2ge, pour qui\u00a0?<\/h3>\n<\/figcaption><\/figure>\n<p>                    <\/a>                <\/li>\n<li>                    <a href=\"https:\/\/sante.journaldesfemmes.fr\/fiches-maladies\/2713339-vaccin-novavax-covid-france-rappel\/\" class=\"jGTMWidgetGAEventClick\" data-GTMWidgetGaEventAction=\"clickWidgetGalleryList\" data-GTMWidgetGaEventLabel=\"Vaccin Novavax Covid\u00a0: c&#039;est quoi, pour qui, en rappel\u00a0?\"><br \/>\n<figure>                                                                                                                                                                                <img decoding=\"async\" src=\"https:\/\/img-3.journaldesfemmes.fr\/12OayB1R083Rjo5BjYotRWHp9V8=\/225x150\/smart\/948809f0347545ec8017e60dc87eece0\/ccmcms-jdf\/39448290.jpg\" alt=\"\" width=\"225\" height=\"150\" loading=\"lazy\"><figcaption>\n<h3>Vaccin Novavax Covid\u00a0: c&#039;est quoi, pour qui, en rappel\u00a0?<\/h3>\n<\/figcaption><\/figure>\n<p>                    <\/a>                <\/li>\n<li>                    <a href=\"https:\/\/sante.journaldesfemmes.fr\/fiches-maladies\/2692391-vaccin-covid-sanofi-gsk-quand-france-rappel-has-2022\/\" class=\"jGTMWidgetGAEventClick\" data-GTMWidgetGaEventAction=\"clickWidgetGalleryList\" data-GTMWidgetGaEventLabel=\"Vaccin Sanofi Covid\u00a0: en dose rappel, quand, c&#039;est quoi\u00a0?\"><br \/>\n<figure>                                                                                                                                                                                <img decoding=\"async\" src=\"https:\/\/img-3.journaldesfemmes.fr\/7jJaYWRvs2zRhYz14PBuxcr1R-8=\/225x150\/smart\/bd6c903c14d140dc9df43755251d957d\/ccmcms-jdf\/39444618.jpg\" alt=\"\" width=\"225\" height=\"150\" loading=\"lazy\"><figcaption>\n<h3>Vaccin Sanofi Covid\u00a0: en dose rappel, quand, c&#039;est quoi\u00a0?<\/h3>\n<\/figcaption><\/figure>\n<p>                    <\/a>                <\/li>\n<li>                    <a href=\"https:\/\/sante.journaldesfemmes.fr\/fiches-maladies\/2754101-vaccins-covid-et-grippe-2022-simultane-delai\/\" class=\"jGTMWidgetGAEventClick\" data-GTMWidgetGaEventAction=\"clickWidgetGalleryList\" data-GTMWidgetGaEventLabel=\"Vaccins grippe\u00a0et Covid\u00a0: d\u00e9lai, en m\u00eame temps, pour qui\u00a0?\"><br \/>\n<figure>                                                                                                                                                                                <img decoding=\"async\" src=\"https:\/\/img-3.journaldesfemmes.fr\/ro9SBVgaMKao5Zf-cmUD07lgMlE=\/225x150\/smart\/302de8c852954e55a3c15a1401ad7f8f\/ccmcms-jdf\/38699242.jpg\" alt=\"\" width=\"225\" height=\"150\" loading=\"lazy\"><figcaption>\n<h3>Vaccins grippe\u00a0et Covid\u00a0: d\u00e9lai, en m\u00eame temps, pour qui\u00a0?<\/h3>\n<\/figcaption><\/figure>\n<p>                    <\/a>                <\/li>\n<\/ul>\n<\/aside>\n<\/div>\n<p><u style=\"font-size: 1rem\">Sources<\/u><\/p>\n<p>Analyse de risque sur les variants &eacute;mergents du SARS-CoV-2.&nbsp;Mise &agrave; jour du 14\/12\/2022. Sant&eacute; Publique France.<\/p>\n<p>Sources principales d&#039;information: OMS, Weekly epidemiological update 25\/05\/2021&nbsp;et 01\/06\/2021&nbsp;; US CDC ; ECDC, Teyssou et al. 2021, J Infect<\/p>\n<p>Premi&egrave;res d&eacute;tections de cas de contamination au variant B.1.617&nbsp;du SARS-CoV-2, minist&egrave;re de la Sant&eacute;, 30 avril 2021.<\/p>\n<p>Variants du SARS-CoV-2. Bulletin d&#039;information sur les flamb&eacute;es &eacute;pid&eacute;miques.&nbsp;31&nbsp;d&eacute;cembre 2020. OMS<\/p>\n<p>Strat&eacute;gie de freinage de la propagation des variantes du Sars-CoV-2 : renforcement sp&eacute;cifique sur les variantes d&#039;int&eacute;r&ecirc;t&nbsp;20H\/501Y.V2&nbsp;ET 20J\/501Y.V3. DGS. 7 f&eacute;vrier 2021.<\/p>\n<p>Avis du Conseil scientifique Covid-19 &quot;Entre vaccins et variants : une course contre la montre&quot;. 12 janvier 2021.<\/p>\n<p>Report 42&nbsp;&#8211; Transmission of SARS-CoV-2&nbsp;Lineage B.1.1.7&nbsp;in England: insights from linking epidemiological and genetic data. Imperial College London. 31 d&eacute;cembre 2020.<\/p>\n<p>The 2nd&nbsp;Covid-19&nbsp;wave in South Africa:Transmissibility &amp; a&nbsp;501.V2&nbsp;variant Ministerial Briefing, 18 d&eacute;cembre&nbsp;2020.<\/p>\n<p>Covid-19: New coronavirus variant is identified in UK.&nbsp;BMJ&nbsp;2020;&nbsp;371. 16 d&eacute;cembre&nbsp;2020.<\/p>\n<p>Tracking Changes in SARS-CoV-2&nbsp;Spike: Evidence that D614G Increases Infectivity of the COVID19&nbsp;Virus. Cell. 20 ao&ucirc;t 2020.<\/p>\n<p>[ad_2]<br \/>\n<br \/><a href=\"https:\/\/sante.journaldesfemmes.fr\/fiches-maladies\/2685453-variant-covid-france-actuel-liste-nom-chine-xbb\/\">Source link <\/a><\/p>\n","protected":false},"excerpt":{"rendered":"<p>[ad_1] Sommaire C&#039;est quoi un virus variant ? Variant actuel en&nbsp;France Variant en&nbsp;Chine Liste&nbsp;des variants du Covid Variant XBB Variant &hellip; <a href=\"http:\/\/www.affinite.fr\/index.php\/2023\/01\/04\/variant-covid-actuel-xbb-en-france-en-chine\/\" class=\"more-link\">Plus <span class=\"screen-reader-text\">Variant Covid\u00a0: actuel, XBB, en France, en Chine\u00a0?<\/span> <span class=\"meta-nav\">&rarr;<\/span><\/a><\/p>\n","protected":false},"author":1,"featured_media":8738,"comment_status":"","ping_status":"open","sticky":false,"template":"","format":"standard","meta":{"_sitemap_exclude":false,"_sitemap_priority":"","_sitemap_frequency":"","footnotes":""},"categories":[1],"tags":[],"class_list":["post-8737","post","type-post","status-publish","format-standard","has-post-thumbnail","hentry","category-tous"],"_links":{"self":[{"href":"http:\/\/www.affinite.fr\/index.php\/wp-json\/wp\/v2\/posts\/8737"}],"collection":[{"href":"http:\/\/www.affinite.fr\/index.php\/wp-json\/wp\/v2\/posts"}],"about":[{"href":"http:\/\/www.affinite.fr\/index.php\/wp-json\/wp\/v2\/types\/post"}],"author":[{"embeddable":true,"href":"http:\/\/www.affinite.fr\/index.php\/wp-json\/wp\/v2\/users\/1"}],"replies":[{"embeddable":true,"href":"http:\/\/www.affinite.fr\/index.php\/wp-json\/wp\/v2\/comments?post=8737"}],"version-history":[{"count":0,"href":"http:\/\/www.affinite.fr\/index.php\/wp-json\/wp\/v2\/posts\/8737\/revisions"}],"wp:featuredmedia":[{"embeddable":true,"href":"http:\/\/www.affinite.fr\/index.php\/wp-json\/wp\/v2\/media\/8738"}],"wp:attachment":[{"href":"http:\/\/www.affinite.fr\/index.php\/wp-json\/wp\/v2\/media?parent=8737"}],"wp:term":[{"taxonomy":"category","embeddable":true,"href":"http:\/\/www.affinite.fr\/index.php\/wp-json\/wp\/v2\/categories?post=8737"},{"taxonomy":"post_tag","embeddable":true,"href":"http:\/\/www.affinite.fr\/index.php\/wp-json\/wp\/v2\/tags?post=8737"}],"curies":[{"name":"wp","href":"https:\/\/api.w.org\/{rel}","templated":true}]}}