{"id":872,"date":"2020-03-20T05:27:56","date_gmt":"2020-03-20T05:27:56","guid":{"rendered":"https:\/\/www.affinite.fr\/index.php\/2020\/03\/20\/on-vous-explique-pourquoi-ce-super-processeur-damd-pourrait-ebranler-intel\/"},"modified":"2020-03-20T05:27:56","modified_gmt":"2020-03-20T05:27:56","slug":"on-vous-explique-pourquoi-ce-super-processeur-damd-pourrait-ebranler-intel","status":"publish","type":"post","link":"http:\/\/www.affinite.fr\/index.php\/2020\/03\/20\/on-vous-explique-pourquoi-ce-super-processeur-damd-pourrait-ebranler-intel\/","title":{"rendered":"on vous explique pourquoi ce \u00ab super processeur \u00bb d&rsquo;AMD pourrait \u00e9branler Intel"},"content":{"rendered":"<p> [ad_1]<br \/>\n<\/p>\n<div itemprop=\"articleBody\">\n<p>Si vous avez achet\u00e9 un ordinateur portable il y a deux ans ou plus et que vous y avez consacr\u00e9 plus de 600\u00a0euros \u00e0 l\u2019\u00e9poque, il y a 99\u00a0% de chance que le processeur qui le propulse proviennent de chez Intel. Car outre sa domination dans le march\u00e9 du PC de bureau, Intel jouissait aussi d&rsquo;une situation de quasi monopole dans les PC portables. \u00c0 AMD des miettes dans le segment des machines d&rsquo;entr\u00e9e de gamme, \u00e0 Intel\u2026 tout le reste\u2009!<\/p>\n<h3 style=\"color:#333;font-family:arial,helvetica,sans-serif;font-size:23px;font-weight:700;\">Les temps changent&#8230;<\/h3>\n<p>Le vent a commenc\u00e9 \u00e0 tourner en d\u00e9but d\u2019ann\u00e9e derni\u00e8re avec la transposition plut\u00f4t r\u00e9ussie de l\u2019architecture Zen sur mobile par AMD. Depuis, l\u2019\u00e9ternel challenger d\u2019Intel, qui a r\u00e9ussi \u00e0 r\u00e9cup\u00e9rer de 20\u00a0% \u00e0 30\u00a0% de parts de march\u00e9 dans le monde du PC fixe gr\u00e2ce \u00e0 son excellente architecture Zen et ses diff\u00e9rentes g\u00e9n\u00e9rations de puces Ryzen, entend bien se faire une place dans les PC portables.<br \/>Si les Ryzen\u00a03000 en 12\u00a0nm de l\u2019an dernier ont commenc\u00e9 le travail avec quelques troph\u00e9es \u00e0 leur actif comme la premi\u00e8re <a href=\"https:\/\/www.01net.com\/actualites\/nouveaux-surface-laptop-3-microsoft-choisit-intel-pour-le-135-pouces-et-amd-pour-le-15-pouces-1779257.html\" target=\"_blank\" rel=\"noopener noreferrer\">Surface propuls\u00e9e par une puce AMD<\/a>, c\u2019est peut-\u00eatre<a href=\"https:\/\/www.01net.com\/actualites\/amd-annonce-ses-ryzen-4000-ses-processeurs-mobiles-qui-veulent-detroner-intel-dans-les-portables-1875874.html\" target=\"_blank\" rel=\"noopener noreferrer\"> cette fourn\u00e9e de Ryzen\u00a04000<\/a> qui pourrait r\u00e9ellement marquer un tournant dans les diff\u00e9rents segments de PC portables.<\/p>\n<figure class=\"figure text-center\"><img decoding=\"async\" class=\"article-img img-responsive-l\" src=\"https:\/\/img.bfmtv.com\/c\/1600\/720\/d86\/940c2d6485f3408dcd8a8a3a89918.jpg\" alt=\"\"\/><figcaption class=\"figure-caption figcaption color-txt-0 title-xs hidden-xs\"\/><\/figure>\n<figure class=\"figure text-center\"><img decoding=\"async\" class=\"article-img img-responsive-l\" src=\"https:\/\/img.bfmtv.com\/c\/1600\/820\/ca4\/add846137ce0b8e394066ddb6cfc8.jpg\" alt=\"\"\/><figcaption class=\"figure-caption figcaption color-txt-0 title-xs hidden-xs\"\/><\/figure>\n<figure class=\"figure text-center\"><img decoding=\"async\" class=\"article-img img-responsive-l\" src=\"https:\/\/img.bfmtv.com\/c\/1600\/750\/ace\/bb6504ed88eef50015b9fbda9c8c5.jpg\" alt=\"\"\/><figcaption class=\"figure-caption figcaption color-txt-0 title-xs hidden-xs\"\/><\/figure>\n<p>Le pluriel est ici important\u00a0: de l\u2019ultraportable\u00a015W au laptop gaming puissant capable d\u2019int\u00e9grer un CPU\u00a045W, AMD propose un Ryzen pour chaque gamme. Petite plong\u00e9e technologique au c\u0153ur de ces puces hors norme\u00a0qui ont mis un certain temps \u00e0 sortir du chapeau d\u2019un AMD qui revient de loin. De tr\u00e8s loin\u2026<\/p>\n<h3 style=\"color:#333;font-family:arial,helvetica,sans-serif;font-size:23px;font-weight:700;\">Une histoire de temps long et de planification<\/h3>\n<figure class=\"figure text-center\"><img decoding=\"async\" class=\"article-img img-responsive-l\" src=\"https:\/\/img.bfmtv.com\/c\/1256\/708\/4e4\/ffcd8b43bab5abe20746cee2f4e67.jpg\" alt=\"\"\/><figcaption class=\"figure-caption figcaption color-txt-0 title-xs hidden-xs\">\n                                    Adrian BRANCO \/ 01net.com<br \/>\n                                                    &#8211; Lisa SU, directrice g\u00e9n\u00e9rale d&rsquo;AMD.<br \/>\n                            <\/figcaption><\/figure>\n<p>Sans refaire le match de cette derni\u00e8re d\u00e9cennie, il faut bien se rappeler qu\u2019en 2014 AMD est un peu dans les limbes, domin\u00e9 (ou plut\u00f4t \u00e9cras\u00e9) par Intel dans le domaine des CPU et bien distanc\u00e9 par Nvidia dans celui des GPU. Comme nous vous <a href=\"https:\/\/www.01net.com\/actualites\/renaissance-d-amd-une-reussite-a-base-de-leadership-d-architecture-et-de-consoles-1825126.html\" target=\"_blank\" rel=\"noopener noreferrer\">l&rsquo;expliquions dans cet article<\/a>, c\u2019est l\u2019arriv\u00e9e de Lisa SU qui a permis \u00e0 AMD de repartir. S\u00fbrement\u2026 mais lentement.<\/p>\n<blockquote>\n<p>\u00ab\u2009<em>Les ing\u00e9nieurs ont eu le temps n\u00e9cessaire pour d\u00e9velopper correctement l\u2019architecture\u2009<\/em>\u00bb, nous expliquait Mark Papermaster, grand chef des technologies chez AMD, en fin d&rsquo;ann\u00e9e derni\u00e8re.<br \/>\u00ab\u2009<em>Nous avons pu d\u00e9finir nos priorit\u00e9s en examinant correctement les technologies qui \u00e9taient \u00e0 notre disposition. Nous avons pu non seulement d\u00e9velopper une architecture novatrice et avec un fort potentiel d\u2019\u00e9volution, mais nous avons surtout pu \u00e9tablir une feuille de route sur quater \u00e0 cinq ans, ce qui \u00e9tait une grande nouveaut\u00e9 pour AMD. Avant [l\u2019arriv\u00e9e de Lisa SU], AMD dispersait ses forces sur tout un tas de projets. Lisa a impos\u00e9 une rationalisation avec un focus sur des secteurs cl\u00e9s,\u2009<\/em>\u00bb, concluait-il.<\/p>\n<\/blockquote>\n<p>Le chef a d\u00e9fini les priorit\u00e9s, a g\u00e9r\u00e9 avec les banques, et les ing\u00e9nieurs ont eu le temps de poser leur cerveau pour sortir de leur chapeau un magnifique System on a Chip (SoC).<\/p>\n<p>Parce qu\u2019il faut bien\u00a0le dire, les Ryzen\u00a04000 \u2014 et les puces mobiles en g\u00e9n\u00e9ral \u2014 ne sont pas de banals CPU, mais bien de vraies puces \u00ab\u2009tout-en-un\u2009\u00bb. Comme dans les smartphones, sauf qu&rsquo;ici l\u2019architecture est le x86, non l\u2019ARM.<\/p>\n<h3 style=\"color:#333;font-family:arial,helvetica,sans-serif;font-size:23px;font-weight:700;\">Ceci n\u2019est pas un (banal) processeur<\/h3>\n<figure class=\"figure text-center\"><img decoding=\"async\" class=\"article-img img-responsive-l\" src=\"https:\/\/img.bfmtv.com\/c\/1200\/675\/51f\/a55ec9d892197036642a0ffba7866.jpg\" alt=\"\"\/><figcaption class=\"figure-caption figcaption color-txt-0 title-xs hidden-xs\"\/><\/figure>\n<p>Qu\u2019il s\u2019agisse d&rsquo;<a href=\"https:\/\/www.01net.com\/actualites\/intel-ice-lake-decryptez-les-noms-de-la-10e-generation-de-processeurs-mobiles-1741775.html\" target=\"_blank\" rel=\"noopener noreferrer\">Intel avec ses Ice Lake\u00a0<\/a>ou d&rsquo;AMD et ses\u00a0Ryzen\u00a04000, il est bon de rappeler que ces deux acteurs d\u00e9veloppent des puces int\u00e9grant bien plus qu\u2019un simple \u00ab\u2009processeur central\u2009\u00bb (CPU).<br \/>Le CPU est bien au c\u0153ur de la puce, mais on y retrouve aussi une partie graphique (GPU), un contr\u00f4leur m\u00e9moire, un contr\u00f4leur d\u2019\u00e9nergie, les syst\u00e8mes de gestion des entr\u00e9es\/sorties, les outils d\u2019encodage\/d\u00e9codage vid\u00e9o, etc.<\/p>\n<p>Les puces mobiles ARM de Qualcomm, Samsung, Apple et les autres int\u00e8grent aussi des modems ou encore des contr\u00f4leurs Wi-Fi. Mais mis \u00e0 part ces \u00ab\u2009blocs\u2009\u00bb de communication \u2014 et l\u2019architecture m\u00eame du CPU \u2014 il faut bien se mettre dans la t\u00eate que les SoC des PC portables et les SoC des t\u00e9l\u00e9phones mobiles sont de plus en plus similaires.<br \/>Ce n\u2019est pas pour rien qu\u2019Intel est d\u00e9sormais \u00e0 m\u00eame de d\u00e9velopper des puces d\u2019un watt. Et que Qualcomm lance des SoC ARM capables de propulser des ordinateurs\u2009!<\/p>\n<p>La g\u00e9n\u00e9ration Ryzen\u00a04000 renforce cette similitude entre les deux mondes avec son proc\u00e9d\u00e9 de fabrication h\u00e9rit\u00e9 du monde de la t\u00e9l\u00e9phonie mobile\u00a0: une gravure en 7\u00a0nm. Un chiffre qui n\u2019a l\u2019air de rien comme \u00e7a, mais qui est pourtant la principale source de puissance de ces puces.<\/p>\n<h3 style=\"color:#333;font-family:arial,helvetica,sans-serif;font-size:23px;font-weight:700;\">\u00ab\u2009Renoir\u2009\u00bb\u00a07nm\u00a0: une densit\u00e9 de transistors\u00a0x86 unique dans les PC portables<\/h3>\n<figure class=\"figure text-center\"><img decoding=\"async\" class=\"article-img img-responsive-l\" src=\"https:\/\/img.bfmtv.com\/c\/1600\/800\/c4f\/5cc0eb99123a889c33e78dc18027a.jpg\" alt=\"\"\/><figcaption class=\"figure-caption figcaption color-txt-0 title-xs hidden-xs\"\/><\/figure>\n<p>Contrairement \u00e0 Intel qui est \u00e0 la fois concepteur et fabricant de puces, AMD est devenu \u00ab\u2009sans usine fixe\u2009\u00bb \u2014 on dit <em>fabless<\/em> dans le jargon \u2014 \u00e0 la suite de la cession de ses activit\u00e9s de fonderie\u00a0en 2009. Ce qui lui a permis de jeter son d\u00e9volu sur le partenaire technologique de son choix. En la mati\u00e8re le Ta\u00efwanais TSMC, le champion des constructeurs de puces mobiles qui g\u00e8re d\u00e9j\u00e0 la production des SoC des iPhone,\u00a0par exemple.<br \/>Ce champion a un double atout\u00a0: non seulement il dispose d\u2019usines \u00e0 la pointe en 7\u00a0nm (et le 5\u00a0nm est d\u00e9j\u00e0 en train de chauffer pour Apple notamment), mais surtout il produit pour tout le monde dans de tr\u00e8s grands volumes. Comprendre que la qualit\u00e9 des puces et le rendement de la production \u2014 le <em>yield<\/em> \u2014 sont tr\u00e8s bons.<\/p>\n<p>Cela permet \u00e0 AMD non seulement de profiter de prix de production assez bas, mais cela lui offre aussi un avantage technologique par rapport \u00e0 Intel. Jadis archi leader de la finesse de gravure, le g\u00e9ant californien a pris du retard dans la course \u00e0 la miniaturisation\u00a0: pour l\u2019heure, seules ses puces ultra-mobiles sont grav\u00e9es en 10\u00a0nm, les puces hautes performances \u00e9tant toujours bloqu\u00e9es en 14\u00a0nm+++ (oui, il y a bien trois \u00ab\u2009plus\u2009\u00bb), les usines n\u2019ayant pas toutes fait le saut de finesse de gravure.<\/p>\n<figure class=\"figure text-center\"><img decoding=\"async\" class=\"article-img img-responsive-l\" src=\"https:\/\/img.bfmtv.com\/c\/1600\/800\/1af\/cdcfdc2a8002cb431ac0ff50878d4.jpg\" alt=\"\"\/><figcaption class=\"figure-caption figcaption color-txt-0 title-xs hidden-xs\"\/><\/figure>\n<p>Face aux 12\u00a0nm des Ryzen\u00a03000 et aux 10\u00a0nm et 14 nm des puces d\u2019Intel, les 7\u00a0nm de TSMC conf\u00e8rent aux Ryzen d\u2019AMD un avantage de poids\u00a0: une plus grande densit\u00e9 de transistors, la plus importante dans le monde de l\u2019informatique\u00a0x86.<br \/>Cette premi\u00e8re g\u00e9n\u00e9ration de SoC mobiles en 7\u00a0nm appel\u00e9s \u00ab\u2009Renoir\u2009\u00bb profite ainsi de deux\u00a0fois plus de transistors dans une surface 25\u00a0% inf\u00e9rieure \u00e0 la g\u00e9n\u00e9ration \u00ab\u2009Picasso\u2009\u00bb incarn\u00e9e par les Ryzen\u00a03000 en 12\u00a0nm\u2009!<br \/>En chiffre, cela donne 9,8\u00a0milliards de transistors r\u00e9partis sur 13\u00a0couches pour une surface utile de 156\u00a0mm\u00b2. Un \u00ab\u2009c\u0153ur\u2009\u00bb d\u2019\u00e0 peine 12,5\u00a0mm de c\u00f4t\u00e9 int\u00e9gr\u00e9 sur un \u00ab\u2009package\u00a0BGA\u2009\u00bb de 25 x 35\u00a0mm assurant la connexion et le maintien sur la carte m\u00e8re.<\/p>\n<h3 style=\"color:#333;font-family:arial,helvetica,sans-serif;font-size:23px;font-weight:700;\">CPU : une avalanche de c\u0153urs taill\u00e9s pour le mobile<\/h3>\n<figure class=\"figure text-center\"><img decoding=\"async\" class=\"article-img img-responsive-l\" src=\"https:\/\/img.bfmtv.com\/c\/1600\/800\/6404a2\/6ca68f90e898b0b8bca1bb22b8.jpg\" alt=\"\"\/><figcaption class=\"figure-caption figcaption color-txt-0 title-xs hidden-xs\"\/><\/figure>\n<p>La r\u00e9duction des transistors de presque 50\u00a0% a permis \u00e0 AMD de doubler le nombre de c\u0153urs CPU. Alors que les processeurs les plus puissants de la g\u00e9n\u00e9ration pr\u00e9c\u00e9dente int\u00e9graient 4\u00a0c\u0153urs physiques pour 8\u00a0c\u0153urs logiques (4 c\u0153urs\/8\u00a0t\u00e2ches) les fleurons de la g\u00e9n\u00e9ration Ryzen\u00a04000 affichent jusqu\u2019\u00e0 8\u00a0c\u0153urs physiques pour 16\u00a0c\u0153urs logiques.<\/p>\n<figure class=\"figure text-center\"><img decoding=\"async\" class=\"article-img img-responsive-l\" src=\"https:\/\/img.bfmtv.com\/c\/1600\/800\/031c\/44f3a3324f677ca6efe078b26917.jpg\" alt=\"\"\/><figcaption class=\"figure-caption figcaption color-txt-0 title-xs hidden-xs\"\/><\/figure>\n<p>Ce qui se traduit, dans les tests\u00a0(benchmarks) fournis par AMD \u2014 \u00e0 prendre avec des pincettes, donc \u2014 par une explosion des performances.<br \/>Explosion par rapport \u00e0 la g\u00e9n\u00e9ration pr\u00e9c\u00e9dente \u00e9videmment, mais aussi par rapport \u00e0 ce que propose Intel. Ce grand nombre de c\u0153urs permet ainsi de d\u00e9multiplier les performances dans les applications de cr\u00e9ations (rendu d\u2019image 3D dans Blender), dans la compression d\u2019image (transcodage vid\u00e9o\u00a0h.265 avec HandBrake) ou m\u00eame la compression de fichiers (7-zip).<\/p>\n<p>\u00c0 cette plus grande densit\u00e9 de transistors qui apporte un plus grand nombre de c\u0153urs s\u2019ajoute aussi des am\u00e9liorations intrins\u00e8ques de l\u2019architecture des c\u0153urs CPU. A\u00a0fr\u00e9quence \u00e9gale, ils sont 15\u00a0% plus performants que ceux de la g\u00e9n\u00e9ration pr\u00e9c\u00e9dente. Le tout en \u00e9tant incroyablement moins \u00e9nergivore\u00a0: pour chaque watt d\u2019\u00e9nergie dissip\u00e9, un Ryzen\u00a04000 d\u00e9ploie deux fois plus de puissance qu\u2019un Ryzen\u00a03000.<br \/>\u00ab\u2009<em>Notre but \u00e9tait de mettre le moteur d\u2019un SUV dans une Prius<\/em>\u2009\u00bb, explique Scott Swanstrom, un des ing\u00e9nieurs responsables du design de Ryzen chez AMD.<\/p>\n<p>Il faudra \u00e9videmment attendre les premi\u00e8res plates-formes de test dont l\u2019envoi a \u00e9t\u00e9 retard\u00e9 par la mise \u00e0 l\u2019arr\u00eat des usines en Asie le mois dernier pour cause de pand\u00e9mie.<\/p>\n<p>Mais sur le papier, la partie CPU est ce que nos amis anglo-saxons appellent un\u2009<em>game changer<\/em>, le genre de puce qui offre tellement d\u2019avantages qu\u2019on en vient \u00e0 en faire un \u00e9l\u00e9ment incontournable au moment de choisir son PC portable. Et ce dans (presque) tous les segments, comme nous le disions plus haut, les\u00a0Ryzen\u00a04000 se d\u00e9clinent en diff\u00e9rentes puces allant de 15\u00a0W (mod\u00e8les U), en passant par 35W (mod\u00e8les HS) et jusqu\u2019\u00e0 45W (mod\u00e8les H).<\/p>\n<h3 class=\"MsoNormal\" style=\"color:#333;font-family:arial,helvetica,sans-serif;font-size:23px;font-weight:700;\">GPU: un peu moins de c\u0153urs, mais plus de puissance<\/h3>\n<figure class=\"figure text-center\"><img decoding=\"async\" class=\"article-img img-responsive-l\" src=\"https:\/\/img.bfmtv.com\/c\/1600\/800\/eee\/285ef7d9776ed0f7618094777e140.jpg\" alt=\"\"\/><figcaption class=\"figure-caption figcaption color-txt-0 title-xs hidden-xs\"\/><\/figure>\n<p>La partie graphique est toujours confi\u00e9e \u00e0 des CU (Compute Unit, unit\u00e9s de calculs) RX Vega issues, comme leur nom l\u2019indique, de l\u2019architecture Vega et non de la derni\u00e8re g\u00e9n\u00e9ration graphique RDNA2. \u00c0 la lecture des sp\u00e9cifications des SoC, on se rend m\u00eame compte que leur nombre a m\u00eame un peu diminu\u00e9\u00a0: selon les r\u00e9f\u00e9rences, les Ryzen\u00a04000 perdent de 1 CU \u00e0 3\u00a0CU dans leur GPU int\u00e9gr\u00e9. Pourtant les performances seraient bien en hausse gr\u00e2ce \u00e0 un savant <a href=\"http:\/\/www.affinite.fr\/index.php\/2024\/08\/08\/repas-dentreprise-3-raisons-de-solliciter-un-traiteur-a-montpellier\/\">cocktail<\/a> de gravure en 7\u00a0nm, d\u2019am\u00e9liorations de conception et de fr\u00e9quences en hausse. Et pas qu\u2019un peu\u00a0: AMD revendique jusqu\u2019\u00e0 59\u00a0% de performances en plus par rapport aux CU des Ryzen\u00a03000.<\/p>\n<p>Si l\u2019on en croit les mesures de performances comparatives qu\u2019AMD nous a communiqu\u00e9es, la partie graphique d\u2019un Ryzen 4800U (le plus puissant des U des Ryzen\u00a04000), int\u00e9grant 8\u00a0CU, serait au final 27\u00a0% plus puissante que celle d\u2019un Ryzen\u00a03700U (le plus puissant des U de la g\u00e9n\u00e9ration pr\u00e9c\u00e9dente).<br \/>De quoi jouer \u00e0 tous les jeux en 1080p30 comme le promet AMD\u2009? Nous l\u2019esp\u00e9rons, mais pour avoir rencontr\u00e9 les ing\u00e9nieurs de l\u2019entreprise \u00e0 Austin et avoir jou\u00e9 avec un prototype, la promesse devrait \u00eatre tenue pour les puces U les plus puissantes.<\/p>\n<h3 style=\"color:#333;font-family:arial,helvetica,sans-serif;font-size:23px;font-weight:700;\">AMD a-t-il enfin trouv\u00e9 sa martingale \u00e9nerg\u00e9tique\u2009?<\/h3>\n<figure class=\"figure text-center\"><img decoding=\"async\" class=\"article-img img-responsive-l\" src=\"https:\/\/img.bfmtv.com\/c\/1600\/800\/978\/4bc3a02a302639ecf5b60fbb45426.jpg\" alt=\"\"\/><figcaption class=\"figure-caption figcaption color-txt-0 title-xs hidden-xs\"\/><\/figure>\n<p>La consommation \u00e9nerg\u00e9tique des puces mobiles d\u2019AMD a toujours \u00e9t\u00e9 sup\u00e9rieure \u00e0 celle d\u2019Intel. Une faiblesse caus\u00e9e par le pass\u00e9 par un m\u00e9lange de sup\u00e9riorit\u00e9 d\u2019Intel dans les domaines de la finesse de gravure, de la meilleure int\u00e9gration logicielle (OS et logiciels tierce-partie) et mat\u00e9rielle (accompagnement des constructeurs, etc.).<\/p>\n<p>S\u2019il est trop t\u00f4t pour prononcer la premi\u00e8re victoire d\u2019AMD dans ce domaine, les documents que nous a partag\u00e9s l\u2019Am\u00e9ricain ainsi que les ing\u00e9nieurs que nous avons pu rencontrer semblent tous indiquer que l\u2019entreprise pourrait bien r\u00e9aliser l\u2019exploit avec ces Ryzen\u00a04000.<\/p>\n<figure class=\"figure text-center\"><img decoding=\"async\" class=\"article-img img-responsive-l\" src=\"https:\/\/img.bfmtv.com\/c\/1600\/900\/377\/5e334e1f1efab9a88102d375727de.jpg\" alt=\"\"\/><figcaption class=\"figure-caption figcaption color-txt-0 title-xs hidden-xs\"\/><\/figure>\n<p>La pierre angulaire de cette baisse de la consommation \u00e9nerg\u00e9tique est, encore une fois, la gravure en 7\u00a0nm qui permet de r\u00e9duire la taille des transistors. Le process de gravure serait ainsi responsable de 70\u00a0% de la baisse de consommation \u00e9nerg\u00e9tique de la puce\u2009! Mais il faut aussi mettre au cr\u00e9dit d\u2019AMD des am\u00e9liorations du ratio de performance par watt et de design de l\u2019architecture qui repr\u00e9sentent 30\u00a0% des gains de consommation \u00e9nerg\u00e9tique.<\/p>\n<figure class=\"figure text-center\"><img decoding=\"async\" class=\"article-img img-responsive-l\" src=\"https:\/\/img.bfmtv.com\/c\/1600\/900\/dc6\/ed7c3a9602b352f812077c6b0cb3d.jpg\" alt=\"\"\/><figcaption class=\"figure-caption figcaption color-txt-0 title-xs hidden-xs\"\/><\/figure>\n<p>Au c\u0153ur de ces am\u00e9liorations d\u2019architecture se cache un syst\u00e8me de contr\u00f4le \u00e9nerg\u00e9tique plus pertinent. Il est notamment en charge d\u2019acc\u00e9l\u00e9rer le changement des niveaux d\u2019\u00e9nergie des diff\u00e9rents composants.<br \/>Des changements qui doivent \u00eatre faits aussi rapidement que possible, mais au bon moment, car chaque changement d\u2019\u00e9tat du processeur co\u00fbte de l\u2019\u00e9nergie.<br \/>Avec ses Ryzen\u00a04000, AMD pr\u00e9tend avoir dans les mains le processeur qui lui permettra d\u2019\u00e9galer voire de d\u00e9passer Intel dans le domaine de l\u2019endurance de la batterie. Ce qui serait du jamais vu dans l\u2019histoire commune des deux protagonistes.<\/p>\n<aside class=\"bg-color-0 padding-inside-all-s bloc border-s\">\n<h4 class=\"box-txt-normal\">\n<p><strong>\u00c0 d\u00e9couvrir aussi en vid\u00e9o<\/strong><\/p>\n<\/h4>\n<\/aside>\n<p>Si elle tient les promesses affich\u00e9es dans les nombreuses pr\u00e9sentations PowerPoint qui nous ont \u00e9t\u00e9 confi\u00e9es, la g\u00e9n\u00e9ration \u00ab\u2009Ryzen 4000\u2009\u00bb d\u2019AMD marquera durablement l\u2019histoire de la guerre entre Intel et AMD en faisant de 2020 l\u2019ann\u00e9e o\u00f9 Intel a perdu son leadership dans un march\u00e9 qu\u2019il domine outrageusement depuis plus de vingt ans. Il reste \u00e0 voir la r\u00e9ponse d\u2019Intel dont certains ing\u00e9nieurs nous confiaient au CES, sourire aux l\u00e8vres qu\u2019ils avaient \u00ab\u2009du tr\u00e8s lourd\u2009\u00bb en pr\u00e9paration&#8230;\u00a0<\/p>\n<\/p><\/div>\n<p><script>\n         !function(f,b,e,v,n,t,s){if(f.fbq)return;n=f.fbq=function()\n         {n.callMethod? n.callMethod.apply(n,arguments):n.queue.push(arguments)}\n         ;if(!f._fbq)f._fbq=n;\n             n.push=n;n.loaded=!0;n.version='2.0';n.queue=[];t=b.createElement(e);t.async=!0;\n             t.src=v;s=b.getElementsByTagName(e)[0];s.parentNode.insertBefore(t,s)}(window,\n                 document,'script','https:\/\/connect.facebook.net\/en_US\/fbevents.js');\n         fbq('init', '1065890633454496');\n         fbq('track', 'PageView');\n     <\/script><br \/>\n<br \/>[ad_2]<br \/>\n<br \/><a href=\"https:\/\/www.01net.com\/actualites\/ryzen-4000-on-vous-explique-pourquoi-ce-super-processeur-d-amd-pourrait-ebranler-intel-1876675.html\">Source link <\/a><\/p>\n","protected":false},"excerpt":{"rendered":"<p>[ad_1] Si vous avez achet\u00e9 un ordinateur portable il y a deux ans ou plus et que vous y avez &hellip; <a href=\"http:\/\/www.affinite.fr\/index.php\/2020\/03\/20\/on-vous-explique-pourquoi-ce-super-processeur-damd-pourrait-ebranler-intel\/\" class=\"more-link\">Plus <span class=\"screen-reader-text\">on vous explique pourquoi ce \u00ab super processeur \u00bb d&rsquo;AMD pourrait \u00e9branler Intel<\/span> <span class=\"meta-nav\">&rarr;<\/span><\/a><\/p>\n","protected":false},"author":1,"featured_media":873,"comment_status":"open","ping_status":"open","sticky":false,"template":"","format":"standard","meta":{"_sitemap_exclude":false,"_sitemap_priority":"","_sitemap_frequency":"","footnotes":""},"categories":[1],"tags":[],"class_list":["post-872","post","type-post","status-publish","format-standard","has-post-thumbnail","hentry","category-tous"],"_links":{"self":[{"href":"http:\/\/www.affinite.fr\/index.php\/wp-json\/wp\/v2\/posts\/872"}],"collection":[{"href":"http:\/\/www.affinite.fr\/index.php\/wp-json\/wp\/v2\/posts"}],"about":[{"href":"http:\/\/www.affinite.fr\/index.php\/wp-json\/wp\/v2\/types\/post"}],"author":[{"embeddable":true,"href":"http:\/\/www.affinite.fr\/index.php\/wp-json\/wp\/v2\/users\/1"}],"replies":[{"embeddable":true,"href":"http:\/\/www.affinite.fr\/index.php\/wp-json\/wp\/v2\/comments?post=872"}],"version-history":[{"count":0,"href":"http:\/\/www.affinite.fr\/index.php\/wp-json\/wp\/v2\/posts\/872\/revisions"}],"wp:featuredmedia":[{"embeddable":true,"href":"http:\/\/www.affinite.fr\/index.php\/wp-json\/wp\/v2\/media\/873"}],"wp:attachment":[{"href":"http:\/\/www.affinite.fr\/index.php\/wp-json\/wp\/v2\/media?parent=872"}],"wp:term":[{"taxonomy":"category","embeddable":true,"href":"http:\/\/www.affinite.fr\/index.php\/wp-json\/wp\/v2\/categories?post=872"},{"taxonomy":"post_tag","embeddable":true,"href":"http:\/\/www.affinite.fr\/index.php\/wp-json\/wp\/v2\/tags?post=872"}],"curies":[{"name":"wp","href":"https:\/\/api.w.org\/{rel}","templated":true}]}}