{"id":870,"date":"2020-03-20T04:19:40","date_gmt":"2020-03-20T04:19:40","guid":{"rendered":"https:\/\/www.affinite.fr\/index.php\/2020\/03\/20\/le-salon-vivatech-de-paris-est-annule-a-cause-du-coronavirus\/"},"modified":"2020-03-20T04:19:40","modified_gmt":"2020-03-20T04:19:40","slug":"le-salon-vivatech-de-paris-est-annule-a-cause-du-coronavirus","status":"publish","type":"post","link":"http:\/\/www.affinite.fr\/index.php\/2020\/03\/20\/le-salon-vivatech-de-paris-est-annule-a-cause-du-coronavirus\/","title":{"rendered":"Le salon VivaTech de Paris est annul\u00e9 \u00e0 cause du coronavirus"},"content":{"rendered":"<p> [ad_1]<br \/>\n<br \/><img decoding=\"async\" src=\"https:\/\/img.bfmtv.com\/i\/0\/0\/24f\/63d0000235c3fd0d5c218efcb6bee.png\" \/><\/p>\n<div itemprop=\"articleBody\">\n<p>VivaTech 2020 n&rsquo;aura pas lieu. Sans surprise, les organisateurs de ce salon d\u00e9di\u00e9 aux jeunes pousses ont d\u00e9cid\u00e9 de jeter l&rsquo;\u00e9ponge. La crise sanitaire actuelle rend impossible l&rsquo;organisation de cet \u00e9v\u00e9nement pr\u00e9vu du 11 au 13 juin. Les organisateurs du salon disent d&rsquo;ailleurs craindre un prolongement du confinement.\u00a0<\/p>\n<h3 style=\"color:#333; font-family:arial,helvetica,sans-serif; font-size:23px; font-weight:700\">Des solutions alternatives\u00a0<\/h3>\n<p style=\"color:#333; font-family:arial,helvetica,sans-serif; font-size:18px\">Comme d&rsquo;autres \u00e9v\u00e9nements annul\u00e9s cette ann\u00e9e, VivaTech pourrait prendre une nouvelle forme virtuelle. C&rsquo;est en tout cas ce que sous-entendent Maurice L\u00e9vy et Pierre Louette, les co-pr\u00e9sidents du salon :\u00a0<\/p>\n<blockquote>\n<p style=\"color:#333; font-family:arial,helvetica,sans-serif; font-size:18px\"><em>\u00ab Nous \u00e9tudions des solutions alternatives. Cette p\u00e9riode complexe nous pousse \u00e0 encore plus d\u2019agilit\u00e9 et de cr\u00e9ativit\u00e9. \u00bb<\/em><\/p>\n<\/blockquote>\n<aside class=\"bg-color-0 padding-inside-all-s bloc border-s\">\n<h4 class=\"box-txt-normal\">\n<p><strong>\u00c0 d\u00e9couvrir aussi en vid\u00e9o :<\/strong><\/p>\n<\/h4>\n<\/aside>\n<p>                \u00c0 l&rsquo;exception du CES et de l&rsquo;Unpacked de Samsung, tous les \u00e9v\u00e9nements Tech de 2020 sont pour l&rsquo;instant tomb\u00e9s. Le Computex de Taipei, pr\u00e9vu du 2 au 6 juin, fait pour l&rsquo;instant figure d&rsquo;exception. Mais la fermeture des fronti\u00e8res taiwanaises aux \u00e9trangers \u00e0 partir d&rsquo;aujourd&rsquo;hui pourrait en d\u00e9finitive menacer ce grand salon asiatique.<\/p><\/div>\n<p><script>\n         !function(f,b,e,v,n,t,s){if(f.fbq)return;n=f.fbq=function()\n         {n.callMethod? n.callMethod.apply(n,arguments):n.queue.push(arguments)}\n         ;if(!f._fbq)f._fbq=n;\n             n.push=n;n.loaded=!0;n.version='2.0';n.queue=[];t=b.createElement(e);t.async=!0;\n             t.src=v;s=b.getElementsByTagName(e)[0];s.parentNode.insertBefore(t,s)}(window,\n                 document,'script','https:\/\/connect.facebook.net\/en_US\/fbevents.js');\n         fbq('init', '1065890633454496');\n         fbq('track', 'PageView');\n     <\/script><br \/>\n<br \/>[ad_2]<br \/>\n<br \/><a href=\"https:\/\/www.01net.com\/actualites\/le-salon-vivatech-de-paris-est-annule-a-cause-du-coronavirus-1878055.html\">Source link <\/a><\/p>\n","protected":false},"excerpt":{"rendered":"<p>[ad_1] VivaTech 2020 n&rsquo;aura pas lieu. Sans surprise, les organisateurs de ce salon d\u00e9di\u00e9 aux jeunes pousses ont d\u00e9cid\u00e9 de &hellip; <a href=\"http:\/\/www.affinite.fr\/index.php\/2020\/03\/20\/le-salon-vivatech-de-paris-est-annule-a-cause-du-coronavirus\/\" class=\"more-link\">Plus <span class=\"screen-reader-text\">Le salon VivaTech de Paris est annul\u00e9 \u00e0 cause du coronavirus<\/span> <span class=\"meta-nav\">&rarr;<\/span><\/a><\/p>\n","protected":false},"author":1,"featured_media":871,"comment_status":"open","ping_status":"open","sticky":false,"template":"","format":"standard","meta":{"_sitemap_exclude":false,"_sitemap_priority":"","_sitemap_frequency":"","footnotes":""},"categories":[1],"tags":[],"class_list":["post-870","post","type-post","status-publish","format-standard","has-post-thumbnail","hentry","category-tous"],"_links":{"self":[{"href":"http:\/\/www.affinite.fr\/index.php\/wp-json\/wp\/v2\/posts\/870"}],"collection":[{"href":"http:\/\/www.affinite.fr\/index.php\/wp-json\/wp\/v2\/posts"}],"about":[{"href":"http:\/\/www.affinite.fr\/index.php\/wp-json\/wp\/v2\/types\/post"}],"author":[{"embeddable":true,"href":"http:\/\/www.affinite.fr\/index.php\/wp-json\/wp\/v2\/users\/1"}],"replies":[{"embeddable":true,"href":"http:\/\/www.affinite.fr\/index.php\/wp-json\/wp\/v2\/comments?post=870"}],"version-history":[{"count":0,"href":"http:\/\/www.affinite.fr\/index.php\/wp-json\/wp\/v2\/posts\/870\/revisions"}],"wp:featuredmedia":[{"embeddable":true,"href":"http:\/\/www.affinite.fr\/index.php\/wp-json\/wp\/v2\/media\/871"}],"wp:attachment":[{"href":"http:\/\/www.affinite.fr\/index.php\/wp-json\/wp\/v2\/media?parent=870"}],"wp:term":[{"taxonomy":"category","embeddable":true,"href":"http:\/\/www.affinite.fr\/index.php\/wp-json\/wp\/v2\/categories?post=870"},{"taxonomy":"post_tag","embeddable":true,"href":"http:\/\/www.affinite.fr\/index.php\/wp-json\/wp\/v2\/tags?post=870"}],"curies":[{"name":"wp","href":"https:\/\/api.w.org\/{rel}","templated":true}]}}