{"id":8695,"date":"2022-12-21T17:56:12","date_gmt":"2022-12-21T17:56:12","guid":{"rendered":"https:\/\/www.affinite.fr\/index.php\/2022\/12\/21\/les-pieces-indispensables-a-leur-garde-robe\/"},"modified":"2022-12-21T17:56:12","modified_gmt":"2022-12-21T17:56:12","slug":"les-pieces-indispensables-a-leur-garde-robe","status":"publish","type":"post","link":"http:\/\/www.affinite.fr\/index.php\/2022\/12\/21\/les-pieces-indispensables-a-leur-garde-robe\/","title":{"rendered":"les\u00a0pi\u00e8ces indispensables \u00e0 leur garde robe"},"content":{"rendered":"<p> [ad_1]<br \/>\n<\/p>\n<p>\n                Le dressing des enfants doit \u00eatre bien r\u00e9fl\u00e9chi\u00a0: il leur faut des v\u00eatements confortables et pratiques, mais qui correspondent aussi \u00e0 leurs go\u00fbts. On vous aide \u00e0 remplir leur garde robe avec notre s\u00e9lection d&rsquo;indispensables.            <\/p>\n<div>\n<div>\n<aside class=\"ccmcss_cms_summary ccmcss_cms_summary--right\" id=\"bloc-sommaire\">\n<h2 class=\"ccmcss_cms_summary__title\">Notre s\u00e9lection<\/h2>\n<\/aside>\n<p><input type=\"checkbox\" class=\"read-more-state\" id=\"post-1\"\/><\/p>\n<p>Les v\u00eatements des enfants, c&rsquo;est sacr\u00e9 ! Quand ils sont b\u00e9b\u00e9s, on s&rsquo;amuse \u00e0 leur choisir de\u00a0jolies tenues. Quand ils grandissent, ils d\u00e9veloppent leurs propres go\u00fbts et pr\u00e9f\u00e8rent les choisir eux-m\u00eames. Dans tous les cas, il convient de respecter quelques r\u00e8gles au moment d&rsquo;acheter des habits pour enfants. Pour les b\u00e9b\u00e9s, il ne faut pas oublier le c\u00f4t\u00e9 pratique et s&rsquo;assurer qu&rsquo;ils soient faciles \u00e0 enlever \u00e0 chaque fois que l&rsquo;on change la couche. Pour ne pas avoir \u00e0 les retirer compl\u00e8tement, on pr\u00e9f\u00e8re les mod\u00e8les avec des boutons pressions ou des fermetures \u00e9clairs \u00e0 des endroits strat\u00e9giques. Ils doivent aussi \u00eatre doux, confortables, pratiques, et ne pas craindre les multiples lavages ! Pour les plus grands, l\u00e0 encore, le confort et la praticit\u00e9 sont tr\u00e8s importants ! Par exemple, les pantalons avec des boutons et une braguette vont \u00eatre difficiles \u00e0 manipuler pour les jeunes enfants. Il ne faut donc pas h\u00e9siter \u00e0 opter pour des bas \u00e9lastiqu\u00e9s, qu&rsquo;ils auront simplement \u00e0 faire glisser. Pour tous les \u00e2ges, on privil\u00e9gie les mati\u00e8res naturelles (coton, lin&#8230;), plus confortables et respirantes que les synth\u00e9tiques. Pour ne pas risquer le coup de froid ou de chaud, on vous conseille de choisir des habits adapt\u00e9s \u00e0 la saison. Pour le printemps et l&rsquo;automne, o\u00f9 les temp\u00e9ratures varient rapidement, n&rsquo;h\u00e9sitez pas \u00e0 investir dans des collants et dans des maillots de corps \u00e0 glisser sous les v\u00eatements si besoin. D\u00e9couvrez notre s\u00e9lection d&rsquo;intemporels pour les enfants !<\/p>\n<p><label for=\"post-1\" class=\"read-more-trigger app_edito_btn\">\u00a0<\/label><\/div>\n<aside class=\"ads--insertor-avoid app_article_content\"><a data-insertor-excluded=\"1\" data-processed=\"1\" id=\"manteau-enfant\" name=\"manteau-enfant\"\/><\/p>\n<h2 class=\"main_title\" data-insertor-excluded=\"1\">Manteau enfant<\/h2>\n<figure data-insertor-excluded=\"1\">\n<div class=\"product_picture\" data-insertor-excluded=\"1\"><a rel=\"nofollow pass noopener\" class=\"jBlockAmazon\" data-insertor-excluded=\"1\" data-processed=\"1\" target=\"_blank\" href=\"https:\/\/www.amazon.fr\/dp\/B09M8SLC7Z?tag=journaldesfemmes-21&amp;linkCode=ogi&amp;th=1&amp;psc=1&amp;tag=journaldesfemmes-21&amp;ascsubtag=2708998f1fi\"><img decoding=\"async\" loading=\"lazy\" src=\"https:\/\/m.media-amazon.com\/images\/I\/41W4t8cVz1L._SL500_.jpg\" data-insertor-excluded=\"1\" alt=\"Manteau enfant\"\/><\/a><\/p>\n<p><span data-insertor-excluded=\"1\">Meilleur<\/span>Choix<\/p>\n<\/div><figcaption data-insertor-excluded=\"1\">\n<h3 class=\"item_name\" data-insertor-excluded=\"1\">Veste matelass\u00e9e rembourr\u00e9e Tom &amp; Jerry, Fila<\/h3>\n<\/figcaption><\/figure>\n<ul>&#13;<\/p>\n<li>Existe en kaki ou en rose<\/li>\n<p>&#13;<\/p>\n<li>Tailles : 86-92 cm, 98-104 cm, 110-116 cm, 122-128 cm<\/li>\n<p>&#13;\n<\/ul>\n<p>&#13;<br \/>\n&#13;<\/p>\n<p>Une doudoune Tom &amp; Jerry ? Votre enfant va dire oui ! Elle va lui plaire par son c\u00f4t\u00e9 original et styl\u00e9, tandis que vous, vous l&rsquo;appr\u00e9cierez car elle est bien chaude et de tr\u00e8s bonne qualit\u00e9.<\/p>\n<p>&#13;<br \/>\n<\/aside>\n<aside class=\"ads--insertor-avoid app_article_content\"><a data-insertor-excluded=\"1\" data-processed=\"1\" id=\"vetement-enfant\" name=\"vetement-enfant\"\/><\/p>\n<h2 class=\"main_title\" data-insertor-excluded=\"1\">V\u00eatement enfant<\/h2>\n<figure data-insertor-excluded=\"1\">\n<div class=\"product_picture\" data-insertor-excluded=\"1\"><a rel=\"nofollow pass noopener\" class=\"jBlockAmazon\" data-insertor-excluded=\"1\" data-processed=\"1\" target=\"_blank\" href=\"https:\/\/www.amazon.fr\/dp\/B081TC1YKD?tag=journaldesfemmes-21&amp;linkCode=ogi&amp;th=1&amp;psc=1&amp;tag=journaldesfemmes-21&amp;ascsubtag=2708998f2fi\"><img decoding=\"async\" loading=\"lazy\" src=\"https:\/\/m.media-amazon.com\/images\/I\/41Wx5GPuUzL._SL500_.jpg\" data-insertor-excluded=\"1\" alt=\"V\u00eatement enfant\"\/><\/a><\/div><figcaption data-insertor-excluded=\"1\">\n<h3 class=\"item_name\" data-insertor-excluded=\"1\">Veste en jean Trucker Jacket, Levi&rsquo;s Kids<\/h3>\n<\/figcaption><\/figure>\n<ul>&#13;<\/p>\n<li>V\u00eatement unisexe<\/li>\n<p>&#13;<\/p>\n<li>Tailles allant de 2 \u00e0 8 ans<\/li>\n<p>&#13;<\/p>\n<li>100 % coton<\/li>\n<p>&#13;\n<\/ul>\n<p>&#13;<br \/>\n&#13;<\/p>\n<p>Une veste en jean, c&rsquo;est un v\u00eatement intemporel et qui va avec tout. En choisir une de qualit\u00e9 est important pour qu&rsquo;elle puisse \u00eatre pass\u00e9e aux g\u00e9n\u00e9rations suivantes. Mieux encore, vous pouvez la prendre l\u00e9g\u00e8rement plus grande que la taille de votre enfant, obtenant ainsi un style oversize et, surtout, la veste pourra le suivre plus longtemps. Ce mod\u00e8le est tr\u00e8s confortable gr\u00e2ce \u00e0 sa composition 100 % coton.<\/p>\n<p>&#13;<br \/>\n<\/aside>\n<aside class=\"ads--insertor-avoid app_article_content\"><a data-insertor-excluded=\"1\" data-processed=\"1\" id=\"vetement-fille\" name=\"vetement-fille\"\/><\/p>\n<h2 class=\"main_title\" data-insertor-excluded=\"1\">V\u00eatement fille<\/h2>\n<figure data-insertor-excluded=\"1\">\n<div class=\"product_picture\" data-insertor-excluded=\"1\"><a rel=\"nofollow pass noopener\" class=\"jBlockAmazon\" data-insertor-excluded=\"1\" data-processed=\"1\" target=\"_blank\" href=\"https:\/\/www.amazon.fr\/dp\/B081CZ6C7D?tag=journaldesfemmes-21&amp;linkCode=ogi&amp;th=1&amp;psc=1&amp;tag=journaldesfemmes-21&amp;ascsubtag=2708998f4fi\"><img decoding=\"async\" loading=\"lazy\" src=\"https:\/\/m.media-amazon.com\/images\/I\/4196AalDyAL._SL500_.jpg\" data-insertor-excluded=\"1\" alt=\"V\u00eatement fille\"\/><\/a><\/div><figcaption data-insertor-excluded=\"1\">\n<h3 class=\"item_name\" data-insertor-excluded=\"1\">Robe La Reine des Neiges<\/h3>\n<\/figcaption><\/figure>\n<ul>&#13;<\/p>\n<li>Robe en coton, manches longues<\/li>\n<p>&#13;<\/p>\n<li>A l&rsquo;effigie de la Reine des Neiges<\/li>\n<p>&#13;\n<\/ul>\n<p>&#13;<br \/>\n&#13;<\/p>\n<p>Cette jolie robe comprend un haut \u00e0 manches longues avec les princesses Anna et Elsa, sur lequel est inscrit \u00ab\u00a0Stronger Together\u00a0\u00bb (plus fortes ensemble). On aime les\u00a0flocons de neige en paillettes argent\u00e9es sur la robe, qui ira \u00e0 ravir aux petites filles.<\/p>\n<p>&#13;<br \/>\n<\/aside>\n<aside class=\"ads--insertor-avoid app_article_content\"><a data-insertor-excluded=\"1\" data-processed=\"1\" id=\"vetement-garcon\" name=\"vetement-garcon\"\/><\/p>\n<h2 class=\"main_title\" data-insertor-excluded=\"1\">V\u00eatement gar\u00e7on<\/h2>\n<figure data-insertor-excluded=\"1\">\n<div class=\"product_picture\" data-insertor-excluded=\"1\"><a rel=\"nofollow pass noopener\" class=\"jBlockAmazon\" data-insertor-excluded=\"1\" data-processed=\"1\" target=\"_blank\" href=\"https:\/\/www.amazon.fr\/dp\/B07VFQ6TWG?tag=journaldesfemmes-21&amp;linkCode=ogi&amp;th=1&amp;psc=1&amp;tag=journaldesfemmes-21&amp;ascsubtag=2708998f5fi\"><img decoding=\"async\" loading=\"lazy\" src=\"https:\/\/m.media-amazon.com\/images\/I\/411IQyUGLEL._SL500_.jpg\" data-insertor-excluded=\"1\" alt=\"V\u00eatement gar\u00e7on\"\/><\/a><\/div><figcaption data-insertor-excluded=\"1\">\n<h3 class=\"item_name\" data-insertor-excluded=\"1\">Sweat-shirt bleu, Petit Bateau<\/h3>\n<\/figcaption><\/figure>\n<ul>&#13;<\/p>\n<li>Sweat en polaire<\/li>\n<p>&#13;<\/p>\n<li>Tailles du 3-6 mois au 3 ans<\/li>\n<p>&#13;<\/p>\n<li>Lavage en machine<\/li>\n<p>&#13;\n<\/ul>\n<p>&#13;<br \/>\n&#13;<\/p>\n<p>Ce joli sweat marin sera parfait pour avoir bien chaud en toute saison ! En polaire tout douce, il affiche le c\u00e9l\u00e8bre logo Petit Bateau sur la poitrine. La capuche s&rsquo;av\u00e8rera tr\u00e8s pratique et confortable avec sa doublure en jersey.<\/p>\n<p>&#13;<br \/>\n<\/aside>\n<aside class=\"ads--insertor-avoid app_article_content\"><a data-insertor-excluded=\"1\" data-processed=\"1\" id=\"vetement-petit-bateau\" name=\"vetement-petit-bateau\"\/><\/p>\n<h2 class=\"main_title\" data-insertor-excluded=\"1\">V\u00eatement Petit Bateau<\/h2>\n<figure data-insertor-excluded=\"1\">\n<div class=\"product_picture\" data-insertor-excluded=\"1\"><a rel=\"nofollow pass noopener\" class=\"jBlockAmazon\" data-insertor-excluded=\"1\" data-processed=\"1\" target=\"_blank\" href=\"https:\/\/www.amazon.fr\/dp\/B07VBGR9RF?tag=journaldesfemmes-21&amp;linkCode=ogi&amp;th=1&amp;psc=1&amp;tag=journaldesfemmes-21&amp;ascsubtag=2708998f6fi\"><img decoding=\"async\" loading=\"lazy\" src=\"https:\/\/m.media-amazon.com\/images\/I\/31DFmuaGuZL._SL500_.jpg\" data-insertor-excluded=\"1\" alt=\"V\u00eatement Petit Bateau\"\/><\/a><\/div><figcaption data-insertor-excluded=\"1\">\n<h3 class=\"item_name\" data-insertor-excluded=\"1\">Manteau imperm\u00e9able, Petit Bateau<\/h3>\n<\/figcaption><\/figure>\n<ul>&#13;<\/p>\n<li>Maille enduite d\u00e9perlante<\/li>\n<p>&#13;<\/p>\n<li>Fermeture zipp\u00e9e<\/li>\n<p>&#13;<\/p>\n<li>Du 3 ans au 12 ans<\/li>\n<p>&#13;\n<\/ul>\n<p>&#13;<br \/>\n&#13;<\/p>\n<p>Ce joli cir\u00e9 est un incontournable ! Avec sa maille d\u00e9perlante, sa grande capuche et sa fermeture zipp\u00e9e prot\u00e9g\u00e9e par une patte velcro, votre enfant sera bien prot\u00e9g\u00e9 de la pluie. Il a deux poches avec rabat et le bas des manches et resserr\u00e9 pour \u00e9viter \u00e0 l&rsquo;eau d&rsquo;y p\u00e9n\u00e9trer.<\/p>\n<p>&#13;<br \/>\n<\/aside>\n<aside class=\"ads--insertor-avoid app_article_content\"><a data-insertor-excluded=\"1\" data-processed=\"1\" id=\"jogging\" name=\"jogging\"\/><\/p>\n<h2 class=\"main_title\" data-insertor-excluded=\"1\">Jogging<\/h2>\n<figure data-insertor-excluded=\"1\">\n<div class=\"product_picture\" data-insertor-excluded=\"1\"><a rel=\"nofollow pass noopener\" class=\"jBlockAmazon\" data-insertor-excluded=\"1\" data-processed=\"1\" target=\"_blank\" href=\"https:\/\/www.amazon.fr\/dp\/B081TTJQX9?tag=journaldesfemmes-21&amp;linkCode=ogi&amp;th=1&amp;psc=1&amp;tag=journaldesfemmes-21&amp;ascsubtag=2708998f7fi\"><img decoding=\"async\" loading=\"lazy\" src=\"https:\/\/m.media-amazon.com\/images\/I\/31ScJFYQobL._SL500_.jpg\" data-insertor-excluded=\"1\" alt=\"Jogging\"\/><\/a><\/div><figcaption data-insertor-excluded=\"1\">\n<h3 class=\"item_name\" data-insertor-excluded=\"1\">Jogging Superstar Pants, Adidas<\/h3>\n<\/figcaption><\/figure>\n<ul>&#13;<\/p>\n<li>100 % polyester recycl\u00e9<\/li>\n<p>&#13;<\/p>\n<li>Du 7-8 ans au 13-14 ans<\/li>\n<p>&#13;<\/p>\n<li>Existe en rouge, bleu et noir<\/li>\n<p>&#13;\n<\/ul>\n<p>&#13;<br \/>\n&#13;<\/p>\n<p>Ce jogging est un grand classique, qui pourra aussi bien faire office de pantalon de sport que de pantalon de tous les jours pour coller \u00e0 la mode d\u00e9contract\u00e9e. Son tissu 100 % polyester recycl\u00e9 est doux et respirant. La ceinture \u00e9lastiqu\u00e9e est confortable.<\/p>\n<p>&#13;<br \/>\n&#13;<br \/>\n&#13;<br \/>\n<\/aside>\n<\/p><\/div>\n<p>[ad_2]<br \/>\n<br \/><a href=\"https:\/\/www.journaldesfemmes.fr\/maman\/guides-d-achat-enfant\/2708998-vetements-pour-enfants\/\">Source link <\/a><\/p>\n","protected":false},"excerpt":{"rendered":"<p>[ad_1] Le dressing des enfants doit \u00eatre bien r\u00e9fl\u00e9chi\u00a0: il leur faut des v\u00eatements confortables et pratiques, mais qui correspondent &hellip; <a href=\"http:\/\/www.affinite.fr\/index.php\/2022\/12\/21\/les-pieces-indispensables-a-leur-garde-robe\/\" class=\"more-link\">Plus <span class=\"screen-reader-text\">les\u00a0pi\u00e8ces indispensables \u00e0 leur garde robe<\/span> <span class=\"meta-nav\">&rarr;<\/span><\/a><\/p>\n","protected":false},"author":1,"featured_media":8696,"comment_status":"","ping_status":"open","sticky":false,"template":"","format":"standard","meta":{"_sitemap_exclude":false,"_sitemap_priority":"","_sitemap_frequency":"","footnotes":""},"categories":[1],"tags":[],"class_list":["post-8695","post","type-post","status-publish","format-standard","has-post-thumbnail","hentry","category-tous"],"_links":{"self":[{"href":"http:\/\/www.affinite.fr\/index.php\/wp-json\/wp\/v2\/posts\/8695"}],"collection":[{"href":"http:\/\/www.affinite.fr\/index.php\/wp-json\/wp\/v2\/posts"}],"about":[{"href":"http:\/\/www.affinite.fr\/index.php\/wp-json\/wp\/v2\/types\/post"}],"author":[{"embeddable":true,"href":"http:\/\/www.affinite.fr\/index.php\/wp-json\/wp\/v2\/users\/1"}],"replies":[{"embeddable":true,"href":"http:\/\/www.affinite.fr\/index.php\/wp-json\/wp\/v2\/comments?post=8695"}],"version-history":[{"count":0,"href":"http:\/\/www.affinite.fr\/index.php\/wp-json\/wp\/v2\/posts\/8695\/revisions"}],"wp:featuredmedia":[{"embeddable":true,"href":"http:\/\/www.affinite.fr\/index.php\/wp-json\/wp\/v2\/media\/8696"}],"wp:attachment":[{"href":"http:\/\/www.affinite.fr\/index.php\/wp-json\/wp\/v2\/media?parent=8695"}],"wp:term":[{"taxonomy":"category","embeddable":true,"href":"http:\/\/www.affinite.fr\/index.php\/wp-json\/wp\/v2\/categories?post=8695"},{"taxonomy":"post_tag","embeddable":true,"href":"http:\/\/www.affinite.fr\/index.php\/wp-json\/wp\/v2\/tags?post=8695"}],"curies":[{"name":"wp","href":"https:\/\/api.w.org\/{rel}","templated":true}]}}