{"id":8674,"date":"2022-12-15T17:31:16","date_gmt":"2022-12-15T17:31:16","guid":{"rendered":"https:\/\/www.affinite.fr\/index.php\/2022\/12\/15\/buche-de-noel-poire-vanille-et-caramel\/"},"modified":"2022-12-15T17:31:16","modified_gmt":"2022-12-15T17:31:16","slug":"buche-de-noel-poire-vanille-et-caramel","status":"publish","type":"post","link":"http:\/\/www.affinite.fr\/index.php\/2022\/12\/15\/buche-de-noel-poire-vanille-et-caramel\/","title":{"rendered":"B\u00fbche de No\u00ebl poire, vanille et caramel"},"content":{"rendered":"<p> [ad_1]<br \/>\n<\/p>\n<div dir=\"ltr\" style=\"text-align: left\">\n<div class=\"hrecipe\"><span class=\"description\">Cette recette de No\u00ebl est un pur d\u00e9lice ! La <span style=\"font-size: large\"><b><span class=\"fn\">b\u00fbche poire, vanille et caramel<\/span><\/b><\/span>, \u00e0 tester absolument, <b>succ\u00e8s assur\u00e9<\/b> !<\/span><\/p>\n<div style=\"text-align: center\"><\/div>\n<p><\/p>\n<div class=\"separator\" style=\"clear: both;text-align: center\"><a href=\"https:\/\/www.iletaitunefoislapatisserie.com\/2022\/12\/buche-de-noel-poire-vanille-et-caramel.html\" style=\"margin-left: 1em;margin-right: 1em\"><img decoding=\"async\" alt=\"buche-noel-poire-caramel\" border=\"0\" class=\"photo\" data-original-height=\"675\" data-original-width=\"1200\" src=\"https:\/\/blogger.googleusercontent.com\/img\/b\/R29vZ2xl\/AVvXsEj_tMdgwz6a6BXiVCIjILt0oXJW8TeDwTzdllsJeGjuY1rDlUApt90PXZqG6e1pE6T9rIq6btH7QY5VvrA2F69sEhLq4mwdw-UtcoaZTJVOB3ItFHF0YdbOkSXuI2YJ03K2vDl809l6o9ik1R_Aa9g_BStrmS9nkH7HTodkLO42GHRhdrG66gS0E_r1\/s16000\/recette-buche-poire-caramel-noel.jpg\" title=\"buche de noel poire caramel\"><\/a><\/div>\n<\/div>\n<\/div>\n<p><a href=\"https:\/\/www.iletaitunefoislapatisserie.com\/2022\/12\/buche-de-noel-poire-vanille-et-caramel.html#more\">&#8230; la suite par ici<\/a><br \/>\n<br \/>[ad_2]<br \/>\n<br \/><a href=\"https:\/\/www.iletaitunefoislapatisserie.com\/2022\/12\/buche-de-noel-poire-vanille-et-caramel.html\">Source link <\/a><\/p>\n","protected":false},"excerpt":{"rendered":"<p>[ad_1] Cette recette de No\u00ebl est un pur d\u00e9lice ! La b\u00fbche poire, vanille et caramel, \u00e0 tester absolument, succ\u00e8s &hellip; <a href=\"http:\/\/www.affinite.fr\/index.php\/2022\/12\/15\/buche-de-noel-poire-vanille-et-caramel\/\" class=\"more-link\">Plus <span class=\"screen-reader-text\">B\u00fbche de No\u00ebl poire, vanille et caramel<\/span> <span class=\"meta-nav\">&rarr;<\/span><\/a><\/p>\n","protected":false},"author":1,"featured_media":8675,"comment_status":"","ping_status":"open","sticky":false,"template":"","format":"standard","meta":{"_sitemap_exclude":false,"_sitemap_priority":"","_sitemap_frequency":"","footnotes":""},"categories":[1],"tags":[],"class_list":["post-8674","post","type-post","status-publish","format-standard","has-post-thumbnail","hentry","category-tous"],"_links":{"self":[{"href":"http:\/\/www.affinite.fr\/index.php\/wp-json\/wp\/v2\/posts\/8674"}],"collection":[{"href":"http:\/\/www.affinite.fr\/index.php\/wp-json\/wp\/v2\/posts"}],"about":[{"href":"http:\/\/www.affinite.fr\/index.php\/wp-json\/wp\/v2\/types\/post"}],"author":[{"embeddable":true,"href":"http:\/\/www.affinite.fr\/index.php\/wp-json\/wp\/v2\/users\/1"}],"replies":[{"embeddable":true,"href":"http:\/\/www.affinite.fr\/index.php\/wp-json\/wp\/v2\/comments?post=8674"}],"version-history":[{"count":0,"href":"http:\/\/www.affinite.fr\/index.php\/wp-json\/wp\/v2\/posts\/8674\/revisions"}],"wp:featuredmedia":[{"embeddable":true,"href":"http:\/\/www.affinite.fr\/index.php\/wp-json\/wp\/v2\/media\/8675"}],"wp:attachment":[{"href":"http:\/\/www.affinite.fr\/index.php\/wp-json\/wp\/v2\/media?parent=8674"}],"wp:term":[{"taxonomy":"category","embeddable":true,"href":"http:\/\/www.affinite.fr\/index.php\/wp-json\/wp\/v2\/categories?post=8674"},{"taxonomy":"post_tag","embeddable":true,"href":"http:\/\/www.affinite.fr\/index.php\/wp-json\/wp\/v2\/tags?post=8674"}],"curies":[{"name":"wp","href":"https:\/\/api.w.org\/{rel}","templated":true}]}}