{"id":8623,"date":"2022-12-02T23:21:04","date_gmt":"2022-12-02T23:21:04","guid":{"rendered":"https:\/\/www.affinite.fr\/index.php\/2022\/12\/02\/osez-les-plateaux-repas-en-entreprise\/"},"modified":"2022-12-02T23:21:04","modified_gmt":"2022-12-02T23:21:04","slug":"osez-les-plateaux-repas-en-entreprise","status":"publish","type":"post","link":"http:\/\/www.affinite.fr\/index.php\/2022\/12\/02\/osez-les-plateaux-repas-en-entreprise\/","title":{"rendered":"Osez les plateaux repas en entreprise"},"content":{"rendered":"<p> [ad_1]<br \/>\n<\/p>\n<div>\n<p>Qui n\u2019a jamais connu les r\u00e9unions qui n\u2019en finissent pas avec le ventre qui commence \u00e0 gargouiller\u00a0? Dor\u00e9navant, pensez au plateau repas en entreprise pour \u00e9viter le coup de pompe\u00a0et les coll\u00e8gues qui s\u2019impatientent !<\/p>\n<p>Pour cela je vous conseille d\u2019essayer les\u00a0<strong>Cuistots migrateurs<\/strong>, c\u2019est une entreprise qui propose aussi bien des\u00a0<strong>plateaux repas<\/strong>, qu\u2019un\u00a0<strong>service traiteur pour des \u00e9v\u00e8nements<\/strong>\u00a0comme ap\u00e9ritifs, buffets ou cocktails. Ils livrent sur Paris et en \u00eele de France.<\/p>\n<h2>Le concept des Cuistots migrateurs<\/h2>\n<p>Les chefs sont de 8 nationalit\u00e9s diff\u00e9rentes et vous proposent de d\u00e9couvrir la cuisine du monde. S\u00e9n\u00e9gal, Afghanistan, Syrie, Iran ou encore Bangladesh,\u00a0<a href=\"https:\/\/www.lescuistotsmigrateurs.com\/collections\/plateaux-repas\">choisissez les plateaux repas pour votre entreprise<\/a>\u00a0et ainsi faites <a href=\"http:\/\/www.affinite.fr\/index.php\/2023\/07\/29\/changer-de-vie-voyager-complement-de-retraite-devenez-vendeur-de-glace-a-litalienne\/\">voyager<\/a> vos papilles pour un tour du monde gustatif\u00a0!<\/p>\n<div id=\"attachment_116643\" style=\"width: 969px\" class=\"wp-caption alignnone\"><img loading=\"lazy\" decoding=\"async\" aria-describedby=\"caption-attachment-116643\" alt=\"Osez les plateaux repas en entreprise\" width=\"959\" height=\"721\" itemprop=\"image\" src=\"https:\/\/cuisine-saine.fr\/wp-content\/uploads\/2022\/12\/plateau-repas-poulet-yassa-333402_1296x.jpg\"\/><noscript><img loading=\"lazy\" decoding=\"async\" aria-describedby=\"caption-attachment-116643\" src=\"https:\/\/cuisine-saine.fr\/wp-content\/uploads\/2022\/12\/plateau-repas-poulet-yassa-333402_1296x.jpg\" alt=\"Osez les plateaux repas en entreprise\" width=\"959\" height=\"721\" itemprop=\"image\"\/><\/noscript><\/p>\n<p id=\"caption-attachment-116643\" class=\"wp-caption-text\">Osez les plateaux repas en entreprise<\/p>\n<\/div>\n<p>Il s\u2019agit d\u2019un <strong>traiteur engag\u00e9<\/strong>, qui forme et emploie des r\u00e9fugi\u00e9s pour qu\u2019ils puissent refaire leur vie en France. Par la m\u00eame occasion, il valorise la cuisine du monde. La cuisine traditionnelle des chefs ainsi que leur culture sont mises \u00e0 l\u2019honneur ce qui en fait vraiment un traiteur unique\u00a0! Chacun est libre d\u2019exprimer ses talents aux fourneaux.<\/p>\n<p>Leur engagement ne s\u2019arr\u00eate pas l\u00e0. Les Cuistots migrateurs utilisent \u00e0 99% des <strong>produits frais et bruts<\/strong> et tout est fait maison. La viande utilis\u00e9e est 100% d\u2019origine fran\u00e7aise, et les \u0153ufs sont de plein air.<\/p>\n<p>L\u2019<strong>\u00e9cologie <\/strong>leur tient \u00e9galement \u00e0 c\u0153ur, car petit \u00e0 petit ils se d\u00e9barrassent du plastique au profit de mati\u00e8res recyclables. Pour tout dire, ils peuvent m\u00eame vous organiser un \u00e9v\u00e9nement z\u00e9ro d\u00e9chet\u00a0! Qui dit mieux\u00a0? Et quand cela est possible la livraison se fait \u00e0 v\u00e9lo cargo.<\/p>\n<p>Tous les invendus sont donn\u00e9s \u00e0 des associations qui les redistribuent \u00e0 des familles en grandes difficult\u00e9s.<\/p>\n<p>Et les d\u00e9chets de cuisine me direz-vous\u00a0? Ils sont transform\u00e9s en compost et revaloris\u00e9s eux aussi. C\u2019est une boucle vertueuse \u00e0 tous les \u00e9tages de la production. C\u2019est assez rare pour le souligner.<\/p>\n<h2>Le choix des plateaux repas<\/h2>\n<p>Vous avez le choix entre plusieurs options dont une option vegan, une autre v\u00e9g\u00e9tarienne et vous trouverez aussi du sans gluten assez facilement en consultant la <strong>liste des allerg\u00e8nes<\/strong>.<\/p>\n<p>Vous aurez le choix entre 6 plateaux repas, en cliquant dessus vous aurez acc\u00e8s \u00e0 la description, de quel pays sont les chefs qui ont travaill\u00e9 \u00e0 l\u2019\u00e9laboration des recettes, la liste des ingr\u00e9dients utilis\u00e9s ainsi que la liste des allerg\u00e8nes.<\/p>\n<p>Les plateaux repas sont savoureux, gourmands, de qualit\u00e9 et pr\u00e9sent\u00e9s avec soin. Les ingr\u00e9dients utilis\u00e9s sont de saison et la lunch box est recyclable.<\/p>\n<h2>Comment commander votre plateau repas\u00a0?<\/h2>\n<p>Pour vos formations, vos \u00e9v\u00e8nements ou r\u00e9unions vous pouvez commander les plateaux repas jusqu\u2019\u00e0 48 heures \u00e0 l\u2019avance. Vous avez le choix entre 6 plateaux tous au prix de 23,10\u20ac actuellement.<\/p>\n<p>Les plateaux sont <strong>livr\u00e9s le jour J dans une lunch box individuelle sur un cr\u00e9neau horaire de votre choix<\/strong>.<\/p>\n<p>Vous trouverez les zones de livraison sur leur site, suivant votre localisation leur tarif varie de 26 \u00e0 59 euros. Vous \u00eates livr\u00e9s dans un cr\u00e9neau de 2H du lundi au samedi de 8h \u00e0 20h.<\/p>\n<p>Je dois dire que tout met l\u2019eau \u00e0 la bouche et que le plus difficile sera de choisir\u00a0!<\/p>\n<p style=\"text-align:right\">Article sponsoris\u00e9<\/p>\n<div class=\"printfriendly pf-button pf-button-content pf-aligncenter\"><a href=\"#\" rel=\"nofollow\" onclick=\"window.print(); return false;\" title=\"Printer Friendly, PDF &amp; Email\"><img decoding=\"async\" class=\"pf-button-img\" alt=\"Print Friendly, PDF &amp; Email\" style=\"width: 124px;height: 30px;\" src=\"https:\/\/cdn.printfriendly.com\/buttons\/printfriendly-pdf-button-nobg-md.png\"\/><noscript><img decoding=\"async\" class=\"pf-button-img\" src=\"https:\/\/cdn.printfriendly.com\/buttons\/printfriendly-pdf-button-nobg-md.png\" alt=\"Print Friendly, PDF &amp; Email\" style=\"width: 124px;height: 30px;\"\/><\/noscript><\/a><\/div>\n<\/div>\n<p>[ad_2]<br \/>\n<br \/><a href=\"https:\/\/cuisine-saine.fr\/restaurant-bio-vegetarien\/osez-les-plateaux-repas-en-entreprise\/\">Source link <\/a><\/p>\n","protected":false},"excerpt":{"rendered":"<p>[ad_1] Qui n\u2019a jamais connu les r\u00e9unions qui n\u2019en finissent pas avec le ventre qui commence \u00e0 gargouiller\u00a0? Dor\u00e9navant, pensez &hellip; <a href=\"http:\/\/www.affinite.fr\/index.php\/2022\/12\/02\/osez-les-plateaux-repas-en-entreprise\/\" class=\"more-link\">Plus <span class=\"screen-reader-text\">Osez les plateaux repas en entreprise<\/span> <span class=\"meta-nav\">&rarr;<\/span><\/a><\/p>\n","protected":false},"author":1,"featured_media":8624,"comment_status":"","ping_status":"open","sticky":false,"template":"","format":"standard","meta":{"_sitemap_exclude":false,"_sitemap_priority":"","_sitemap_frequency":"","footnotes":""},"categories":[1],"tags":[],"class_list":["post-8623","post","type-post","status-publish","format-standard","has-post-thumbnail","hentry","category-tous"],"_links":{"self":[{"href":"http:\/\/www.affinite.fr\/index.php\/wp-json\/wp\/v2\/posts\/8623"}],"collection":[{"href":"http:\/\/www.affinite.fr\/index.php\/wp-json\/wp\/v2\/posts"}],"about":[{"href":"http:\/\/www.affinite.fr\/index.php\/wp-json\/wp\/v2\/types\/post"}],"author":[{"embeddable":true,"href":"http:\/\/www.affinite.fr\/index.php\/wp-json\/wp\/v2\/users\/1"}],"replies":[{"embeddable":true,"href":"http:\/\/www.affinite.fr\/index.php\/wp-json\/wp\/v2\/comments?post=8623"}],"version-history":[{"count":0,"href":"http:\/\/www.affinite.fr\/index.php\/wp-json\/wp\/v2\/posts\/8623\/revisions"}],"wp:featuredmedia":[{"embeddable":true,"href":"http:\/\/www.affinite.fr\/index.php\/wp-json\/wp\/v2\/media\/8624"}],"wp:attachment":[{"href":"http:\/\/www.affinite.fr\/index.php\/wp-json\/wp\/v2\/media?parent=8623"}],"wp:term":[{"taxonomy":"category","embeddable":true,"href":"http:\/\/www.affinite.fr\/index.php\/wp-json\/wp\/v2\/categories?post=8623"},{"taxonomy":"post_tag","embeddable":true,"href":"http:\/\/www.affinite.fr\/index.php\/wp-json\/wp\/v2\/tags?post=8623"}],"curies":[{"name":"wp","href":"https:\/\/api.w.org\/{rel}","templated":true}]}}