{"id":8621,"date":"2022-12-02T21:15:13","date_gmt":"2022-12-02T21:15:13","guid":{"rendered":"https:\/\/www.affinite.fr\/index.php\/2022\/12\/02\/buche-vanille-et-orange-chefnini\/"},"modified":"2022-12-02T21:15:13","modified_gmt":"2022-12-02T21:15:13","slug":"buche-vanille-et-orange-chefnini","status":"publish","type":"post","link":"http:\/\/www.affinite.fr\/index.php\/2022\/12\/02\/buche-vanille-et-orange-chefnini\/","title":{"rendered":"B\u00fbche vanille et orange &#8211; chefNini"},"content":{"rendered":"<p> [ad_1]<br \/>\n<\/p>\n<div>\n<p><img itemprop=\"image\" class=\"aligncenter size-full wp-image-43589\" data-src=\"https:\/\/static.chefnini.com\/wp-content\/uploads\/2022\/12\/buche-vanille-orange7.jpg\" alt=\"\" width=\"500\" height=\"750\" srcset=\"https:\/\/static.chefnini.com\/wp-content\/uploads\/2022\/12\/buche-vanille-orange7.jpg 500w, https:\/\/static.chefnini.com\/wp-content\/uploads\/2022\/12\/buche-vanille-orange7-200x300.jpg 200w\" sizes=\"(max-width: 500px) 100vw, 500px\"\/><\/p>\n<p itemprop=\"description\">Hello, j\u2019esp\u00e8re que vous allez bien ! Je suis vraiment contente de pouvoir vous proposer une nouvelle recette de b\u00fbche cette ann\u00e9e car il n\u2019y en a pas eu l\u2019ann\u00e9e derni\u00e8re. \ud83d\ude48<\/p>\n<p>Pour cette ann\u00e9e, je suis partie sur une mousse vanille dans laquelle j\u2019ai ins\u00e9r\u00e9 un biscuit roul\u00e9 recouvert de confiture \u00e0 l\u2019orange am\u00e8re. Tout autour, j\u2019ai plac\u00e9 des petits sabl\u00e9s parfum\u00e9s aux zestes d\u2019orange et d\u00e9cor\u00e9s de gla\u00e7age.<\/p>\n<p>Cette recette est facilement adaptable selon vos go\u00fbts : choisissez le parfum de confiture qui vous plait mais j\u2019aurais tendance \u00e0 prendre des <a href=\"http:\/\/www.affinite.fr\/index.php\/2023\/07\/29\/valoriser-ses-invendus-une-demarche-ecologique-et-rentable-pour-les-marchands-de-fruits\/\">fruits<\/a> un peu acidul\u00e9s pour que \u00e7a contraste avec la mousse vanille qui est toute douce.<\/p>\n<p>Il est possible de la pr\u00e9parer \u00e0 l\u2019avance et de la placer au cong\u00e9lateur. A placer ensuite 12h au r\u00e9frig\u00e9rateur avant de pouvoir la servir. Vous verrez que moi je la cong\u00e8le assez de peu de temps, juste le temps qu\u2019elle durcisse un peu pour la d\u00e9mouler. Mais je ne la cong\u00e8le pas \u00e0 coeur dans mes \u00e9tapes.<\/p>\n<p>Mon moule \u00e0 b\u00fbche fait 25 cm de long et 8 cm de large. C\u2019est un moule <a href=\"https:\/\/www.amazon.fr\/Silikomart-Magic-buche-torsad%25C3%25A9e-Texture\/dp\/B01M1KQR7D\/ref=b2b_gw_d_simh_sccl_5\/260-1898942-6509760?pd_rd_w=cGOrc&amp;content-id=amzn1.sym.055dd89e-560d-4d76-b535-829e2fbbb434&amp;pf_rd_p=055dd89e-560d-4d76-b535-829e2fbbb434&amp;pf_rd_r=QEMPVQQCWRK03AFPQ7J6&amp;pd_rd_wg=xIqJn&amp;pd_rd_r=ec2cfc2e-7f3f-4961-9b04-0e2143aaa43d&amp;pd_rd_i=B01M1KQR7D&amp;th=1&amp;_encoding=UTF8&amp;tag=chefnini-21&amp;linkCode=ur2&amp;linkId=a1fb556193ae17bc71241a208267e6b7&amp;camp=1642&amp;creative=6746\" target=\"_blank\" rel=\"noopener\">Silikomart<\/a>.<\/p>\n<p><img itemprop=\"image\" class=\"aligncenter size-full wp-image-43584\" data-src=\"https:\/\/static.chefnini.com\/wp-content\/uploads\/2022\/12\/buche-vanille-orange2.jpg\" alt=\"\" width=\"500\" height=\"750\" srcset=\"https:\/\/static.chefnini.com\/wp-content\/uploads\/2022\/12\/buche-vanille-orange2.jpg 500w, https:\/\/static.chefnini.com\/wp-content\/uploads\/2022\/12\/buche-vanille-orange2-200x300.jpg 200w\" sizes=\"(max-width: 500px) 100vw, 500px\"\/><\/p>\n<p><img itemprop=\"image\" class=\"aligncenter size-full wp-image-43590\" data-src=\"https:\/\/static.chefnini.com\/wp-content\/uploads\/2022\/12\/buche-vanille-orange4-1.jpg\" alt=\"\" width=\"773\" height=\"515\" srcset=\"https:\/\/static.chefnini.com\/wp-content\/uploads\/2022\/12\/buche-vanille-orange4-1.jpg 773w, https:\/\/static.chefnini.com\/wp-content\/uploads\/2022\/12\/buche-vanille-orange4-1-300x200.jpg 300w, https:\/\/static.chefnini.com\/wp-content\/uploads\/2022\/12\/buche-vanille-orange4-1-768x512.jpg 768w, https:\/\/static.chefnini.com\/wp-content\/uploads\/2022\/12\/buche-vanille-orange4-1-450x300.jpg 450w\" sizes=\"(max-width: 773px) 100vw, 773px\"\/> <img itemprop=\"image\" class=\"aligncenter size-full wp-image-43585\" data-src=\"https:\/\/static.chefnini.com\/wp-content\/uploads\/2022\/12\/buche-vanille-orange3.jpg\" alt=\"\" width=\"500\" height=\"750\" srcset=\"https:\/\/static.chefnini.com\/wp-content\/uploads\/2022\/12\/buche-vanille-orange3.jpg 500w, https:\/\/static.chefnini.com\/wp-content\/uploads\/2022\/12\/buche-vanille-orange3-200x300.jpg 200w\" sizes=\"(max-width: 500px) 100vw, 500px\"\/><\/p>\n<h3 itemprop=\"recipeYield\">Pour 6 personnes :<\/h3>\n<h3>La mousse vanille :<\/h3>\n<ul>\n<li itemprop=\"ingredients\">40 cl de cr\u00e8me fleurette bien froide<\/li>\n<li itemprop=\"ingredients\">6 g de feuilles de g\u00e9latine<\/li>\n<li itemprop=\"ingredients\">30 cl de\u00a0<a href=\"https:\/\/www.chefnini.com\/creme-anglaise\/\">cr\u00e8me anglaise<\/a> (maison ou toute pr\u00eate)<\/li>\n<li itemprop=\"ingredients\">1 gousse de vanille<\/li>\n<li itemprop=\"ingredients\">20 g de sucre en poudre<\/li>\n<\/ul>\n<h3>Le coeur roul\u00e9 \u00e0 l\u2019orange am\u00e8re :<\/h3>\n<ul>\n<li itemprop=\"ingredients\">2 oeufs<\/li>\n<li itemprop=\"ingredients\">2 x 15 g de sucre<\/li>\n<li itemprop=\"ingredients\">20 g de farine<\/li>\n<li itemprop=\"ingredients\">25 g de beurre<\/li>\n<li itemprop=\"ingredients\">4-5 cuill\u00e8res \u00e0 soupe de confiture d\u2019orange am\u00e8re<\/li>\n<\/ul>\n<h3>Le d\u00e9cor :<\/h3>\n<ul>\n<li itemprop=\"ingredients\">180 g de farine T45<\/li>\n<li itemprop=\"ingredients\">1 oeuf<\/li>\n<li itemprop=\"ingredients\">80 g de beurre pommade<\/li>\n<li itemprop=\"ingredients\">80 g de sucre en poudre<\/li>\n<li itemprop=\"ingredients\">Les zestes d\u2019une orange<\/li>\n<li itemprop=\"ingredients\">du gla\u00e7age (eau + sucre glace)<\/li>\n<li itemprop=\"ingredients\">emportes-pi\u00e8ces maison \/ sapin<\/li>\n<\/ul>\n<div itemprop=\"recipeInstructions\">\n<p><img itemprop=\"image\" class=\"aligncenter size-full wp-image-43587\" data-src=\"https:\/\/static.chefnini.com\/wp-content\/uploads\/2022\/12\/buche-vanille-orange5.jpg\" alt=\"\" width=\"830\" height=\"553\" srcset=\"https:\/\/static.chefnini.com\/wp-content\/uploads\/2022\/12\/buche-vanille-orange5.jpg 830w, https:\/\/static.chefnini.com\/wp-content\/uploads\/2022\/12\/buche-vanille-orange5-300x200.jpg 300w, https:\/\/static.chefnini.com\/wp-content\/uploads\/2022\/12\/buche-vanille-orange5-768x512.jpg 768w, https:\/\/static.chefnini.com\/wp-content\/uploads\/2022\/12\/buche-vanille-orange5-450x300.jpg 450w\" sizes=\"(max-width: 830px) 100vw, 830px\"\/><\/p>\n<h3>Le coeur roul\u00e9 \u00e0 l\u2019orange am\u00e8re :<\/h3>\n<p>1- Cassez les \u0153ufs. Versez les jaunes dans un saladier et les blancs dans un autre.<\/p>\n<p>2- Ajoutez 15 g de sucre sur les jaunes.<\/p>\n<p>3- Fouettez jusqu\u2019\u00e0 ce que le m\u00e9lange blanchisse.<\/p>\n<p>4- Faites fondre le beurre et versez-le dans les jaunes avec la farine.<\/p>\n<p>5- M\u00e9langez bien au fouet.<\/p>\n<p>6- Fouettez les blancs au batteur et lorsqu\u2019ils deviennent mousseux, ajoutez le sucre restant et continuez de fouetter jusqu\u2019\u00e0 obtenir des blancs bien fermes.<\/p>\n<p>7- Ajoutez les blancs aux jaunes, petit \u00e0 petit, et m\u00e9langez d\u00e9licatement.<\/p>\n<p>8- D\u00e9posez du papier sulfuris\u00e9 sur une plaque.<\/p>\n<p>9- Versez la p\u00e2te et \u00e9talez-la uniform\u00e9ment afin d\u2019obtenir un rectangle de 25 x 30.<\/p>\n<p>10- Faites pr\u00e9chauffer votre four \u00e0 180\u00b0C et enfournez pour 15 min. La p\u00e2te doit ressortir dor\u00e9e.<\/p>\n<p>11- A la sortie du four, renversez la p\u00e2te sur une seconde feuille sulfuris\u00e9e et d\u00e9collez le papier qui a cuit avec.<\/p>\n<p>12- Laissez ti\u00e9dir. Coupez un rectangle de la taille de votre moule. Il servira \u00e0 la base de la b\u00fbche.<\/p>\n<p>13- Tartinez le reste de biscuit avec la confiture d\u2019orange. Roulez-la en partant du c\u00f4t\u00e9 le plus long. Egalisez \u00e0 la longueur de votre b\u00fbche (enlever 1 cm de cette longueur.). Filmez le roul\u00e9 et placez au frais en attendant de faire la mousse.<\/p>\n<h3>La mousse vanille<\/h3>\n<p>1- Faites ramollir les feuilles de g\u00e9latine dans de l\u2019eau froide.<\/p>\n<p>2- Faites chauffer sur feu doux la cr\u00e8me anglaise ave les graines de la gousse de vanille. Attention \u00e0 ne pas la faire bouillir.<\/p>\n<p>3- Ajoutez les feuilles de g\u00e9latine essor\u00e9e dans la cr\u00e8me chaude et m\u00e9langez pour bien les incorporer. Retirez du feu.<\/p>\n<p>4- Montez la cr\u00e8me fleurette au batteur \u00e9lectrique avec le sucre en poudre jusqu\u2019\u00e0 ce qu\u2019elle devienne bien ferme.<\/p>\n<p>5- Versez la cr\u00e8me fouett\u00e9e dans la cr\u00e8me anglaise et incorporez-la \u00e0 la spatule.<\/p>\n<p>6- Coulez la mousse dans votre moule \u00e0 b\u00fbche \u00e0 mi-hauteur.<\/p>\n<p>7- Plongez le roul\u00e9 \u00e0 l\u2019int\u00e9rieur et recouvrez du reste de mousse. Terminez par le rectangle de biscuit roul\u00e9 que vous aurez pr\u00e9alablement recouvert de confiture (mettre le c\u00f4t\u00e9 confiture au contact de la mousse, bien s\u00fbr ^^).<\/p>\n<p>8- Placez au frais pour 3 heures puis 2 heures au cong\u00e9lateur. D\u00e9moulez d\u00e9licatement et placez de nouveau au frais. Comptez 4-5 heures avant de pouvoir la servir.<\/p>\n<h3>La d\u00e9co :<\/h3>\n<p>1- Fouettez l\u2019oeuf avec le sucre jusqu\u2019\u00e0 ce qu\u2019il devienne mousseux.<\/p>\n<p>2- Ajoutez alors le beurre pommade, les zestes, la farine et sablez entre vos mains.<\/p>\n<p>3- Formez une boule et filmez-la.<\/p>\n<p>4- R\u00e9servez 1 heure au r\u00e9frig\u00e9rateur, le temps que la p\u00e2te durcisse un peu.<\/p>\n<p>5- \u00c9talez la p\u00e2te sur un plan de travail farin\u00e9.<\/p>\n<p>6- D\u00e9coupez avec des emporte-pi\u00e8ces et d\u00e9posez-les sur une plaque.<\/p>\n<p>7-\u00a0Faites pr\u00e9chauffer votre four \u00e0 180\u00b0C et enfournez pour 16 \u00e0 18 min. Ils doivent ressortir dor\u00e9s.<\/p>\n<p>8- Laissez refroidir avant de d\u00e9corer \u00e0 votre convenance.<\/p>\n<p>9- Au moment de servir, disposez les biscuits tout autour de la b\u00fbche et servez. S\u2019ils ont du mal \u00e0 tenir, utilisez un peu de gla\u00e7age pour les coller \u00e0 la mousse.<\/p>\n<p><img itemprop=\"image\" class=\"aligncenter size-full wp-image-43583\" data-src=\"https:\/\/static.chefnini.com\/wp-content\/uploads\/2022\/12\/buche-vanille-orange.jpg\" alt=\"\" width=\"500\" height=\"750\" srcset=\"https:\/\/static.chefnini.com\/wp-content\/uploads\/2022\/12\/buche-vanille-orange.jpg 500w, https:\/\/static.chefnini.com\/wp-content\/uploads\/2022\/12\/buche-vanille-orange-200x300.jpg 200w\" sizes=\"(max-width: 500px) 100vw, 500px\"\/><\/p>\n<\/div>\n<p> <!-- recipeInstructions --> \t\t\t\t\t\t\t\t\t<\/div>\n<p>[ad_2]<br \/>\n<br \/><a href=\"https:\/\/www.chefnini.com\/buche-vanille-et-orange\/\">Source link <\/a><\/p>\n","protected":false},"excerpt":{"rendered":"<p>[ad_1] Hello, j\u2019esp\u00e8re que vous allez bien ! Je suis vraiment contente de pouvoir vous proposer une nouvelle recette de &hellip; <a href=\"http:\/\/www.affinite.fr\/index.php\/2022\/12\/02\/buche-vanille-et-orange-chefnini\/\" class=\"more-link\">Plus <span class=\"screen-reader-text\">B\u00fbche vanille et orange &#8211; chefNini<\/span> <span class=\"meta-nav\">&rarr;<\/span><\/a><\/p>\n","protected":false},"author":1,"featured_media":8622,"comment_status":"","ping_status":"open","sticky":false,"template":"","format":"standard","meta":{"_sitemap_exclude":false,"_sitemap_priority":"","_sitemap_frequency":"","footnotes":""},"categories":[1],"tags":[],"class_list":["post-8621","post","type-post","status-publish","format-standard","has-post-thumbnail","hentry","category-tous"],"_links":{"self":[{"href":"http:\/\/www.affinite.fr\/index.php\/wp-json\/wp\/v2\/posts\/8621"}],"collection":[{"href":"http:\/\/www.affinite.fr\/index.php\/wp-json\/wp\/v2\/posts"}],"about":[{"href":"http:\/\/www.affinite.fr\/index.php\/wp-json\/wp\/v2\/types\/post"}],"author":[{"embeddable":true,"href":"http:\/\/www.affinite.fr\/index.php\/wp-json\/wp\/v2\/users\/1"}],"replies":[{"embeddable":true,"href":"http:\/\/www.affinite.fr\/index.php\/wp-json\/wp\/v2\/comments?post=8621"}],"version-history":[{"count":0,"href":"http:\/\/www.affinite.fr\/index.php\/wp-json\/wp\/v2\/posts\/8621\/revisions"}],"wp:featuredmedia":[{"embeddable":true,"href":"http:\/\/www.affinite.fr\/index.php\/wp-json\/wp\/v2\/media\/8622"}],"wp:attachment":[{"href":"http:\/\/www.affinite.fr\/index.php\/wp-json\/wp\/v2\/media?parent=8621"}],"wp:term":[{"taxonomy":"category","embeddable":true,"href":"http:\/\/www.affinite.fr\/index.php\/wp-json\/wp\/v2\/categories?post=8621"},{"taxonomy":"post_tag","embeddable":true,"href":"http:\/\/www.affinite.fr\/index.php\/wp-json\/wp\/v2\/tags?post=8621"}],"curies":[{"name":"wp","href":"https:\/\/api.w.org\/{rel}","templated":true}]}}