{"id":862,"date":"2020-03-19T23:53:00","date_gmt":"2020-03-19T23:53:00","guid":{"rendered":"https:\/\/www.affinite.fr\/index.php\/2020\/03\/19\/slack-devoile-une-nouvelle-version-de-son-application\/"},"modified":"2020-03-19T23:53:00","modified_gmt":"2020-03-19T23:53:00","slug":"slack-devoile-une-nouvelle-version-de-son-application","status":"publish","type":"post","link":"http:\/\/www.affinite.fr\/index.php\/2020\/03\/19\/slack-devoile-une-nouvelle-version-de-son-application\/","title":{"rendered":"Slack d\u00e9voile une nouvelle version de son application"},"content":{"rendered":"<p> [ad_1]<br \/>\n<\/p>\n<div itemprop=\"articleBody\">\n<p class=\"MsoNormal\">Slack vient de d\u00e9voiler une importante mise \u00e0 jour de son application de communication collaborative. <span>\u00a0<\/span>Plusieurs am\u00e9liorations ont \u00e9t\u00e9 apport\u00e9es, notamment en ce qui concerne l\u2019interface de l\u2019application, r\u00e9organis\u00e9e pour une utilisation simplifi\u00e9e et un acc\u00e8s plus rapide aux informations les plus importantes.<\/p>\n<h3 class=\"MsoNormal\" style=\"color:#333; font-family:arial,helvetica,sans-serif; font-size:23px; font-weight:700\"><strong>Des menus r\u00e9organis\u00e9s pour une utilisation simplifi\u00e9e<\/strong><\/h3>\n<p class=\"MsoNormal\">Avec cette mise \u00e0 jour, Slack entend faciliter l\u2019utilisation de son outil. Pour cela, les d\u00e9veloppeurs ont d\u00e9cid\u00e9 d\u2019int\u00e9grer une nouvelle barre de navigation permettant de lancer des recherches rapides ou d\u2019acc\u00e9der imm\u00e9diatement vers les conversations r\u00e9centes. Ainsi, la barre lat\u00e9rale regroupe d\u00e9sormais un acc\u00e8s rapide aux mentions et r\u00e9actions, aux brouillons, aux canaux ou encore aux Fichiers.<\/p>\n<p class=\"MsoNormal\">La simplification de Slack passe \u00e9galement par la possibilit\u00e9 de r\u00e9organiser les canaux, messages directs, et applications au sein de sections personnalisables pour les utilisateurs de la version payante de l\u2019application. Il est, par exemple, possible d\u2019y cr\u00e9er un projet dans lequel seront regroup\u00e9s tous les canaux et conversations qui s\u2019y rapportent.<\/p>\n<div data-force-click=\"true\" class=\"bloc\">\n            <center><img decoding=\"async\" alt=\"\" src=\"https:\/\/i.imgur.com\/YEpQgOA.gif\" width=\"620\"\/><\/center>\n    <\/div>\n<p class=\"MsoNormal\">Cette nouvelle mouture de Slack inaugure par ailleurs un bouton Composer, accessible en haut de la barre d\u2019outils, pour d\u00e9marrer la r\u00e9daction d\u2019un message qui pourra \u00eatre destin\u00e9 aussi bien \u00e0 un canal, qu\u2019\u00e0 un contact en particulier.<\/p>\n<aside class=\"bg-color-0 padding-inside-all-s bloc border-s\">\n<h4 class=\"box-txt-normal\">\n<p><strong>A d\u00e9couvrir aussi en vid\u00e9o<\/strong><\/p>\n<\/h4>\n<\/aside>\n<p class=\"MsoNormal\">Enfin, l\u2019acc\u00e8s aux outils tiers associ\u00e9s \u00e0 l\u2019application est dor\u00e9navant facilit\u00e9 par l\u2019ajout d\u2019un bouton de raccourci int\u00e9gr\u00e9 directement au champ de saisie de message. Le d\u00e9ploiement de cette mise \u00e0 jour vient tout juste de d\u00e9buter et devrait se d\u00e9rouler sur plusieurs semaines, avec notamment l\u2019arriv\u00e9e d\u2019une nouvelle version mobile de l\u2019application.<\/p>\n<p class=\"MsoNormal\"><strong>Source\u00a0:<\/strong> <a data-cke-saved-href=\"https:\/\/slackhq.com\/presentation-de-la-nouvelle-version-de-slack-plus-simple-et-plus-organisee\" href=\"https:\/\/slackhq.com\/presentation-de-la-nouvelle-version-de-slack-plus-simple-et-plus-organisee\" target=\"_blank\" rel=\"noopener noreferrer\">Slack<\/a><\/p>\n<\/p><\/div>\n<p><script>\n         !function(f,b,e,v,n,t,s){if(f.fbq)return;n=f.fbq=function()\n         {n.callMethod? n.callMethod.apply(n,arguments):n.queue.push(arguments)}\n         ;if(!f._fbq)f._fbq=n;\n             n.push=n;n.loaded=!0;n.version='2.0';n.queue=[];t=b.createElement(e);t.async=!0;\n             t.src=v;s=b.getElementsByTagName(e)[0];s.parentNode.insertBefore(t,s)}(window,\n                 document,'script','https:\/\/connect.facebook.net\/en_US\/fbevents.js');\n         fbq('init', '1065890633454496');\n         fbq('track', 'PageView');\n     <\/script><br \/>\n<br \/>[ad_2]<br \/>\n<br \/><a href=\"https:\/\/www.01net.com\/actualites\/slack-devoile-une-nouvelle-version-de-son-application-1877814.html\">Source link <\/a><\/p>\n","protected":false},"excerpt":{"rendered":"<p>[ad_1] Slack vient de d\u00e9voiler une importante mise \u00e0 jour de son application de communication collaborative. \u00a0Plusieurs am\u00e9liorations ont \u00e9t\u00e9 &hellip; <a href=\"http:\/\/www.affinite.fr\/index.php\/2020\/03\/19\/slack-devoile-une-nouvelle-version-de-son-application\/\" class=\"more-link\">Plus <span class=\"screen-reader-text\">Slack d\u00e9voile une nouvelle version de son application<\/span> <span class=\"meta-nav\">&rarr;<\/span><\/a><\/p>\n","protected":false},"author":1,"featured_media":863,"comment_status":"open","ping_status":"open","sticky":false,"template":"","format":"standard","meta":{"_sitemap_exclude":false,"_sitemap_priority":"","_sitemap_frequency":"","footnotes":""},"categories":[1],"tags":[],"class_list":["post-862","post","type-post","status-publish","format-standard","has-post-thumbnail","hentry","category-tous"],"_links":{"self":[{"href":"http:\/\/www.affinite.fr\/index.php\/wp-json\/wp\/v2\/posts\/862"}],"collection":[{"href":"http:\/\/www.affinite.fr\/index.php\/wp-json\/wp\/v2\/posts"}],"about":[{"href":"http:\/\/www.affinite.fr\/index.php\/wp-json\/wp\/v2\/types\/post"}],"author":[{"embeddable":true,"href":"http:\/\/www.affinite.fr\/index.php\/wp-json\/wp\/v2\/users\/1"}],"replies":[{"embeddable":true,"href":"http:\/\/www.affinite.fr\/index.php\/wp-json\/wp\/v2\/comments?post=862"}],"version-history":[{"count":0,"href":"http:\/\/www.affinite.fr\/index.php\/wp-json\/wp\/v2\/posts\/862\/revisions"}],"wp:featuredmedia":[{"embeddable":true,"href":"http:\/\/www.affinite.fr\/index.php\/wp-json\/wp\/v2\/media\/863"}],"wp:attachment":[{"href":"http:\/\/www.affinite.fr\/index.php\/wp-json\/wp\/v2\/media?parent=862"}],"wp:term":[{"taxonomy":"category","embeddable":true,"href":"http:\/\/www.affinite.fr\/index.php\/wp-json\/wp\/v2\/categories?post=862"},{"taxonomy":"post_tag","embeddable":true,"href":"http:\/\/www.affinite.fr\/index.php\/wp-json\/wp\/v2\/tags?post=862"}],"curies":[{"name":"wp","href":"https:\/\/api.w.org\/{rel}","templated":true}]}}