{"id":8615,"date":"2022-12-02T17:12:46","date_gmt":"2022-12-02T17:12:46","guid":{"rendered":"https:\/\/www.affinite.fr\/index.php\/2022\/12\/02\/palets-bretons-la-vraie-recette-il-etait-une-fois-la-patisserie\/"},"modified":"2022-12-02T17:12:46","modified_gmt":"2022-12-02T17:12:46","slug":"palets-bretons-la-vraie-recette-il-etait-une-fois-la-patisserie","status":"publish","type":"post","link":"http:\/\/www.affinite.fr\/index.php\/2022\/12\/02\/palets-bretons-la-vraie-recette-il-etait-une-fois-la-patisserie\/","title":{"rendered":"Palets bretons &#8211; la vraie recette : Il \u00e9tait une fois la p\u00e2tisserie"},"content":{"rendered":"<p> [ad_1]<br \/>\n<\/p>\n<div>\nVoici des biscuits que j&rsquo;adore : les <span style=\"font-size: large;\"><b><span class=\"fn\">palets bretons<\/span><\/b><\/span> ! Avec le th\u00e9, c&rsquo;est un r\u00e9gal \ud83d\ude42 En plus, ils sont tr\u00e8s faciles \u00e0 faire, rapides et n\u00e9cessitent peu d&rsquo;ingr\u00e9dients. Croustillants, beurr\u00e9s \u00e0 souhait, et ce petit go\u00fbt sal\u00e9 qui r\u00e9veille les papilles, ce serait dommage de s&rsquo;en priver !<\/p>\n<p>La recette en vid\u00e9o est ici : <span class=\"lienamazon\"><a href=\"https:\/\/youtu.be\/KTtPjNCEObQ\" target=\"_blank\" rel=\"noopener\">Palets bretons en vid\u00e9o<\/a><\/span>.<\/p>\n<div class=\"separator\" style=\"clear: both; text-align: center;\">\n<a href=\"https:\/\/www.iletaitunefoislapatisserie.com\/2014\/07\/palets-bretons.html\"><img decoding=\"async\" alt=\"recette-palets-breton\" border=\"0\" class=\"photo\" data-original-height=\"1171\" data-original-width=\"1200\" src=\"https:\/\/blogger.googleusercontent.com\/img\/b\/R29vZ2xl\/AVvXsEjcj0Yn4XC3hXophhBkjDyU6KmuM70w1GLf5FRCziRzccn0id1Hyk5AeUubt4pyr5JrNRi_5yT5UDzdzpAYtArlvhmU1RjRBl0wBl1ZjnjcO144QOs5kVjGeO3fTkFU5Uj-ZN83-hfd92T5VEl1FTKe6yyyj_YukFxMAprB0IfEnAM_yqjSZ0jj7yn5\/s16000\/recette-des-palets-bretons.jpg\" title=\"recette des palets bretons\"\/><\/a><\/div>\n<p><a name=\"more\"\/>On peut les manger en grignotage, mais la recette est aussi bien utilise<br \/>\n pour servir de base \u00e0 des <a href=\"https:\/\/www.iletaitunefoislapatisserie.com\/search\/label\/entremets\" target=\"_blank\" rel=\"noopener\">entremets<\/a>, des <a href=\"https:\/\/www.iletaitunefoislapatisserie.com\/2020\/07\/les-9-meilleures-recettes-de-cheesecakes.html\" target=\"_blank\" rel=\"noopener\">cheesecakes<\/a> ou autres, donc \u00e0<br \/>\ngarder pr\u00e9cieusement !<\/p>\n<p>Cette recette de palets bretons est celle de Christophe Felder, issue de son <a href=\"http:\/\/www.affinite.fr\/index.php\/2023\/08\/24\/lart-de-la-glace-transforme-en-business-la-vision-unique-de-fabien-gris\/\">livre<\/a> <span class=\"lienamazon\"><a href=\"https:\/\/amzn.to\/3zHFgUC\" rel=\"nofollow noopener\" target=\"_blank\">Chocolat<\/a><\/span>, et qui dit Felder, dit pas un gramme a modifier, c&rsquo;est forc\u00e9ment <b>parfait <\/b>!<\/p>\n<div style=\"text-align: center;\">\n<img decoding=\"async\" alt=\"palets-bretons-recette\" border=\"0\" data-original-height=\"944\" data-original-width=\"650\" src=\"https:\/\/blogger.googleusercontent.com\/img\/b\/R29vZ2xl\/AVvXsEhbtkThyWOV2SUJBtLGPAkiDKgyBXdQycX9nhUx9KQoOOqBBKTWrEvFFZ1f_KySs30l_pmsYbRXBNMm5XHGcOaFe81BFp4BGJvIjIKT-lwhfynzJSB1Arz-nfYLgUsPDuFVksabLtBgVyDuGfLeMTpe-826I-II3dS6nB2SVoYVLgIGig3Lt_ewgd53\/s16000-rw\/comment-faire-palets-bretons.jpg\" title=\"recette biscuits bretons\"\/>\n<\/div>\n<p>Le palet breton, qu&rsquo;on appelle aussi <b>sabl\u00e9 breton<\/b>, a la m\u00eame origine que sa petite s\u0153ur : la <a href=\"https:\/\/www.iletaitunefoislapatisserie.com\/2014\/04\/la-recette-des-galettes-bretonnes-et-un.html\" target=\"_blank\" rel=\"noopener\">galette bretonne<\/a>. C&rsquo;est en effet le m\u00eame boulanger qui a invit\u00e9 les deux recettes ! Il \u00e9tait trop fort ! Pour en savoir plus sur l&rsquo;histoire des ces deux biscuits, <a href=\"https:\/\/www.ledessertdabord.fr\/histoire-de-sable-breton\/\" target=\"_blank\" rel=\"noopener\">rendez-vous par ici<\/a>.<\/p>\n<p>Le palet breton est plus \u00e9pais que la galette bretonne (entre 1 et 1,5 cm d&rsquo;\u00e9paisseur). Il est <b>tr\u00e8s friable<\/b>, mais <b>fondant en bouche.<\/b><\/p>\n<div style=\"text-align: center;\"><img decoding=\"async\" alt=\"sables-breton-recette\" border=\"0\" data-original-height=\"1187\" data-original-width=\"650\" src=\"https:\/\/blogger.googleusercontent.com\/img\/b\/R29vZ2xl\/AVvXsEi3LTqltZ4nmkQWIJqes4IyRUKkstK6TOySDooKynBJ__QY5JIvJ9IezdgSGsjsxc5gC1SjE3mEN0yKtgqxqhOpf3O2VVRP3RO_ZF101tu0NFT8ZTW2jVen1LmxyUuJWNJbEUStgGHSiXzZIm2xBn7FmjdjwHoA8kTBtYdFdU5hLK_JAtzUmNSluwhA\/s16000-rw\/recette-palets-bretons.jpg\" title=\"recette des sabl\u00e9s bretons\"\/><\/div>\n<p>Regardez-moi cette texture !<\/p>\n<p><span style=\"font-size: large;\"><b>D&rsquo;autres recettes de biscuits natures ?<\/b><\/span><\/p>\n<div class=\"snippet2\">\n<b><u>INFOS RECETTE :<\/u><\/b><\/p>\n<p><i class=\"fas fa-user\"\/>\u00a0 Parts : <b><span class=\"yield\">8 palets bretons<\/span> environ<\/b><br \/><i class=\"fas fa-utensils\"\/>\u00a0 Pr\u00e9paration : <b><span class=\"preptime\">15 minutes<span class=\"value-title\" title=\"PT00H15M\"\/><\/span><\/b><br \/><i class=\"fas fa-cookie\"\/>\u00a0 Cuisson : <b><span class=\"cooktime\">17 minutes<span class=\"value-title\" title=\"PT00H17M\"\/><\/span><\/b><br \/><i class=\"far fa-clock\"\/>\u00a0 Total : <b><span class=\"duration\">32 minutes<span class=\"value-title\" title=\"PT00H32M\"\/><\/span><\/b><\/p>\n<\/div>\n<div class=\"quantite\">\n<u>Ingr\u00e9dients pour environ 8 palets bretons :<\/u><\/p>\n<ul style=\"text-align: left;\">\n<li><span class=\"ingredient\">2 jaunes d\u2019\u0153uf<\/span><\/li>\n<li><span class=\"ingredient\">80 g de sucre en poudre<\/span><\/li>\n<li><span class=\"ingredient\">100 g de beurre demi-sel mou (non, vous ne pouvez pas mettre du beurre doux, ce serait insulter les Bretons et vous serez d\u00e9\u00e7u du go\u00fbt de vos biscuits)<br \/><\/span><\/li>\n<li><span class=\"ingredient\">130 g de farine<\/span><\/li>\n<li><span class=\"ingredient\">1 sachet de levure chimique (11 g)<br \/><\/span><\/li>\n<li><span class=\"ingredient\">2 pinc\u00e9es de fleur de sel (vous pouvez mettre du sel fin \u00e0 d\u00e9faut, mais vous n&rsquo;aurez pas la vraie recette avec ce petit go\u00fbt de sel qui craque sous la dent)<\/span>\n<\/li>\n<\/ul>\n<\/div>\n<p>\n<u><span class=\"instructions\">Pr\u00e9paration :<\/span><\/u><\/p>\n<p><i class=\"fab fa-youtube\"\/> La recette en vid\u00e9o <a href=\"https:\/\/youtu.be\/KTtPjNCEObQ\" target=\"_blank\" rel=\"noopener\">est ici<\/a> :<\/p>\n<p><span class=\"instructions\">1. Pr\u00e9chauffez votre four \u00e0 170\u00b0C. Blanchissez ensemble les<br \/>\n jaunes d\u2019\u0153uf et le sucre. Ajoutez le beurre mou et m\u00e9langez bien.<\/span><\/p>\n<p><span class=\"instructions\">2. Incorporez ensuite la farine, la levure et la <b>fleur de sel<\/b>.<\/span><\/p>\n<p><span class=\"instructions\">3. \u00c9talez entre deux feuilles de papier sulfuris\u00e9 sur 1 petit centim\u00e8tre d&rsquo;\u00e9paisseur. D\u00e9taillez 8 cercles avec un <span class=\"lienamazon\"><a href=\"https:\/\/www.amazon.fr\/gp\/product\/B00486T1WA\/ref=as_li_tl?ie=UTF8&amp;tag=iletaitunefoislapatisserie-21&amp;camp=1642&amp;creative=6746&amp;linkCode=as2&amp;creativeASIN=B00486T1WA&amp;linkId=1ba99ef5d12100d786b69eb85a9364ca\" rel=\"nofollow noopener\" target=\"_blank\">emporte-pi\u00e8ce<\/a><\/span> (le mien fait 8 centim\u00e8tres de diam\u00e8tre). Si la p\u00e2te est trop molle, placez-la <b>quelques minutes au r\u00e9frig\u00e9rateur<\/b> ou au cong\u00e9lateur avant de continuer. De fa\u00e7on g\u00e9n\u00e9rale, \u00e0 chaque fois que la p\u00e2te est trop molle \u00e0 travailler, placez-la au frais le temps qu&rsquo;elle retrouve une texture correcte.<\/span><\/p>\n<div class=\"separator\" style=\"clear: both; text-align: center;\"><img loading=\"lazy\" decoding=\"async\" border=\"0\" height=\"213\" src=\"https:\/\/3.bp.blogspot.com\/-8L-WhqcqwZo\/U7cQJv1GpvI\/AAAAAAAAEis\/QPAZz-iWOag\/s1600-rw\/IMG_8332.JPG\" width=\"320\"\/><\/div>\n<p>\n<span class=\"instructions\">4. Disposez les palets bretons sur une <span class=\"lienamazon\"><a href=\"https:\/\/amzn.to\/3PafvBX\" rel=\"nofollow noopener\" target=\"_blank\">plaque perfor\u00e9e<\/a><\/span> recouverte de papier cuisson ou de <span class=\"lienamazon\"><a href=\"https:\/\/amzn.to\/3AdCQyH\">silpat<\/a><\/span>.<\/p>\n<p>Il est possible de les colorer avec du jaune d\u2019\u0153uf. Je ne le fais pas car je ne prends g\u00e9n\u00e9ralement pas le temps, mais \u00e7a donne une jolie couleur dor\u00e9e. Sur les photos, je ne l&rsquo;ai pas fait et c&rsquo;est joli quand m\u00eame !<\/p>\n<p><\/span><\/p>\n<p><span class=\"instructions\">Je laisse mes palets bretons cuire <b>dans les emporte-pi\u00e8ces<\/b> pour leur donner une jolie forme. Si vous n&rsquo;en avez pas assez, il vaut mieux mettre la p\u00e2te au frigo une demie-heure afin de la faire durcir avant d&rsquo;enfourner pour qu&rsquo;ils ne s&rsquo;\u00e9talent pas trop. Mais s&rsquo;\u00e9talera forc\u00e9ment un peu.<\/span><\/p>\n<p><span class=\"instructions\">5. Enfournez 17 minutes, en surveillant la <b>coloration<\/b>.<\/span><\/p>\n<div class=\"separator\" style=\"clear: both; text-align: center;\">\n<img decoding=\"async\" alt=\"palets-bretons\" border=\"0\" data-original-height=\"798\" data-original-width=\"650\" src=\"https:\/\/blogger.googleusercontent.com\/img\/b\/R29vZ2xl\/AVvXsEiyx_l19VD1o36GrZoSy7_HPu2RKCXbslhFcYxxK1K3M85Vd0sbsqVj_qpecWEGu6-4zviZSS2d9OiG2QBhSJWThwCpQH6qC2Eql_BiauyEFQHYRtILaXPhh1eEIz5BJ3eOAx4oD50_QYUgKGJz9DJ58-n4W9edsVTyrK7qLEXMJ7m6Arl0yqh1yBNn\/s16000-rw\/palets-breton-recette-inratable.jpg\" title=\"palets bretons\"\/><\/div>\n<p>\nC&rsquo;est d\u00e9j\u00e0 pr\u00eat !<\/p>\n<div style=\"text-align: center;\">\n<a href=\"http:\/\/www.amazon.fr\/gp\/product\/2732449512\/ref=as_li_tl?ie=UTF8&amp;camp=1642&amp;creative=19458&amp;creativeASIN=2732449512&amp;linkCode=as2&amp;tag=deshistoadorm-21\" rel=\"nofollow noopener\" target=\"_blank\"><img decoding=\"async\" border=\"0\" src=\"https:\/\/lh3.googleusercontent.com\/blogger_img_proxy\/ANbyha0zWC9j_qv7JittqZ8EfM_TN2BEbbIGST8hJB0hZvgc0Ugksy1jFiZWvwPg7rKU5YEf47oeXYox5pk8m6rIe04ZuGh8yRtWsd7GmHJklKESZTcbGURAbdB_X4v0cdLgBMhDzrW4GkLnhCoi2QGCHhJBlzo-xXa4j3q2YZWQHiHzARoqL2m6AMkafsVK9nLjf7rxj7wmYUuM9O-NQKdLSzWGX47yUFKzZ0LQEjEcuT3k88qMcZOt7bcY5D31ZqX4_h6ctyVYu6Qq8R4=s0-d\"\/><\/a><img loading=\"lazy\" decoding=\"async\" alt=\"\" border=\"0\" height=\"1\" src=\"https:\/\/lh3.googleusercontent.com\/blogger_img_proxy\/ANbyha036CSBuQnrq2xFsZwJ58GPES_bmgTVNwplwcXOhtmwTiEcKQ1bprznSyrETlV99zEn-emUIA64hNbis1y7wZQAVHsFnbFg9wK5_psnJacDYnlDG7F8TQMhp16OX0ZRutXVJDkuFyyzeklIo9A0oN-fW3E=s0-d\" style=\"border: medium none; margin: 0px;\" width=\"1\"\/><\/p>\n<\/div>\n<p>\n<center><\/p>\n<p><\/center><\/p>\n<p><a href=\"http:\/\/www.iletaitunefoislapatisserie.com\/p\/les-biscuits.html\" target=\"_blank\" rel=\"noopener\">Toutes les recettes de biscuits par ici<\/a>.<\/p>\n<div class=\"separator\" style=\"clear: both; text-align: center;\">\n<a href=\"https:\/\/amzn.to\/3vQaIPt\" rel=\"nofollow noopener\" target=\"_blank\"><img loading=\"lazy\" decoding=\"async\" alt=\"fouetelectrique\" border=\"0\" data-original-height=\"349\" data-original-width=\"425\" height=\"262\" src=\"https:\/\/2.bp.blogspot.com\/-GBOMQz1Gpic\/WUgBgs8pntI\/AAAAAAAAZoU\/Eyjg40MWSVIk7xnbxXXuNX2fFVEVAW3xwCLcBGAs\/s320\/fouet-electrique-moulinex.jpg\" width=\"320\"\/><\/a><\/div>\n<p>\n<\/div>\n<p>[ad_2]<br \/>\n<br \/><a href=\"https:\/\/www.iletaitunefoislapatisserie.com\/2014\/07\/palets-bretons.html\">Source link <\/a><\/p>\n","protected":false},"excerpt":{"rendered":"<p>[ad_1] Voici des biscuits que j&rsquo;adore : les palets bretons ! Avec le th\u00e9, c&rsquo;est un r\u00e9gal \ud83d\ude42 En plus, &hellip; <a href=\"http:\/\/www.affinite.fr\/index.php\/2022\/12\/02\/palets-bretons-la-vraie-recette-il-etait-une-fois-la-patisserie\/\" class=\"more-link\">Plus <span class=\"screen-reader-text\">Palets bretons &#8211; la vraie recette : Il \u00e9tait une fois la p\u00e2tisserie<\/span> <span class=\"meta-nav\">&rarr;<\/span><\/a><\/p>\n","protected":false},"author":1,"featured_media":8616,"comment_status":"","ping_status":"open","sticky":false,"template":"","format":"standard","meta":{"_sitemap_exclude":false,"_sitemap_priority":"","_sitemap_frequency":"","footnotes":""},"categories":[1],"tags":[],"class_list":["post-8615","post","type-post","status-publish","format-standard","has-post-thumbnail","hentry","category-tous"],"_links":{"self":[{"href":"http:\/\/www.affinite.fr\/index.php\/wp-json\/wp\/v2\/posts\/8615"}],"collection":[{"href":"http:\/\/www.affinite.fr\/index.php\/wp-json\/wp\/v2\/posts"}],"about":[{"href":"http:\/\/www.affinite.fr\/index.php\/wp-json\/wp\/v2\/types\/post"}],"author":[{"embeddable":true,"href":"http:\/\/www.affinite.fr\/index.php\/wp-json\/wp\/v2\/users\/1"}],"replies":[{"embeddable":true,"href":"http:\/\/www.affinite.fr\/index.php\/wp-json\/wp\/v2\/comments?post=8615"}],"version-history":[{"count":0,"href":"http:\/\/www.affinite.fr\/index.php\/wp-json\/wp\/v2\/posts\/8615\/revisions"}],"wp:featuredmedia":[{"embeddable":true,"href":"http:\/\/www.affinite.fr\/index.php\/wp-json\/wp\/v2\/media\/8616"}],"wp:attachment":[{"href":"http:\/\/www.affinite.fr\/index.php\/wp-json\/wp\/v2\/media?parent=8615"}],"wp:term":[{"taxonomy":"category","embeddable":true,"href":"http:\/\/www.affinite.fr\/index.php\/wp-json\/wp\/v2\/categories?post=8615"},{"taxonomy":"post_tag","embeddable":true,"href":"http:\/\/www.affinite.fr\/index.php\/wp-json\/wp\/v2\/tags?post=8615"}],"curies":[{"name":"wp","href":"https:\/\/api.w.org\/{rel}","templated":true}]}}