{"id":8613,"date":"2022-12-01T17:17:07","date_gmt":"2022-12-01T17:17:07","guid":{"rendered":"https:\/\/www.affinite.fr\/index.php\/2022\/12\/01\/louane-et-son-style-moderne-a-la-pointe-des-tendances\/"},"modified":"2022-12-01T17:17:07","modified_gmt":"2022-12-01T17:17:07","slug":"louane-et-son-style-moderne-a-la-pointe-des-tendances","status":"publish","type":"post","link":"http:\/\/www.affinite.fr\/index.php\/2022\/12\/01\/louane-et-son-style-moderne-a-la-pointe-des-tendances\/","title":{"rendered":"Louane et son style moderne, \u00e0 la pointe des tendances"},"content":{"rendered":"<p> [ad_1]<br \/>\n<\/p>\n<p>\n                Chanteuse et actrice, Louane joue sur plusieurs tableaux \u2014 pour le plus grand bonheur de ses fans \u2014 non pas sans un certain style. Quels sont les secrets de ses tenues\u00a0? D\u00e9cryptage.            <\/p>\n<div>\n<aside class=\"ccmsummary marqueur_module ccmcss_cms_summary ccmcss_cms_summary--right\">\n<p>Sommaire<\/p>\n<\/aside>\n<p><strong>Louane Emera<\/strong>, Anne Peichert de son vrai nom, voit le jour le 26\u00a0novembre 1996\u00a0\u00e0 H\u00e9nin-Beaumont, dans le Nord-Pas-de-Calais. C&rsquo;est en 2013\u00a0qu&rsquo;elle se fait remarquer pour la premi\u00e8re fois, en participant \u00e0 l&rsquo;\u00e9mission <em>The Voice\u00a0: la plus belle voix<\/em>. Un an plus tard, elle passe devant la cam\u00e9ra dans <strong><em>La Famille B\u00e9lier<\/em><\/strong>, r\u00e9alis\u00e9 par \u00c9ric Lartigau. Un premier r\u00f4le qui lui vaudra de remporter le C\u00e9sar du meilleur espoir f\u00e9minin en 2015. Depuis, elle a sorti plusieurs albums et appara\u00eet r\u00e9guli\u00e8rement aux premiers rangs de d\u00e9fil\u00e9s \u2014 toujours avec allure. Plus\u00a0glamour d&rsquo;ann\u00e9e\u00a0en ann\u00e9e, elle affirme son style en m\u00e9langeant des<strong> hits classiques avec les pi\u00e8ces mode les plus en vogue<\/strong> de la saison.\u00a0Mocassins <em>chuncky <\/em>associ\u00e9s \u00e0 une minijupe, robe courte et bottines ou total look <a href=\"https:\/\/www.journaldesfemmes.fr\/mode\/conseils-mode\/2842255-qu-est-ce-que-le-cuir-et-lequel-acheter\/\" title=\"Cuir\">cuir<\/a>, Louane n&rsquo;a clairement rien a envier aux plus grandes. D\u00e9cryptage d&rsquo;une allure qui s&rsquo;approprie toutes les tendances.\u00a0<\/p>\n<figure class=\"image\" style=\"float:left\"><a class=\"fancy\" href=\"https:\/\/img-3.journaldesfemmes.fr\/ZBzsi2Z2ZQi0WBydTIUKBnuQruw=\/1080x\/smart\/df1beb7119724fbc9a65165108a60dc4\/ccmcms-jdf\/37422017.jpg\"><img decoding=\"async\" alt=\"louane-style-debuts\" src=\"https:\/\/img-3.journaldesfemmes.fr\/-UceRO3qjXlfmwwHp1qSnJ8fwUc=\/300x\/smart\/df1beb7119724fbc9a65165108a60dc4\/ccmcms-jdf\/37422017.jpg\"\/><\/a><figcaption data-credit=\"Gouhier Nicolas\/ABACA\" data-legend=\"Louane dans les coulisses d'un concert M6 \u00e0 Issy-les-Moulineaux le 14 juin 2014\">Louane dans les coulisses d&rsquo;un concert M6 \u00e0 Issy-les-Moulineaux le 14 juin 2014 <small>\u00a9\u00a0Gouhier Nicolas\/ABACA<\/small><\/figcaption><\/figure>\n<h2 id=\"son-style-a-ses-debuts\">Quel \u00e9tait le style de Louane \u00e0 ses d\u00e9buts ?<\/h2>\n<p id=\"the-voice-promo-de-la-famille-belier-etc\">2013 : Louane participe \u00e0 l&rsquo;\u00e9mission <em>The Voice\u00a0: la plus belle voix<\/em>. Lors des primes, \u00e2g\u00e9e de 16\u00a0ans seulement, elle arbore un style adolescent des plus classiques. Robes noires et tenues aux teintes neutres font alors partie de sa garde-robe. Coach\u00e9e par l&rsquo;artiste Louis Bertignac, elle acc\u00e8de \u00e0 la demi-finale du t\u00e9l\u00e9-crochet. Une exp\u00e9rience qui lui vaut d&rsquo;\u00eatre remarqu\u00e9e par le r\u00e9alisateur \u00c9ric Lartigau. Conquis par l&rsquo;aura de la jeune chanteuse, il lui confie le premier r\u00f4le dans son film <em>La Famille B\u00e9lier<\/em>. Pour assurer la promotion du long-m\u00e9trage, Louane conserve ses iconiques <em>black dresses<\/em> et fait du noir sa couleur de pr\u00e9dilection.<\/p>\n<h2 id=\"son-style-aujourdhui\">Quel est son style aujourd&rsquo;hui ?<\/h2>\n<p>La Louane de 2022\u00a0a bien grandi\u00a0: on est loin de l&rsquo;adolescente timide des d\u00e9buts. Un passage \u00e0 l&rsquo;\u00e2ge adulte qui se remarque dans ses choix vestimentaires. <strong>Paillettes, dentelle et couleurs pop<\/strong>\u00a0: l&rsquo;\u00e9volution stylistique se remarque, notamment sur Instagram. C&rsquo;est sur le r\u00e9seau social qu&rsquo;elle partage r\u00e9guli\u00e8rement des photos de ses tenues avec ses 1,1\u00a0million d&rsquo;abonn\u00e9s. \u00c0 la ville, elle adopte une allure impr\u00e9gn\u00e9e des tendances Y2K\u00a0: tailles basses et d\u00e9bardeurs pr\u00e8s du corps font partie de ses pi\u00e8ces f\u00e9tiches.\u00a0<\/p>\n<h2 id=\"son-style-sur-scene\">Comment s&rsquo;habille-t-elle sur sc\u00e8ne ?<\/h2>\n<p>Lorsqu&rsquo;elle est en repr\u00e9sentation, Louane est fan de minijupes et de crop tops. Parfois aux c\u00f4t\u00e9s du <strong>compositeur Florian Rossi<\/strong>, son compagnon et le p\u00e8re de son enfant, elle arbore des looks bien dans l&rsquo;air du temps, qui ne manquent pas d&rsquo;attirer l&rsquo;attention des plus grands cr\u00e9ateurs. R\u00e9guli\u00e8rement invit\u00e9e aux d\u00e9fil\u00e9s de mode, elle s&rsquo;inspire des shows pour composer des costumes \u00e0 l&rsquo;image de sa musique\u00a0: pop.\u00a0<\/p>\n<figure class=\"image\" style=\"float:right\"><a class=\"fancy\" href=\"https:\/\/img-3.journaldesfemmes.fr\/jfP5FO89tBSk4MrB4rDD7_Aqxfs=\/1080x\/smart\/b875faaa18ed4efcaf8722bbd4980f97\/ccmcms-jdf\/37422056.jpg\"><img decoding=\"async\" alt=\"louane-style-aujourdhui\" src=\"https:\/\/img-3.journaldesfemmes.fr\/XXycRxyPd2cIjT236-vL29Qhxcc=\/300x\/smart\/b875faaa18ed4efcaf8722bbd4980f97\/ccmcms-jdf\/37422056.jpg\"\/><\/a><figcaption data-credit=\"Niviere David\/ABACAPRESS.COM\" data-legend=\"Louane sur le tapis rose de Cannes S\u00e9rie le 3 avril 2022\">Louane sur le tapis rose de Cannes S\u00e9rie le 3 avril 2022 <small>\u00a9\u00a0Niviere David\/ABACAPRESS.COM<\/small><\/figcaption><\/figure>\n<h2 id=\"ses-marques-preferees\">Quelles sont ses marques pr\u00e9f\u00e9r\u00e9es ?<\/h2>\n<p>Muse de <strong>Musier<\/strong> (la griffe lanc\u00e9e par la cr\u00e9atrice de contenu Anne-Laure Mais), elle collabore r\u00e9guli\u00e8rement avec une poign\u00e9e de grandes marques. Parmi ses favorites, on trouve Gucci et Dior, deux maisons qui l&rsquo;ont habill\u00e9e lors de sa tourn\u00e9e en 2022, mais aussi le label Victoria\/Tomas pour qui elle a d\u00e9fil\u00e9 pendant la Fashion week automne-hiver 2022-2023, la griffe d&rsquo;upcycling <strong>MaisonCl\u00e9o<\/strong>,\u00a0<strong>Courr\u00e8ges<\/strong> ou encore Paco Rabanne.\u00a0<\/p>\n<p>Pas toujours \u00e9vident de calquer son propre style sur celui d&rsquo;une chanteuse. Pourtant, avec Louane, il suffit de suivre les tendances lanc\u00e9es sur les r\u00e9seaux sociaux. <strong>R\u00e8gle num\u00e9ro 1<\/strong>\u00a0: ne pas h\u00e9siter \u00e0 porter de la couleur \u2014 pastel, ou plus fluo, qu&rsquo;importe. <strong>R\u00e8gle num\u00e9ro 2<\/strong>\u00a0: ne pas l\u00e9siner sur les strass et paillettes \u2014 une pi\u00e8ce qui brille peut compl\u00e8tement transformer une tenue, en journ\u00e9e comme en soir\u00e9e. <strong>R\u00e8gle num\u00e9ro 3<\/strong>\u00a0: ne pas tourner le dos au vintage \u2014 bien au contraire, les boutiques de seconde main regorgent de p\u00e9pites qui ne demandent qu&rsquo;\u00e0 (re)voir la lumi\u00e8re du jour.<\/p>\n<\/p><\/div>\n<p>[ad_2]<br \/>\n<br \/><a href=\"https:\/\/www.journaldesfemmes.fr\/mode\/styles-de-people\/2837099-louane-ose-le-duo-crop-top-minijupe-et-ca-lui-va-parfaitement\/\">Source link <\/a><\/p>\n","protected":false},"excerpt":{"rendered":"<p>[ad_1] Chanteuse et actrice, Louane joue sur plusieurs tableaux \u2014 pour le plus grand bonheur de ses fans \u2014 non &hellip; <a href=\"http:\/\/www.affinite.fr\/index.php\/2022\/12\/01\/louane-et-son-style-moderne-a-la-pointe-des-tendances\/\" class=\"more-link\">Plus <span class=\"screen-reader-text\">Louane et son style moderne, \u00e0 la pointe des tendances<\/span> <span class=\"meta-nav\">&rarr;<\/span><\/a><\/p>\n","protected":false},"author":1,"featured_media":8614,"comment_status":"","ping_status":"open","sticky":false,"template":"","format":"standard","meta":{"_sitemap_exclude":false,"_sitemap_priority":"","_sitemap_frequency":"","footnotes":""},"categories":[1],"tags":[],"class_list":["post-8613","post","type-post","status-publish","format-standard","has-post-thumbnail","hentry","category-tous"],"_links":{"self":[{"href":"http:\/\/www.affinite.fr\/index.php\/wp-json\/wp\/v2\/posts\/8613"}],"collection":[{"href":"http:\/\/www.affinite.fr\/index.php\/wp-json\/wp\/v2\/posts"}],"about":[{"href":"http:\/\/www.affinite.fr\/index.php\/wp-json\/wp\/v2\/types\/post"}],"author":[{"embeddable":true,"href":"http:\/\/www.affinite.fr\/index.php\/wp-json\/wp\/v2\/users\/1"}],"replies":[{"embeddable":true,"href":"http:\/\/www.affinite.fr\/index.php\/wp-json\/wp\/v2\/comments?post=8613"}],"version-history":[{"count":0,"href":"http:\/\/www.affinite.fr\/index.php\/wp-json\/wp\/v2\/posts\/8613\/revisions"}],"wp:featuredmedia":[{"embeddable":true,"href":"http:\/\/www.affinite.fr\/index.php\/wp-json\/wp\/v2\/media\/8614"}],"wp:attachment":[{"href":"http:\/\/www.affinite.fr\/index.php\/wp-json\/wp\/v2\/media?parent=8613"}],"wp:term":[{"taxonomy":"category","embeddable":true,"href":"http:\/\/www.affinite.fr\/index.php\/wp-json\/wp\/v2\/categories?post=8613"},{"taxonomy":"post_tag","embeddable":true,"href":"http:\/\/www.affinite.fr\/index.php\/wp-json\/wp\/v2\/tags?post=8613"}],"curies":[{"name":"wp","href":"https:\/\/api.w.org\/{rel}","templated":true}]}}