{"id":8553,"date":"2022-11-19T06:32:09","date_gmt":"2022-11-19T06:32:09","guid":{"rendered":"https:\/\/www.affinite.fr\/index.php\/2022\/11\/19\/tournee-annulee-album-en-suspens-que-se-passe-t-il\/"},"modified":"2022-11-19T06:32:09","modified_gmt":"2022-11-19T06:32:09","slug":"tournee-annulee-album-en-suspens-que-se-passe-t-il","status":"publish","type":"post","link":"http:\/\/www.affinite.fr\/index.php\/2022\/11\/19\/tournee-annulee-album-en-suspens-que-se-passe-t-il\/","title":{"rendered":"tourn\u00e9e annul\u00e9e, album en suspens\u2026 que se passe-t-il\u00a0?"},"content":{"rendered":"<p> [ad_1]<br \/>\n<br \/><img decoding=\"async\" src=\"https:\/\/img-3.journaldesfemmes.fr\/SUpdwjHwn_TSbGrtjq0nozg7O7M=\/1280x\/smart\/c4d52be07c074c329b7d5426906c50a8\/ccmcms-jdf\/39428803.jpg\" \/><\/p>\n<p>\n                La chanteuse au 20\u00a0millions d&rsquo;albums vendus aurait-elle d\u00e9finitivement raccroch\u00e9\u00a0? Depuis 2016, Patricia Kaas ne fait pratiquement plus parler d&rsquo;elle. Le \u00ab\u00a0Journal des Femmes\u00a0\u00bb fait le point sur ses plus r\u00e9centes apparitions et sur ses projets musicaux.            <\/p>\n<div>\n<p>Depuis un dernier album \u00e9ponyme sorti en 2016, c&rsquo;est le silence radio pour la star. Discr\u00e8te et peu active sur les r\u00e9seaux sociaux, la chanteuse fait languir ses fans. A-t-elle pr\u00e9vu un grand retour sur sc\u00e8ne\u00a0? En studio\u00a0? Pourquoi ne voit-on plus Patricia Kaas ? Que devient Patricia Kaas,\u00a0celle qui a vendu 20\u00a0millions d&rsquo;albums en 35\u00a0ans de carri\u00e8re\u00a0? Le <em>Journal des Femmes<\/em> est parti sur ses traces.<\/p>\n<h2>Patricia Kaas en manque d&rsquo;inspiration\u00a0?<\/h2>\n<p><strong>En avril 2022, l&rsquo;interpr\u00e8te de <em>Mademoiselle chante le blues<\/em> aurait d\u00fb<\/strong> <strong>entamer une tourn\u00e9e en France<\/strong>. Manque de chance, le projet a d\u00fb \u00eatre avort\u00e9 en raison du Covid-19. Si la pand\u00e9mie bat aujourd&rsquo;hui de l&rsquo;aile, son retour sur sc\u00e8ne n&rsquo;est cependant pas pr\u00e9vu pour tout de suite. Selon son entourage, cit\u00e9 par <em>Gala<\/em>, Patricia Kaas se refuse \u00e0 chanter \u00e0 nouveau devant le public sans nouveaux morceaux. Or, l&rsquo;accouchement semble difficile pour la chanteuse, qui <strong>travaille depuis plus de trois ans sur un nouvel album <\/strong>dont elle ne semble pas satisfaite pour le moment. Apr\u00e8s une si longue pause, l&rsquo;angoisse de la page blanche se ferait-elle sentir\u00a0? \u00ab\u00a0<em><strong>Tant que ce disque ne sera pas termin\u00e9, elle ne repartira pas en tourn\u00e9e<\/strong><\/em>\u00ab\u00a0, assurent des proches aupr\u00e8s du journal people.<\/p>\n<p>En attendant, Patricia Kaas a pr\u00e9f\u00e9r\u00e9 se tourner vers la Russie o\u00f9, comme Charles Aznavour et Mireille Mathieu, elle est une v\u00e9ritable ic\u00f4ne. Elle y a donn\u00e9 un concert en 2017, ainsi qu&rsquo;un autre en 2021. <strong>Ses fans fran\u00e7ais peuvent toutefois se consoler en l&rsquo;\u00e9coutant dans le volume 2\u00a0de <em>L&rsquo;H\u00e9ritage Goldman<\/em>, attendu\u00a0dans les bacs en d\u00e9cembre 2022\u00a0<\/strong>: un album \u00e9v\u00e9nement, de reprises des chansons les plus rythm\u00e9es de <a href=\"https:\/\/www.journaldesfemmes.fr\/people\/personnalites\/2852247-jean-jacques-goldman\/\" title=\"Jean-Jacques Goldman\">Jean-Jacques Goldman<\/a> et interpr\u00e9t\u00e9es par C\u00e9line Dion, Carla Bruni ou encore C\u00e9phaz. <strong>Patricia Kaas y interpr\u00e8te le titre culte <em>Confidentiel<\/em><\/strong>.<\/p>\n<div class=\"ccminsert\">\n<p><template data-type=\"embedtag\" data-tagname=\"youtube\"><iframe loading=\"lazy\" allow=\"accelerometer; autoplay; clipboard-write; encrypted-media; gyroscope; picture-in-picture\" allowfullscreen=\"\" frameborder=\"0\" height=\"315\" src=\"https:\/\/www.youtube.com\/embed\/yOEXcfsDl6E\" title=\"YouTube video player\" width=\"560\"><\/iframe><\/template><\/p>\n<\/div>\n<h2>L&rsquo;impatience des fans de Patricia Kaas<\/h2>\n<p>Au-del\u00e0 de ce petit \u00e9v\u00e9nement musical, l&rsquo;interpr\u00e8te \u00e0 la notori\u00e9t\u00e9 internationale pr\u00e9f\u00e8re se tenir dans l&rsquo;ombre, ne faisant que peu d&rsquo;apparitions publiques. La derni\u00e8re remonte \u00e0 d\u00e9but octobre, lors d&rsquo;un d\u00e9fil\u00e9 LVMH \u00e0 la Fashion Week de Paris, o\u00f9 elle \u00e9tait invit\u00e9e. Elle avait \u00e0 cette occasion post\u00e9 une photo sur Instagram o\u00f9 elle apparaissait avec le styliste Thibault Brie\u0300re R Descors. \u00ab\u00a0<em><strong>Merci pour l&rsquo;invitation et cette belle soir\u00e9e<\/strong><\/em>\u00ab\u00a0, \u00e9crivait-elle en l\u00e9gende. \u00ab\u00a0<em>Tu nous manques Patricia<\/em>\u00ab\u00a0, \u00e9crit un fan en retour. \u00ab\u00a0<em>J&rsquo;aimerais tellement vous revoir en concert<\/em>\u00ab\u00a0, \u00e9crit une autre. \u00ab\u00a0<em>2023\u00a0sera la bonne ann\u00e9e<\/em>\u00ab\u00a0, questionnait encore un internaute. Ce \u00e0 quoi Patricia Kaas r\u00e9pond\u00a0: \u00ab\u00a0<em><strong>Je l&rsquo;esp\u00e8re aussi<\/strong><\/em>.\u00a0\u00bb<\/p>\n<p>Au mois d&rsquo;ao\u00fbt, l&rsquo;artiste s&rsquo;affichait sur le r\u00e9seau social affubl\u00e9e d&rsquo;une nouvelle paire de lunette et <strong>d&rsquo;un nouveau tatouage<\/strong>, ce qui n&rsquo;avait pas manqu\u00e9 de d\u00e9chainer les passions des fans en manque de nouvelles. Un nouveau look pour un nouveau d\u00e9part\u00a0?<\/p>\n<\/p><\/div>\n<p>[ad_2]<br \/>\n<br \/><a href=\"https:\/\/www.journaldesfemmes.fr\/people\/actus\/2864689-tournee-annulee-album-en-suspens-que-devient-patricia-kaas\/\">Source link <\/a><\/p>\n","protected":false},"excerpt":{"rendered":"<p>[ad_1] La chanteuse au 20\u00a0millions d&rsquo;albums vendus aurait-elle d\u00e9finitivement raccroch\u00e9\u00a0? Depuis 2016, Patricia Kaas ne fait pratiquement plus parler d&rsquo;elle. &hellip; <a href=\"http:\/\/www.affinite.fr\/index.php\/2022\/11\/19\/tournee-annulee-album-en-suspens-que-se-passe-t-il\/\" class=\"more-link\">Plus <span class=\"screen-reader-text\">tourn\u00e9e annul\u00e9e, album en suspens\u2026 que se passe-t-il\u00a0?<\/span> <span class=\"meta-nav\">&rarr;<\/span><\/a><\/p>\n","protected":false},"author":1,"featured_media":8554,"comment_status":"","ping_status":"open","sticky":false,"template":"","format":"standard","meta":{"_sitemap_exclude":false,"_sitemap_priority":"","_sitemap_frequency":"","footnotes":""},"categories":[1],"tags":[],"class_list":["post-8553","post","type-post","status-publish","format-standard","has-post-thumbnail","hentry","category-tous"],"_links":{"self":[{"href":"http:\/\/www.affinite.fr\/index.php\/wp-json\/wp\/v2\/posts\/8553"}],"collection":[{"href":"http:\/\/www.affinite.fr\/index.php\/wp-json\/wp\/v2\/posts"}],"about":[{"href":"http:\/\/www.affinite.fr\/index.php\/wp-json\/wp\/v2\/types\/post"}],"author":[{"embeddable":true,"href":"http:\/\/www.affinite.fr\/index.php\/wp-json\/wp\/v2\/users\/1"}],"replies":[{"embeddable":true,"href":"http:\/\/www.affinite.fr\/index.php\/wp-json\/wp\/v2\/comments?post=8553"}],"version-history":[{"count":0,"href":"http:\/\/www.affinite.fr\/index.php\/wp-json\/wp\/v2\/posts\/8553\/revisions"}],"wp:featuredmedia":[{"embeddable":true,"href":"http:\/\/www.affinite.fr\/index.php\/wp-json\/wp\/v2\/media\/8554"}],"wp:attachment":[{"href":"http:\/\/www.affinite.fr\/index.php\/wp-json\/wp\/v2\/media?parent=8553"}],"wp:term":[{"taxonomy":"category","embeddable":true,"href":"http:\/\/www.affinite.fr\/index.php\/wp-json\/wp\/v2\/categories?post=8553"},{"taxonomy":"post_tag","embeddable":true,"href":"http:\/\/www.affinite.fr\/index.php\/wp-json\/wp\/v2\/tags?post=8553"}],"curies":[{"name":"wp","href":"https:\/\/api.w.org\/{rel}","templated":true}]}}