{"id":852,"date":"2020-03-19T16:44:05","date_gmt":"2020-03-19T16:44:05","guid":{"rendered":"https:\/\/www.affinite.fr\/index.php\/2020\/03\/19\/facebook-va-ouvrir-un-portail-pour-regrouper-des-informations-fiables-sur-le-coronavirus\/"},"modified":"2020-03-19T16:44:05","modified_gmt":"2020-03-19T16:44:05","slug":"facebook-va-ouvrir-un-portail-pour-regrouper-des-informations-fiables-sur-le-coronavirus","status":"publish","type":"post","link":"http:\/\/www.affinite.fr\/index.php\/2020\/03\/19\/facebook-va-ouvrir-un-portail-pour-regrouper-des-informations-fiables-sur-le-coronavirus\/","title":{"rendered":"Facebook va ouvrir un portail pour regrouper des informations fiables sur le coronavirus"},"content":{"rendered":"<p> [ad_1]<br \/>\n<br \/><img decoding=\"async\" src=\"https:\/\/img.bfmtv.com\/i\/0\/0\/f0590e0bad\/f8bfec4340ae597626cb41.jpeg\" \/><\/p>\n<div itemprop=\"articleBody\">\n<p>Plus que jamais Facebook est confront\u00e9 au d\u00e9fi des fausses informations. Pour lutter contre celles concernant l\u2019\u00e9pid\u00e9mie de Covid-19, le r\u00e9seau social pr\u00e9pare un portail unique d\u2019informations fiables et v\u00e9rifi\u00e9es. Il devrait \u00eatre disponible d\u00e8s ce 19 mars pour ses 2,5 milliards d\u2019utilisateurs et s\u2019affichera tout en haut du fil d\u2019actualit\u00e9s, aussi bien sur le Web que les applications.\u00a0<\/p>\n<p>Le <em>Washington Post<\/em> explique que c\u2019est Mark Zuckerberg en personne qui l\u2019a annonc\u00e9 lors d\u2019une conf\u00e9rence t\u00e9l\u00e9phonique avec les m\u00e9dias am\u00e9ricains.<\/p>\n<blockquote>\n<p><em>\u00ab La priorit\u00e9 absolue et\u00a0pour nous a \u00e9t\u00e9 de veiller \u00e0 ce que les gens aient acc\u00e8s \u00e0 de bonnes informations et \u00e0 des sources fiables pendant la pand\u00e9mie \u00bb<\/em>, s\u2019inqui\u00e9tait\u00a0le fondateur de Facebook.\u00a0<\/p>\n<\/blockquote>\n<p>Une personne famili\u00e8re avec le sujet a confirm\u00e9 au <em>Washington Post <\/em>que c\u2019est le patron de Facebook en personne qui a d\u00e9cid\u00e9 de retirer purement et simplement certaines all\u00e9gations graves, telle que celle conseillant de boire de l\u2019eau de javel pour se d\u00e9barrasser du coronavirus.\u00a0<\/p>\n<p><em>\u00ab M\u00eame dans les traditions les plus favorables \u00e0 la libert\u00e9 d&rsquo;expression, comme les \u00c9tats-Unis, il existe un pr\u00e9c\u00e9dent selon lequel vous ne permettez pas aux gens de crier au feu dans une pi\u00e8ce bond\u00e9e \u00bb<\/em>, justifiait Mark Zuckerberg.<\/p>\n<h3 style=\"color:#333; font-family:arial,helvetica,sans-serif; font-size:23px; font-weight:700\">Zuckerberg veut prendre ses responsabilit\u00e9s\u00a0<\/h3>\n<p>Il a aussi confirm\u00e9 que ses milliers de mod\u00e9rateurs pourraient d\u00e9sormais travailler \u00e0 distance et ne plus se rendre dans les locaux de leurs employeurs. Ces sous-traitants estimaient avoir jusqu\u2019\u00e0 pr\u00e9sent \u00e9t\u00e9 laiss\u00e9s de c\u00f4t\u00e9 par Facebook qui avait permis \u00e0 tous ses employ\u00e9s de travailler de chez eux, mais pas \u00e0 ses prestataires. Plusieurs p\u00e9titions avaient alors circul\u00e9 parmi eux pour pousser la soci\u00e9t\u00e9 \u00e0 le leur permettre.\u00a0<\/p>\n<aside class=\"bg-color-0 padding-inside-all-s bloc border-s\">\n<h4 class=\"box-txt-normal\">\n<p><strong>A d\u00e9couvrir aussi en vid\u00e9o<\/strong><\/p>\n<\/h4>\n<\/aside>\n<h3 style=\"color:#333; font-family:arial,helvetica,sans-serif; font-size:23px; font-weight:700\">WhatsApp, l\u2019application la plus difficile \u00e0 r\u00e9guler<\/h3>\n<p>Sur Instagram aussi, la chose est prise tr\u00e8s au s\u00e9rieux. La filiale de Facebook a ainsi d\u00e9clar\u00e9 qu&rsquo;il supprimait les fausses informations associ\u00e9es au hashtag Covid-19 et les rempla\u00e7ait par des ressources fiables, comme celles \u00e9manant de l&rsquo;Organisation mondiale de la sant\u00e9. Il a \u00e9galement offert \u00e0 ce type d\u2019organisations des publicit\u00e9s gratuites et a interdit la vente de masques m\u00e9dicaux pour emp\u00eacher des personnes peu scrupuleuses\u00a0de tirer profit\u00a0de la pand\u00e9mie.<\/p>\n<p>Sur WhatsApp, les choses sont en revanche bien plus difficiles \u00e0 mod\u00e9rer puisque les conversations sont par nature priv\u00e9es, qui plus est chiffr\u00e9es. Il est donc a priori impossible pour le groupe d\u2019y acc\u00e9der et d\u2019y retirer les fausses informations.\u00a0<\/p>\n<p>La p\u00e9riode est compliqu\u00e9e pour Facebook qui joue ici une nouvelle fois sa responsabilit\u00e9 face \u00e0 la diffusion de telles informations. Le r\u00e9seau social a d\u2019ailleurs rencontr\u00e9 cette semaine un bug technique de son syst\u00e8me antispam. <a href=\"https:\/\/www.01net.com\/actualites\/facebook-a-censure-beaucoup-de-contenus-legitimes-a-cause-d-un-bug-1877061.html\" target=\"_blank\" rel=\"noopener noreferrer\">Il n\u2019autorisait plus certaines publications li\u00e9es au Covid-19<\/a>, m\u00eame s\u2019il s\u2019agissait d\u2019articles de presse ou de lev\u00e9es de fonds pour des associations caritatives. Facebook a confirm\u00e9 la chose et a depuis r\u00e9par\u00e9 ce probl\u00e8me.\u00a0<\/p>\n<p><strong>Source : <a href=\"https:\/\/www.washingtonpost.com\/technology\/2020\/03\/18\/facebook-coronavirus-portal\/\" target=\"_blank\" rel=\"noopener noreferrer\">The Washington Post<\/a><\/strong><\/p>\n<\/p><\/div>\n<p><script>\n         !function(f,b,e,v,n,t,s){if(f.fbq)return;n=f.fbq=function()\n         {n.callMethod? n.callMethod.apply(n,arguments):n.queue.push(arguments)}\n         ;if(!f._fbq)f._fbq=n;\n             n.push=n;n.loaded=!0;n.version='2.0';n.queue=[];t=b.createElement(e);t.async=!0;\n             t.src=v;s=b.getElementsByTagName(e)[0];s.parentNode.insertBefore(t,s)}(window,\n                 document,'script','https:\/\/connect.facebook.net\/en_US\/fbevents.js');\n         fbq('init', '1065890633454496');\n         fbq('track', 'PageView');\n     <\/script><br \/>\n<br \/>[ad_2]<br \/>\n<br \/><a href=\"https:\/\/www.01net.com\/actualites\/facebook-va-ouvrir-un-portail-pour-regrouper-des-informations-fiables-sur-le-coronavirus-1877890.html\">Source link <\/a><\/p>\n","protected":false},"excerpt":{"rendered":"<p>[ad_1] Plus que jamais Facebook est confront\u00e9 au d\u00e9fi des fausses informations. Pour lutter contre celles concernant l\u2019\u00e9pid\u00e9mie de Covid-19, &hellip; <a href=\"http:\/\/www.affinite.fr\/index.php\/2020\/03\/19\/facebook-va-ouvrir-un-portail-pour-regrouper-des-informations-fiables-sur-le-coronavirus\/\" class=\"more-link\">Plus <span class=\"screen-reader-text\">Facebook va ouvrir un portail pour regrouper des informations fiables sur le coronavirus<\/span> <span class=\"meta-nav\">&rarr;<\/span><\/a><\/p>\n","protected":false},"author":1,"featured_media":853,"comment_status":"open","ping_status":"open","sticky":false,"template":"","format":"standard","meta":{"_sitemap_exclude":false,"_sitemap_priority":"","_sitemap_frequency":"","footnotes":""},"categories":[1],"tags":[],"class_list":["post-852","post","type-post","status-publish","format-standard","has-post-thumbnail","hentry","category-tous"],"_links":{"self":[{"href":"http:\/\/www.affinite.fr\/index.php\/wp-json\/wp\/v2\/posts\/852"}],"collection":[{"href":"http:\/\/www.affinite.fr\/index.php\/wp-json\/wp\/v2\/posts"}],"about":[{"href":"http:\/\/www.affinite.fr\/index.php\/wp-json\/wp\/v2\/types\/post"}],"author":[{"embeddable":true,"href":"http:\/\/www.affinite.fr\/index.php\/wp-json\/wp\/v2\/users\/1"}],"replies":[{"embeddable":true,"href":"http:\/\/www.affinite.fr\/index.php\/wp-json\/wp\/v2\/comments?post=852"}],"version-history":[{"count":0,"href":"http:\/\/www.affinite.fr\/index.php\/wp-json\/wp\/v2\/posts\/852\/revisions"}],"wp:featuredmedia":[{"embeddable":true,"href":"http:\/\/www.affinite.fr\/index.php\/wp-json\/wp\/v2\/media\/853"}],"wp:attachment":[{"href":"http:\/\/www.affinite.fr\/index.php\/wp-json\/wp\/v2\/media?parent=852"}],"wp:term":[{"taxonomy":"category","embeddable":true,"href":"http:\/\/www.affinite.fr\/index.php\/wp-json\/wp\/v2\/categories?post=852"},{"taxonomy":"post_tag","embeddable":true,"href":"http:\/\/www.affinite.fr\/index.php\/wp-json\/wp\/v2\/tags?post=852"}],"curies":[{"name":"wp","href":"https:\/\/api.w.org\/{rel}","templated":true}]}}