{"id":8450,"date":"2022-10-21T05:31:04","date_gmt":"2022-10-21T05:31:04","guid":{"rendered":"https:\/\/www.affinite.fr\/index.php\/2022\/10\/21\/cette-saloperie-au-poumon-qui-a-bien-failli-compromettre-sa-carriere\/"},"modified":"2022-10-21T05:31:04","modified_gmt":"2022-10-21T05:31:04","slug":"cette-saloperie-au-poumon-qui-a-bien-failli-compromettre-sa-carriere","status":"publish","type":"post","link":"http:\/\/www.affinite.fr\/index.php\/2022\/10\/21\/cette-saloperie-au-poumon-qui-a-bien-failli-compromettre-sa-carriere\/","title":{"rendered":"Cette \u00ab\u00a0saloperie au poumon\u00a0\u00bb qui a bien failli compromettre sa carri\u00e8re"},"content":{"rendered":"<p> [ad_1]<br \/>\n<\/p>\n<p>\n                Dans une biographie consacr\u00e9e au chanteur Pierre Perret, parue ce jeudi 20\u00a0octobre 2022, l&rsquo;auteur Alain Poulanges est revenu sur un souci de sant\u00e9 qui aurait bien pu lui co\u00fbter sa carri\u00e8re. Et qui a quelque peu boulevers\u00e9 sa vie de l&rsquo;\u00e9poque.            <\/p>\n<div>\n<p>Dans <em>Pierre Perret &#8211; La portes vers la libert\u00e9<\/em>, une biographie sortie ce jeudi 20\u00a0octobre 2022\u00a0aux \u00e9ditions L&rsquo;Archipel, l&rsquo;\u00e9crivain Alain Poulanges a rendu un vibrant hommage \u00e0 Pierre Perret. Et dans l&rsquo;un des chapitres, consacr\u00e9 \u00e0 la sant\u00e9 de l&rsquo;artiste aujourd&rsquo;hui \u00e2g\u00e9 de 88\u00a0ans, <strong>l&rsquo;auteur revient en d\u00e9tail sur un \u00e9pisode de sa vie qui aurait bien pu compromettre s\u00e9v\u00e8rement sa carri\u00e8re<\/strong>.\u00a0<\/p>\n<h2>La <em>\u00ab\u00a0saloperie aux poumons\u00a0\u00bb<\/em> de Pierre Perret qui <em>\u00ab\u00a0aurait pu entra\u00eener (\u2026) un arr\u00eat cardiaque\u00a0\u00bb<\/em><\/h2>\n<p>66\u00a0ans de carri\u00e8re, plus de 500\u00a0chansons et quasiment autant de tubes\u2026 Pierre Perret est l&rsquo;un des chanteurs les plus embl\u00e9matiques de l&rsquo;Hexagone pour toute une g\u00e9n\u00e9ration de Fran\u00e7ais. Mais \u00e0 en croire son biographe Alain Poulanges &#8211; dont on retrouve des extraits de son ouvrage sur <a href=\"https:\/\/soirmag.lesoir.be\/472314\/article\/2022-10-20\/pierre-perret-failli-mettre-un-terme-sa-carriere-cause-dun-probleme-au-poumon\" target=\"_blank\" rel=\"noopener\"><em>Soir Mag<\/em><\/a> &#8211; tout aurait pu \u00eatre tr\u00e8s diff\u00e9rent. Et pour cause, apr\u00e8s avoir fait la premi\u00e8re partie du groupe am\u00e9ricain Les Platters, le chanteur a fait son grand retour \u00e0 Paris et a repris comme l&rsquo;indique l&rsquo;auteur dans son <a href=\"http:\/\/www.affinite.fr\/index.php\/2023\/08\/24\/lart-de-la-glace-transforme-en-business-la-vision-unique-de-fabien-gris\/\">livre<\/a> <strong><em>\u00ab\u00a0son p\u00e9riple effr\u00e9n\u00e9, allant de cabarets enfum\u00e9s en cabarets enfum\u00e9s, jusqu&rsquo;au mois de novembre\u00a0\u00bb<\/em><\/strong>. Mais ce rythme soutenu aurait pu lui co\u00fbter tr\u00e8s cher.<\/p>\n<p>En effet, <strong>il a commenc\u00e9 \u00e0 ressentir une fatigue <em>\u00ab\u00a0de plus en plus astreignante\u00a0\u00bb<\/em><\/strong>. Et \u00e0 en croire Alain Poulanges, Pierre Perret a ainsi vu <em>\u00ab\u00a0son \u00e9tat empirer\u00a0\u00bb<\/em>. <em>\u00ab\u00a0Apr\u00e8s une auscultation qui se voulait en r\u00e8gle, le toubib d\u00e9cr\u00e9ta que ce n&rsquo;\u00e9tait pas grave. Il prescrit des vitamines et un liniment\u00a0\u00bb<\/em>, r\u00e9v\u00e8le-t-il ensuite. Mais rien n&rsquo;y a fait, le po\u00e8te a continu\u00e9 de ressentir <em><strong>\u00ab\u00a0des sensations d&rsquo;\u00e9touffement\u00a0\u00bb<\/strong><\/em>. Il aurait ensuite revu un m\u00e9decin qui lui a alors affirm\u00e9\u00a0: <em><strong>\u00ab\u00a0Vous avez chop\u00e9 une saloperie aux poumons\u00a0!\u00a0\u00bb<\/strong><\/em>. Un probl\u00e8me qui, non-trait\u00e9 <strong><em>\u00ab\u00a0aurait pu entra\u00eener des pertes de conscience ou pire, un arr\u00eat cardiaque\u00a0\u00bb<\/em><\/strong>.\u00a0<\/p>\n<div class=\"ccminsert\">\n<p><template data-type=\"embedtag\" data-tagname=\"youtube\"><iframe loading=\"lazy\" allow=\"accelerometer; autoplay; clipboard-write; encrypted-media; gyroscope; picture-in-picture\" allowfullscreen=\"\" frameborder=\"0\" height=\"315\" src=\"https:\/\/www.youtube.com\/embed\/KbKvDkLlluo\" title=\"YouTube video player\" width=\"560\"><\/iframe><\/template><\/p>\n<\/div>\n<h2>La femme de l&rsquo;\u00e9poque de Pierre Perret le quitte\u2026 Pour son m\u00e9decin\u00a0!\u00a0<\/h2>\n<p>S&rsquo;en est ensuite suivie une une longue convalescence qui a contrait Pierre Perret \u00e0 faire une croix sur la sc\u00e8ne pendant plusieurs mois.<em> \u00ab\u00a0Le traitement \u00e9tait lourd\u00a0: comprim\u00e9s, piq\u00fbres et repos obligatoires\u00a0\u00bb<\/em>, d\u00e9taille le biographe qui raconte ensuite que l&rsquo;interpr\u00e8te des tubes <em>Le Zizi<\/em>, <em>La cage aux oiseaux<\/em> ou encore <em>Lily <\/em>a poursuivi sa convalescence <em>\u00ab\u00a0chez des amis dans les Pyr\u00e9n\u00e9es, \u00e0 Luchon\u00a0\u00bb<\/em>. Co\u00efncidence (ou pas\u2026), c&rsquo;est aussi dans cette ville que son m\u00e9decin avait pr\u00e9vu de passer ses vacances. <strong>Mais, quelques semaines plus tard, l&rsquo;artiste a appris que sa femme de l&rsquo;\u00e9poque, Fran\u00e7oise, le quittait pour vivre un idylle avec ce m\u00eame docteur\u2026<\/strong><\/p>\n<figure class=\"image\" style=\"float:left\"><img decoding=\"async\" alt=\"\" src=\"https:\/\/img-3.journaldesfemmes.fr\/ZQquCS4uypjTfaNBpdRogfGPPzU=\/450x\/smart\/840b39e3e23a4f1b812162d3e7cd0e44\/ccmcms-jdf\/38725578.jpg\"\/><figcaption data-credit=\"L'Archipel\"><small>\u00a9\u00a0L&rsquo;Archipel<\/small><\/figcaption><\/figure>\n<p><em>\u00ab\u00a0La rupture ne fut pas facile. Apr\u00e8s quatre ans de vie commune, Pierre, malade, se retrouvait seul avec l&rsquo;inconfortable obsession de n&rsquo;avoir rien vu venir\u00a0\u00bb<\/em>, \u00e9crit Alain Poulanges. Avant de pr\u00e9ciser\u00a0: <em>\u00ab\u00a0Pierre passa sept mois \u00e0 Sancellemoz. Il fut lib\u00e9r\u00e9 le 9\u00a0juillet 1960, le jour de son 26\u00e8me anniversaire. Sept moi pass\u00e9s \u00e0 se refaire une sant\u00e9 et \u00e0 \u00e9crire, mais sept mois pass\u00e9s loin de Paris, loin de son univers professionnel\u00a0\u00bb<\/em>. Une cure de jouvence forc\u00e9e qui a surtout donn\u00e9 un nouveau souffle \u00e0 sa carri\u00e8re.\u00a0<\/p>\n<\/p><\/div>\n<p>[ad_2]<br \/>\n<br \/><a href=\"https:\/\/www.journaldesfemmes.fr\/people\/actus\/2857429-pierre-perret-cette-saloperie-au-poumon-qui-a-bien-failli-compromettre-sa-carriere\/\">Source link <\/a><\/p>\n","protected":false},"excerpt":{"rendered":"<p>[ad_1] Dans une biographie consacr\u00e9e au chanteur Pierre Perret, parue ce jeudi 20\u00a0octobre 2022, l&rsquo;auteur Alain Poulanges est revenu sur &hellip; <a href=\"http:\/\/www.affinite.fr\/index.php\/2022\/10\/21\/cette-saloperie-au-poumon-qui-a-bien-failli-compromettre-sa-carriere\/\" class=\"more-link\">Plus <span class=\"screen-reader-text\">Cette \u00ab\u00a0saloperie au poumon\u00a0\u00bb qui a bien failli compromettre sa carri\u00e8re<\/span> <span class=\"meta-nav\">&rarr;<\/span><\/a><\/p>\n","protected":false},"author":1,"featured_media":8451,"comment_status":"","ping_status":"open","sticky":false,"template":"","format":"standard","meta":{"_sitemap_exclude":false,"_sitemap_priority":"","_sitemap_frequency":"","footnotes":""},"categories":[1],"tags":[],"class_list":["post-8450","post","type-post","status-publish","format-standard","has-post-thumbnail","hentry","category-tous"],"_links":{"self":[{"href":"http:\/\/www.affinite.fr\/index.php\/wp-json\/wp\/v2\/posts\/8450"}],"collection":[{"href":"http:\/\/www.affinite.fr\/index.php\/wp-json\/wp\/v2\/posts"}],"about":[{"href":"http:\/\/www.affinite.fr\/index.php\/wp-json\/wp\/v2\/types\/post"}],"author":[{"embeddable":true,"href":"http:\/\/www.affinite.fr\/index.php\/wp-json\/wp\/v2\/users\/1"}],"replies":[{"embeddable":true,"href":"http:\/\/www.affinite.fr\/index.php\/wp-json\/wp\/v2\/comments?post=8450"}],"version-history":[{"count":0,"href":"http:\/\/www.affinite.fr\/index.php\/wp-json\/wp\/v2\/posts\/8450\/revisions"}],"wp:featuredmedia":[{"embeddable":true,"href":"http:\/\/www.affinite.fr\/index.php\/wp-json\/wp\/v2\/media\/8451"}],"wp:attachment":[{"href":"http:\/\/www.affinite.fr\/index.php\/wp-json\/wp\/v2\/media?parent=8450"}],"wp:term":[{"taxonomy":"category","embeddable":true,"href":"http:\/\/www.affinite.fr\/index.php\/wp-json\/wp\/v2\/categories?post=8450"},{"taxonomy":"post_tag","embeddable":true,"href":"http:\/\/www.affinite.fr\/index.php\/wp-json\/wp\/v2\/tags?post=8450"}],"curies":[{"name":"wp","href":"https:\/\/api.w.org\/{rel}","templated":true}]}}