{"id":8445,"date":"2022-10-19T22:13:43","date_gmt":"2022-10-19T22:13:43","guid":{"rendered":"https:\/\/www.affinite.fr\/index.php\/2022\/10\/19\/ici-tout-commence-les-retouvailles-pleines-demotion-de-clotilde-et-jeremy-news-series-a-la-tv\/"},"modified":"2022-10-19T22:13:43","modified_gmt":"2022-10-19T22:13:43","slug":"ici-tout-commence-les-retouvailles-pleines-demotion-de-clotilde-et-jeremy-news-series-a-la-tv","status":"publish","type":"post","link":"http:\/\/www.affinite.fr\/index.php\/2022\/10\/19\/ici-tout-commence-les-retouvailles-pleines-demotion-de-clotilde-et-jeremy-news-series-a-la-tv\/","title":{"rendered":"Ici tout commence : les retouvailles pleines d&rsquo;\u00e9motion de Clotilde et J\u00e9r\u00e9my &#8211; News S\u00e9ries \u00e0 la TV"},"content":{"rendered":"<p> [ad_1]<br \/>\n<\/p>\n<p>Apr\u00e8s un an d&rsquo;absence, J\u00e9r\u00e9my Devaut (Pierre Hurel) fera son grand retour dans \u00ab\u00a0Ici tout commence\u00a0\u00bb la semaine prochaine sur TF1. Mais un extrait de ses retrouvailles riches en \u00e9motion avec sa m\u00e8re Clotilde (Elsa Lunghini) est d\u00e9j\u00e0 disponible.<\/p>\n<div id=\"article-content\">\n<figure class=\"player player-auto-play js-player\" data-model=\"{&quot;videos&quot;:[{&quot;id&quot;:19598506,&quot;idDailymotion&quot;:&quot;x8emq5n&quot;,&quot;sources&quot;:{&quot;high&quot;:&quot;https:\/\/fr.vid.web.acsta.net\/nmedia\/33\/22\/10\/17\/11\/19598506_hd_013.mp4&quot;,&quot;low&quot;:&quot;https:\/\/fr.vid.web.acsta.net\/nmedia\/33\/22\/10\/17\/11\/19598506_l_013.mp4&quot;,&quot;medium&quot;:&quot;https:\/\/fr.vid.web.acsta.net\/nmedia\/33\/22\/10\/17\/11\/19598506_m_013.mp4&quot;,&quot;standard&quot;:&quot;https:\/\/fr.vid.web.acsta.net\/nmedia\/33\/22\/10\/17\/11\/19598506_sd_013.mp4&quot;},&quot;image&quot;:&quot;\/videothumbnails\/22\/10\/17\/11\/57\/1622656.jpg&quot;,&quot;title&quot;:&quot;Ici tout commence : la bande-annonce des u00e9pisodes du 17 au 21 octobre 2022&quot;,&quot;trackingIdentifier&quot;:&quot;19598506-ici_tout_commence_la_bande_annonce_des_episodes_du_17_au_21_octobre_2022&quot;,&quot;embedUrl&quot;:&quot;ACraHRACr0cHM6Ly9wbGF5ZXIuYWxsb2NpbmUuZnIvMTk1OTg1MDYuaHRtbA==&quot;,&quot;file_type&quot;:&quot;TRAILER&quot;,&quot;description&quot;:&quot;Ici tout commence : la bande-annonce des u00e9pisodes du 17 au 21 octobre 2022&quot;,&quot;duration&quot;:34,&quot;view_count&quot;:19855,&quot;added_at&quot;:{&quot;date&quot;:&quot;2022-10-17 11:54:00.000000&quot;,&quot;timezone_type&quot;:3,&quot;timezone&quot;:&quot;Europe\/Paris&quot;},&quot;metas&quot;:{&quot;id_main_show&quot;:null,&quot;name_main_show&quot;:null,&quot;image_main_show&quot;:null,&quot;id_main_movie&quot;:null,&quot;name_main_movie&quot;:null,&quot;image_main_movie&quot;:null,&quot;id_main_series&quot;:26049,&quot;name_main_series&quot;:&quot;Ici Tout Commence&quot;,&quot;image_main_series&quot;:null,&quot;id_main_season&quot;:48362,&quot;name_main_season&quot;:null,&quot;image_main_season&quot;:null,&quot;main_season_number&quot;:3,&quot;id_main_person&quot;:null,&quot;name_main_person&quot;:null,&quot;image_main_person&quot;:null,&quot;use_portal&quot;:null,&quot;release_date_main_movie&quot;:null,&quot;nb_days_release_main_movie&quot;:null,&quot;id_meta_category&quot;:null,&quot;name_meta_category&quot;:null,&quot;localized_file_type&quot;:null,&quot;trans_file_type&quot;:null,&quot;main_movie_type&quot;:null,&quot;main_season_rating&quot;:null,&quot;main_series_rating&quot;:null,&quot;main_season_user_note_count&quot;:null,&quot;genre_main_movie&quot;:null,&quot;genre_main_series&quot;:null,&quot;release_status_movie&quot;:null,&quot;release_status_series&quot;:null},&quot;is_emergence_inhibited&quot;:false,&quot;relatedEntityType&quot;:&quot;series&quot;,&quot;relatedEntityId&quot;:26049,&quot;relatedEntityTitle&quot;:&quot;Ici Tout Commence&quot;,&quot;entityStatus&quot;:&quot;in_progress&quot;,&quot;relatedEntityTrackingIdentifier&quot;:&quot;26049-ici_tout_commence&quot;}],&quot;disablePreroll&quot;:false,&quot;disablePostroll&quot;:false,&quot;endScreen&quot;:true,&quot;context&quot;:&quot;newspage_news&quot;,&quot;launch&quot;:&quot;auto-play&quot;,&quot;followScroll&quot;:true,&quot;editorialContent&quot;:&quot;18715088-ici_tout_commence_les_retouvailles_pleines_d_emotion_de_clotilde_et_jeremy&quot;,&quot;disableAutoPause&quot;:true,&quot;player_position&quot;:&quot;playertop&quot;}\" data-thumb=\"https:\/\/fr.web.img6.acsta.net\/r_640_360\/videothumbnails\/22\/10\/17\/11\/57\/1622656.jpg\" data-player-dm-id=\"x1hyz\">\n<\/figure>\n<p>Il est enfin de retour ! Apr\u00e8s les d\u00e9parts r\u00e9cents de C\u00e9lia (<a title=\"R\u00e9becca Benhamour (France) (Acteur)\" href=\"http:\/\/www.allocine.fr\/personne\/fichepersonne_gen_cpersonne=862399.html\">Rebecca Benhamour<\/a>) et de Guillaume (<a title=\"Bruno Putzulu (France) (Acteur)\" href=\"http:\/\/www.allocine.fr\/personne\/fichepersonne_gen_cpersonne=14959.html\">Bruno Putzulu<\/a>), un personnage historique s&rsquo;appr\u00eate \u00e0 revenir dans <a title=\"Ici Tout Commence (France) (Soap)\" href=\"http:\/\/www.allocine.fr\/series\/ficheserie_gen_cserie=26049.html\">Ici tout commence<\/a> apr\u00e8s de longs mois d&rsquo;absence, pour le plus grand plaisir des fans de la premi\u00e8re heure.<\/p>\n<p>Comme <a href=\"\/\/www.allocine.fr\/article\/fichearticle_gen_carticle=18714130.html\">nous vous l&rsquo;annoncions pr\u00e9c\u00e9demment<\/a>,\u00a0<a title=\"Pierre Hurel (II) (France) (Acteur)\" href=\"http:\/\/www.allocine.fr\/personne\/fichepersonne_gen_cpersonne=916970.html\">Pierre Hurel<\/a> va en effet reprendre son r\u00f4le de J\u00e9r\u00e9my Devaut \u00e0 compter de l&rsquo;\u00e9pisode 515, qui sera diffus\u00e9 lundi 24 octobre sur TF1. Un retour qui ne devrait pas \u00eatre permanent mais qui s&rsquo;\u00e9talera au moins sur quelques semaines.<\/p>\n<p><i>\u00ab\u00a0J\u00e9r\u00e9my revient d&rsquo;Australie. Sa m\u00e8re est en couple avec Joachim et \u00e7a ne va pas \u00eatre sans souci, parce que sa m\u00e8re est avec quelqu&rsquo;un de beaucoup plus jeune\u00a0\u00bb<\/i>, nous confiait r\u00e9cemment <a title=\"Othman Mahfoud (Ind\u00e9fini) (Sc\u00e9nariste,Cr\u00e9ateur,Producteur d\u00e9l\u00e9gu\u00e9)\" href=\"http:\/\/www.allocine.fr\/personne\/fichepersonne_gen_cpersonne=504487.html\">Othman Mahfoud<\/a>, le directeur de collection d&rsquo;Ici tout commence au sujet de la r\u00e9apparition de J\u00e9r\u00e9my \u00e0 Calvi\u00e8res. <i>\u00ab\u00a0D&rsquo;un c\u00f4t\u00e9 ils vont s&rsquo;entendre, et en m\u00eame temps il va y avoir des frictions. Et il va aussi retrouver des gens de l&rsquo;institut\u00a0\u00bb<\/i>.<\/p>\n<p>Et si le retour de J\u00e9r\u00e9my n&rsquo;est plus vraiment une surprise pour les t\u00e9l\u00e9spectateurs, Clotilde (<a title=\"Elsa Lunghini (France) (Acteur)\" href=\"http:\/\/www.allocine.fr\/personne\/fichepersonne_gen_cpersonne=15318.html\">Elsa Lunghini<\/a>), elle, ne s&rsquo;attend pas du tout \u00e0 voir revenir son fils si l&rsquo;on en croit <span class=\"ACraHRACr0cHM6Ly93d3cudGYxLmZyL3RmMS9pY2ktdG91dC1jb21tZW5jZS92aWRlb3MvaXRjLXNwb2lsZXItaWwtZXN0LWRlLXJldG91ci05MzExMDU0NS5odG1s\" target=\"_blank\">un extrait de l&rsquo;\u00e9pisode de lundi d\u00e9voil\u00e9 en avant-premi\u00e8re par TF1<\/span>.<\/p>\n<p>En plein cours de cuisine, la cheffe Armand go\u00fbte les plats pr\u00e9par\u00e9s par Hortense (<a title=\"Catherine Davydzenka (France) (Acteur)\" href=\"http:\/\/www.allocine.fr\/personne\/fichepersonne_gen_cpersonne=903300.html\">Catherine Davydzenka<\/a>) et Eliott (<a title=\"Nicolas Anselmo (France) (Acteur)\" href=\"http:\/\/www.allocine.fr\/personne\/fichepersonne_gen_cpersonne=916971.html\">Nicolas Anselmo<\/a>) et remarque imm\u00e9diatement qu&rsquo;ils ont utilis\u00e9 du sel aromatis\u00e9 dans leurs recettes. Et pas n&rsquo;importe lequel puisqu&rsquo;il s&rsquo;agit du sel aromatis\u00e9 confectionn\u00e9 \u00e0 l&rsquo;\u00e9poque par J\u00e9r\u00e9my.<\/p>\n<p>Hortense pr\u00e9tend qu&rsquo;ils en ont retrouv\u00e9 un peu dans l&rsquo;\u00e9conomat. Mais en r\u00e9alit\u00e9, tout ceci est une mise en sc\u00e8ne minutieusement pr\u00e9par\u00e9e par les deux \u00e9l\u00e8ves de troisi\u00e8me ann\u00e9e qui cherchent \u00e0 faire passer un message peu subtil \u00e0 leur professeure : son fils est de retour en France !<\/p>\n<div class=\"article-figure-holder\">\n<figure class=\"article-figure mceNonEditable\">\n<img loading=\"lazy\" decoding=\"async\" class=\"article-figure-img\" src=\"data:image\/gif;base64,R0lGODlhAgABAPAAAAAAAAAAACH5BAEAAAAAIf8LSW1hZ2VNYWdpY2sNZ2FtbWE9MC40NTQ1NQAsAAAAAAIAAQAAAgIECgA7\" data-src=\"https:\/\/fr.web.img6.acsta.net\/r_640_256\/newsv7\/22\/10\/19\/18\/17\/3360601.jpg\" width=\"640\" height=\"320\"\/><br \/>\n<span class=\"article-figcaption-copy\">Capture d&rsquo;\u00e9cran\/TF1<\/span><br \/>\n<\/figure>\n<\/div>\n<p>Clotilde entend alors la voix de J\u00e9r\u00e9my et n&rsquo;en croit pas ses yeux en le d\u00e9couvrant derri\u00e8re elle. <i>\u00ab\u00a0Je voulais te faire la surprise. Tu m&rsquo;as manqu\u00e9\u00a0\u00bb<\/i>, lance le jeune homme \u00e0 sa m\u00e8re lorsque celle-ci lui fait remarquer qu&rsquo;elle l&rsquo;a eu au t\u00e9l\u00e9phone le matin-m\u00eame et qu&rsquo;elle le pensait encore en Australie.<\/p>\n<p>Voyant que Coltilde, qui assure qu&rsquo;elle n&rsquo;aurait pu\u00a0<i>\u00ab\u00a0r\u00eaver meilleure surprise\u00a0\u00bb<\/i>, est submerg\u00e9e par l&rsquo;\u00e9motion de ces retrouvailles, Eliott et Hortense peinent \u00e0 cacher \u00e0 quel point ils sont fiers de leur coup. Quant \u00e0 la cheffe Armand et \u00e0 son fils, ils se prennent dans les bras et laissent \u00e9clater leur joie d&rsquo;\u00eatre enfin r\u00e9unis.<\/p>\n<p>Reste \u00e0 savoir ce qui attend J\u00e9r\u00e9my dans les prochains \u00e9pisodes d&rsquo;Ici tout commence, au-del\u00e0 de ses relations possiblement compliqu\u00e9es avec Joachim (<a title=\"Janis Abrikh (France) (Acteur)\" href=\"http:\/\/www.allocine.fr\/personne\/fichepersonne_gen_cpersonne=889565.html\">Janis Abrikh<\/a>). Affaire \u00e0 suivre.<\/p>\n<\/div>\n<p>[ad_2]<br \/>\n<br \/><a href=\"http:\/\/www.allocine.fr\/article\/fichearticle_gen_carticle=18715088.html\">Source link <\/a><\/p>\n","protected":false},"excerpt":{"rendered":"<p>[ad_1] Apr\u00e8s un an d&rsquo;absence, J\u00e9r\u00e9my Devaut (Pierre Hurel) fera son grand retour dans \u00ab\u00a0Ici tout commence\u00a0\u00bb la semaine prochaine &hellip; <a href=\"http:\/\/www.affinite.fr\/index.php\/2022\/10\/19\/ici-tout-commence-les-retouvailles-pleines-demotion-de-clotilde-et-jeremy-news-series-a-la-tv\/\" class=\"more-link\">Plus <span class=\"screen-reader-text\">Ici tout commence : les retouvailles pleines d&rsquo;\u00e9motion de Clotilde et J\u00e9r\u00e9my &#8211; News S\u00e9ries \u00e0 la TV<\/span> <span class=\"meta-nav\">&rarr;<\/span><\/a><\/p>\n","protected":false},"author":1,"featured_media":8446,"comment_status":"","ping_status":"open","sticky":false,"template":"","format":"standard","meta":{"_sitemap_exclude":false,"_sitemap_priority":"","_sitemap_frequency":"","footnotes":""},"categories":[1],"tags":[],"class_list":["post-8445","post","type-post","status-publish","format-standard","has-post-thumbnail","hentry","category-tous"],"_links":{"self":[{"href":"http:\/\/www.affinite.fr\/index.php\/wp-json\/wp\/v2\/posts\/8445"}],"collection":[{"href":"http:\/\/www.affinite.fr\/index.php\/wp-json\/wp\/v2\/posts"}],"about":[{"href":"http:\/\/www.affinite.fr\/index.php\/wp-json\/wp\/v2\/types\/post"}],"author":[{"embeddable":true,"href":"http:\/\/www.affinite.fr\/index.php\/wp-json\/wp\/v2\/users\/1"}],"replies":[{"embeddable":true,"href":"http:\/\/www.affinite.fr\/index.php\/wp-json\/wp\/v2\/comments?post=8445"}],"version-history":[{"count":0,"href":"http:\/\/www.affinite.fr\/index.php\/wp-json\/wp\/v2\/posts\/8445\/revisions"}],"wp:featuredmedia":[{"embeddable":true,"href":"http:\/\/www.affinite.fr\/index.php\/wp-json\/wp\/v2\/media\/8446"}],"wp:attachment":[{"href":"http:\/\/www.affinite.fr\/index.php\/wp-json\/wp\/v2\/media?parent=8445"}],"wp:term":[{"taxonomy":"category","embeddable":true,"href":"http:\/\/www.affinite.fr\/index.php\/wp-json\/wp\/v2\/categories?post=8445"},{"taxonomy":"post_tag","embeddable":true,"href":"http:\/\/www.affinite.fr\/index.php\/wp-json\/wp\/v2\/tags?post=8445"}],"curies":[{"name":"wp","href":"https:\/\/api.w.org\/{rel}","templated":true}]}}