{"id":8419,"date":"2022-10-15T05:16:14","date_gmt":"2022-10-15T05:16:14","guid":{"rendered":"https:\/\/www.affinite.fr\/index.php\/2022\/10\/15\/un-jeune-de-16-ans-est-mort-apres-avoir-bu-de-lalcool-sa-mere-attaque-lenseigne\/"},"modified":"2022-10-15T05:16:14","modified_gmt":"2022-10-15T05:16:14","slug":"un-jeune-de-16-ans-est-mort-apres-avoir-bu-de-lalcool-sa-mere-attaque-lenseigne","status":"publish","type":"post","link":"http:\/\/www.affinite.fr\/index.php\/2022\/10\/15\/un-jeune-de-16-ans-est-mort-apres-avoir-bu-de-lalcool-sa-mere-attaque-lenseigne\/","title":{"rendered":"Un jeune de 16\u00a0ans est mort apr\u00e8s avoir bu de l&rsquo;alcool&#8230; sa m\u00e8re attaque l&rsquo;enseigne\u00a0!"},"content":{"rendered":"<p> [ad_1]<br \/>\n<br \/><img decoding=\"async\" src=\"https:\/\/img-3.journaldesfemmes.fr\/GfgOgkWJ3x8WabZTMbXZqT-ByRE=\/1280x\/smart\/7532c30dc9cb42a39df2667c5f541947\/ccmcms-jdf\/38549499.jpg\" \/><\/p>\n<p>\n                Une m\u00e8re de famille attaque le supermarch\u00e9 Lidl, qui a vendu de l&rsquo;alcool \u00e0 son fils mineur accompagn\u00e9 d&rsquo;un ami. Ces derniers ont eu un accident de scooter et l&rsquo;un des jeunes, Kilian, est mort suite \u00e0 cette collision.            <\/p>\n<div>\n<p>Selon nos confr\u00e8res de RTL, Kilian et son camarade, \u00e2g\u00e9s de 16\u00a0ans, ont achet\u00e9 deux bouteilles de vodka dans un supermarch\u00e9 Lidl. Ils boivent la boisson alcoolis\u00e9e et ils ont un accident fatal pour l&rsquo;un des jeunes gar\u00e7ons. Les scooters des deux amis se percutent. Kilian est d\u00e9vi\u00e9 de sa trajectoire. Il rentre dans un lampadaire \u00e0 vive allure et meurt sur place.<\/p>\n<p><strong>L&rsquo;adolescent responsable de la mort de son ami est poursuivi pour homicide involontaire<\/strong>. Dans l&rsquo;\u00e9mission <em>C \u00e0 Vous<\/em>, du jeudi 13\u00a0octobre, le journaliste Mohamed Bouhafsi raconte que la m\u00e8re de Kilian consid\u00e8re que l&rsquo;ami de son fils ne porte pas l&rsquo;enti\u00e8re responsabilit\u00e9 du drame. <strong>Elle porte plainte contre le magasin pour vente illicite d&rsquo;alcool \u00e0 un mineur.<\/strong><\/p>\n<h2>La m\u00e8re explique pourquoi elle a port\u00e9 plainte contre Lidl<\/h2>\n<p>\u00ab\u00a0<em>Je porte plainte parce qu&rsquo;une personne a donn\u00e9 ou vendu de l&rsquo;alcool \u00e0 mon fils alors que c&rsquo;est interdit. Un adulte qui se retrouve avec un mineur qui lui demande de l&rsquo;alcool, encore plus quand il voit qu&rsquo;ils sont v\u00e9hicul\u00e9s en scooter, c&rsquo;est non\u00a0! Moi, j&rsquo;ai \u00e9t\u00e9 caissi\u00e8re et j&rsquo;ai toujours demand\u00e9 m\u00eame quand j&rsquo;avais un doute, parfois m\u00eame, \u00e0 des gens d&rsquo;une trentaine d&rsquo;ann\u00e9es. L\u00e0, \u00e7a n&rsquo;a pas \u00e9t\u00e9 le cas<\/em>\u00a0\u00bb raconte la m\u00e8re, Coralie Larroquet dans l&rsquo;\u00e9mission <em>C \u00e0 Vous<\/em>. Elle explique au micro de RTL pourquoi les parents ne peuvent pas surveiller \u00e0 chaque instant un gamin de 16\u00a0ans. \u00ab\u00a0<em>Les jeunes ont envie de faire la f\u00eate. Nous, en tant que parents, on doit encadrer \u00e7a, mais il y a des lois qui sont faites pour les prot\u00e9ger \u00e0 l&rsquo;ext\u00e9rieur du foyer. Nos gamins n&rsquo;ont pas \u00e9t\u00e9 prot\u00e9g\u00e9s<\/em>.\u00a0\u00bb<\/p>\n<h2>Que r\u00e9pond la justice\u00a0?<\/h2>\n<p>Apr\u00e8s la plainte de la m\u00e8re, <strong>le procureur de Bayonne a d\u00e9cid\u00e9 d&rsquo;engager des poursuites contre le magasin<\/strong>. C&rsquo;est une premi\u00e8re en France. Le magasin Lidl, sollicit\u00e9 par les journalistes, n&rsquo;a pas souhait\u00e9 r\u00e9pondre ou faire de commentaire pour l&rsquo;instant. Un psychiatre sp\u00e9cialiste de l&rsquo;addictologie et pr\u00e9sident de la F\u00e9d\u00e9ration fran\u00e7aise d&rsquo;addictologie, Amine Benyamina, interrog\u00e9 pour l&rsquo;\u00e9mission de France 5, a salu\u00e9 la d\u00e9cision de justice. <em>\u00ab\u00a0C&rsquo;est un grand signal, un signal tr\u00e8s fort qui est envoy\u00e9 \u00e0 ses grands distributeurs qui n&rsquo;ont pas int\u00e9gr\u00e9 la n\u00e9cessit\u00e9 de v\u00e9rifier. Ils ont une responsabilit\u00e9 vis-\u00e0-vis de la sant\u00e9 des jeunes.<\/em>\u00a0\u00bb Il est encore trop facile, selon lui, pour les mineurs d&rsquo;avoir acc\u00e8s \u00e0 l&rsquo;alcool. L&rsquo;audience se tiendra au tribunal correctionnel de Bayonne le 3\u00a0novembre. Il est certain qu&rsquo;on parlera encore de cette affaire tr\u00e8s bient\u00f4t.\u00a0<\/p>\n<\/p><\/div>\n<p>[ad_2]<br \/>\n<br \/><a href=\"https:\/\/www.journaldesfemmes.fr\/societe\/actu\/2855873-plainte-lidl-alcool-pbnl\/\">Source link <\/a><\/p>\n","protected":false},"excerpt":{"rendered":"<p>[ad_1] Une m\u00e8re de famille attaque le supermarch\u00e9 Lidl, qui a vendu de l&rsquo;alcool \u00e0 son fils mineur accompagn\u00e9 d&rsquo;un &hellip; <a href=\"http:\/\/www.affinite.fr\/index.php\/2022\/10\/15\/un-jeune-de-16-ans-est-mort-apres-avoir-bu-de-lalcool-sa-mere-attaque-lenseigne\/\" class=\"more-link\">Plus <span class=\"screen-reader-text\">Un jeune de 16\u00a0ans est mort apr\u00e8s avoir bu de l&rsquo;alcool&#8230; sa m\u00e8re attaque l&rsquo;enseigne\u00a0!<\/span> <span class=\"meta-nav\">&rarr;<\/span><\/a><\/p>\n","protected":false},"author":1,"featured_media":8420,"comment_status":"","ping_status":"open","sticky":false,"template":"","format":"standard","meta":{"_sitemap_exclude":false,"_sitemap_priority":"","_sitemap_frequency":"","footnotes":""},"categories":[1],"tags":[],"class_list":["post-8419","post","type-post","status-publish","format-standard","has-post-thumbnail","hentry","category-tous"],"_links":{"self":[{"href":"http:\/\/www.affinite.fr\/index.php\/wp-json\/wp\/v2\/posts\/8419"}],"collection":[{"href":"http:\/\/www.affinite.fr\/index.php\/wp-json\/wp\/v2\/posts"}],"about":[{"href":"http:\/\/www.affinite.fr\/index.php\/wp-json\/wp\/v2\/types\/post"}],"author":[{"embeddable":true,"href":"http:\/\/www.affinite.fr\/index.php\/wp-json\/wp\/v2\/users\/1"}],"replies":[{"embeddable":true,"href":"http:\/\/www.affinite.fr\/index.php\/wp-json\/wp\/v2\/comments?post=8419"}],"version-history":[{"count":0,"href":"http:\/\/www.affinite.fr\/index.php\/wp-json\/wp\/v2\/posts\/8419\/revisions"}],"wp:featuredmedia":[{"embeddable":true,"href":"http:\/\/www.affinite.fr\/index.php\/wp-json\/wp\/v2\/media\/8420"}],"wp:attachment":[{"href":"http:\/\/www.affinite.fr\/index.php\/wp-json\/wp\/v2\/media?parent=8419"}],"wp:term":[{"taxonomy":"category","embeddable":true,"href":"http:\/\/www.affinite.fr\/index.php\/wp-json\/wp\/v2\/categories?post=8419"},{"taxonomy":"post_tag","embeddable":true,"href":"http:\/\/www.affinite.fr\/index.php\/wp-json\/wp\/v2\/tags?post=8419"}],"curies":[{"name":"wp","href":"https:\/\/api.w.org\/{rel}","templated":true}]}}