{"id":8417,"date":"2022-10-14T22:10:49","date_gmt":"2022-10-14T22:10:49","guid":{"rendered":"https:\/\/www.affinite.fr\/index.php\/2022\/10\/14\/les-anneaux-de-pouvoir-quand-sort-la-saison-2-sur-prime-video-news-series\/"},"modified":"2022-10-14T22:10:49","modified_gmt":"2022-10-14T22:10:49","slug":"les-anneaux-de-pouvoir-quand-sort-la-saison-2-sur-prime-video-news-series","status":"publish","type":"post","link":"http:\/\/www.affinite.fr\/index.php\/2022\/10\/14\/les-anneaux-de-pouvoir-quand-sort-la-saison-2-sur-prime-video-news-series\/","title":{"rendered":"Les Anneaux de pouvoir : quand sort la saison 2 sur Prime Video ? &#8211; News S\u00e9ries"},"content":{"rendered":"<p> [ad_1]<br \/>\n<\/p>\n<p>Le dernier \u00e9pisode de la saison 1 de la s\u00e9rie \u00ab\u00a0Le Seigneur des Anneaux &#8211; Les Anneaux de pouvoir\u00a0\u00bb est sorti et avec lui, des questions suppl\u00e9mentaires laiss\u00e9es sans r\u00e9ponses. Mais quand arrivera la suite sur nos \u00e9crans ?<\/p>\n<div id=\"article-content\">\n<figure class=\"player player-auto-play js-player\" data-model=\"{&quot;videos&quot;:[{&quot;id&quot;:19598493,&quot;idDailymotion&quot;:&quot;x8ehukb&quot;,&quot;sources&quot;:{&quot;high&quot;:&quot;https:\/\/fr.vid.web.acsta.net\/nmedia\/33\/22\/10\/14\/11\/19598493_hd_013.mp4&quot;,&quot;low&quot;:&quot;https:\/\/fr.vid.web.acsta.net\/nmedia\/33\/22\/10\/14\/11\/19598493_l_013.mp4&quot;,&quot;medium&quot;:&quot;https:\/\/fr.vid.web.acsta.net\/nmedia\/33\/22\/10\/14\/11\/19598493_m_013.mp4&quot;,&quot;standard&quot;:&quot;https:\/\/fr.vid.web.acsta.net\/nmedia\/33\/22\/10\/14\/11\/19598493_sd_013.mp4&quot;},&quot;image&quot;:&quot;\/videothumbnails\/22\/10\/14\/11\/06\/0358397.jpg&quot;,&quot;title&quot;:&quot;Les Anneaux de Pouvoir : Cet homme parle elfique ?!&quot;,&quot;trackingIdentifier&quot;:&quot;19598493-les_anneaux_de_pouvoir_cet_homme_parle_elfique&quot;,&quot;embedUrl&quot;:&quot;ACraHRACr0cHM6Ly9wbGF5ZXIuYWxsb2NpbmUuZnIvMTk1OTg0OTMuaHRtbA==&quot;,&quot;file_type&quot;:&quot;INTERVIEW&quot;,&quot;description&quot;:&quot;Les Anneaux de Pouvoir : Cet homme parle elfique ?!&quot;,&quot;duration&quot;:354,&quot;view_count&quot;:null,&quot;added_at&quot;:{&quot;date&quot;:&quot;2022-10-14 11:04:00.000000&quot;,&quot;timezone_type&quot;:3,&quot;timezone&quot;:&quot;Europe\/Paris&quot;},&quot;metas&quot;:{&quot;id_main_show&quot;:null,&quot;name_main_show&quot;:null,&quot;image_main_show&quot;:null,&quot;id_main_movie&quot;:27070,&quot;name_main_movie&quot;:&quot;Le Seigneur des anneaux : la communautu00e9 de l'anneau&quot;,&quot;image_main_movie&quot;:&quot;\/medias\/nmedia\/00\/02\/16\/27\/69218096_af.jpg&quot;,&quot;id_main_series&quot;:null,&quot;name_main_series&quot;:null,&quot;image_main_series&quot;:null,&quot;id_main_season&quot;:null,&quot;name_main_season&quot;:null,&quot;image_main_season&quot;:null,&quot;main_season_number&quot;:null,&quot;id_main_person&quot;:null,&quot;name_main_person&quot;:null,&quot;image_main_person&quot;:null,&quot;use_portal&quot;:null,&quot;release_date_main_movie&quot;:null,&quot;nb_days_release_main_movie&quot;:null,&quot;id_meta_category&quot;:null,&quot;name_meta_category&quot;:null,&quot;localized_file_type&quot;:null,&quot;trans_file_type&quot;:null,&quot;main_movie_type&quot;:null,&quot;main_season_rating&quot;:null,&quot;main_series_rating&quot;:null,&quot;main_season_user_note_count&quot;:null,&quot;genre_main_movie&quot;:null,&quot;genre_main_series&quot;:null,&quot;release_status_movie&quot;:null,&quot;release_status_series&quot;:null},&quot;is_emergence_inhibited&quot;:false,&quot;relatedEntityType&quot;:&quot;movie&quot;,&quot;relatedEntityId&quot;:27070,&quot;relatedEntityTitle&quot;:&quot;Le Seigneur des anneaux : la communautu00e9 de l'anneau&quot;,&quot;relatedEntityUrl&quot;:&quot;ACraHRACr0cHM6Ly93d3cuYWxsb2NpbmUuZnIvZmlsbS9maWNoZWZpbG1fZ2VuX2NmaWxtPTI3MDcwLmh0bWw=&quot;,&quot;mediaUrl&quot;:&quot;ACraHRACr0cHM6Ly93d3cuYWxsb2NpbmUuZnIvdmlkZW8vcGxheWVyX2dlbl9jbWVkaWE9MTk1OTg0OTMmY2ZpbG09MjcwNzAuaHRtbA==&quot;,&quot;relatedEntityTrackingIdentifier&quot;:&quot;27070-le_seigneur_des_anneaux_la_communaute_de_l_anneau&quot;,&quot;genres&quot;:[&quot;ADVENTURE&quot;,&quot;FANTASY&quot;],&quot;relatedEntityDistributor&quot;:null,&quot;relatedEntityDistributorId&quot;:null,&quot;entityStatus&quot;:null}],&quot;disablePreroll&quot;:false,&quot;disablePostroll&quot;:false,&quot;endScreen&quot;:true,&quot;context&quot;:&quot;newspage_news&quot;,&quot;launch&quot;:&quot;auto-play&quot;,&quot;followScroll&quot;:true,&quot;editorialContent&quot;:&quot;18714951-les_anneaux_de_pouvoir_quand_sort_la_saison_2_sur_prime_video&quot;,&quot;disableAutoPause&quot;:true,&quot;player_position&quot;:&quot;playertop&quot;}\" data-thumb=\"https:\/\/fr.web.img4.acsta.net\/r_640_360\/videothumbnails\/22\/10\/14\/11\/06\/0358397.jpg\" data-player-dm-id=\"x1hyz\">\n<\/figure>\n<p>Avec le final des\u00a0<a title=\"Le Seigneur des Anneaux : Les Anneaux de Pouvoir (U.S.A.) (Fantastique,Drame,Aventure)\" href=\"http:\/\/www.allocine.fr\/series\/ficheserie_gen_cserie=22940.html\">Anneaux de pouvoir<\/a> diffus\u00e9 ce 14 octobre sur Prime Video, beaucoup de questions ont \u00e9t\u00e9 r\u00e9pondues mais des \u00e9v\u00e9nements laiss\u00e9s en suspens pour la saison 2, d\u00e9j\u00e0 command\u00e9e. Mais quand arriveront les huit nouveaux \u00e9pisodes ?<\/p>\n<p>Le tournage a d&rsquo;ores et d\u00e9j\u00e0 repris sur la s\u00e9rie. Finie la Nouvelle-Z\u00e9lande : pour faire des \u00e9conomies, la production se d\u00e9place en Ecosse et dans un studio londonien sp\u00e9cialement install\u00e9 pour tourner la s\u00e9rie.<\/p>\n<p><span>L&rsquo;id\u00e9e est que la dur\u00e9e de tournage des saisons suivantes soit moins longue que les 18 mois n\u00e9cessaires \u00e0 la saison 1 (en partie \u00e0 cause du COVID), mais le fait est que les showrunners ont recommand\u00e9 de ne pas attendre la saison <i>\u00ab\u00a0avant deux ans\u00a0\u00bb<\/i>.<\/span><\/p>\n<p><span><\/p>\n<div class=\"article-figure-holder\">\n<figure class=\"article-figure mceNonEditable\">\n<img loading=\"lazy\" decoding=\"async\" class=\"article-figure-img\" src=\"data:image\/gif;base64,R0lGODlhAgABAPAAAAAAAAAAACH5BAEAAAAAIf8LSW1hZ2VNYWdpY2sNZ2FtbWE9MC40NTQ1NQAsAAAAAAIAAQAAAgIECgA7\" data-src=\"https:\/\/fr.web.img3.acsta.net\/r_640_256\/newsv7\/22\/10\/14\/17\/41\/0100675.jpg\" width=\"640\" height=\"320\"\/><br \/>\n<span class=\"article-figcaption-copy\">WALTER \/ BESTIMAGE<\/span><figcaption class=\"article-figcaption\">\nLes cr\u00e9ateurs Patrick McKay et J D Payne avec la productrice Lindsey Weber<br \/>\n<\/figcaption><\/figure>\n<\/div>\n<p><\/span><\/p>\n<p><strong>Ce qui nous porterait donc en 2024 et plus probablement vers le mois d&rsquo;octobre que f\u00e9vrier.<\/strong><\/p>\n<p><span>La premi\u00e8re saison \u00e9tait comme un long pilote posant les enjeux et les premiers dangers, tout en explorant le personnage de Galadriel, son caract\u00e8re, sa souffrance, ses motivations. De <span class=\"ACraHRACr0cHM6Ly93d3cuaG9sbHl3b29kcmVwb3J0ZXIuY29tL3R2L3R2LW5ld3MvcmluZ3Mtb2YtcG93ZXItc2F1cm9uLXNlYXNvbi0yLWxvdHItMTIzNTI0MDgwOS8=\" target=\"_blank\">l&rsquo;aveu m\u00eame<\/span> des cr\u00e9ateurs de la s\u00e9rie, la saison 2 fera de m\u00eame mais avec Sauron, et ils pr\u00e9cisent m\u00eame :<\/span><\/p>\n<blockquote class=\"article-quote\"><p>Comme Tony Soprano ou Walter White, [Sauron] est mal\u00e9fique, mais mal\u00e9fiquement complexe.<\/p><\/blockquote>\n<p>Les huit premiers \u00e9pisodes ont r\u00e9pondu \u00e0 la plupart des myst\u00e8res qu&rsquo;elle avait pos\u00e9. Reste \u00e0 savoir comment la s\u00e9rie va mettre en sc\u00e8ne les ravages caus\u00e9s par Sauron en Terre du Milieu, ce qui demander beaucoup d&rsquo;effets sp\u00e9ciaux et donc&#8230; de temps en post-production pour donner vie \u00e0 des combats d&rsquo;ampleur.<\/p>\n<p><iframe loading=\"lazy\" src=\"https:\/\/embed.acast.com\/20d5fef4-0cc7-52b2-821d-b03d88db581f\/6349704fd51c900011f317ae\" frameborder=\"0\" width=\"100%\" height=\"190px\"><\/iframe><\/p>\n<p>En attendant les premi\u00e8res photos de tournage, il sera possible aux fans de revoir les \u00e9pisodes de la premi\u00e8re saison \u00e0 l&rsquo;aune des r\u00e9v\u00e9lations de l&rsquo;\u00e9pisode 8, ce qui a des chances de rendre le revisionnage savoureux.<\/p>\n<p><span><span>\u00a0<\/span><\/span><\/p>\n<\/div>\n<p>[ad_2]<br \/>\n<br \/><a href=\"http:\/\/www.allocine.fr\/article\/fichearticle_gen_carticle=18714951.html\">Source link <\/a><\/p>\n","protected":false},"excerpt":{"rendered":"<p>[ad_1] Le dernier \u00e9pisode de la saison 1 de la s\u00e9rie \u00ab\u00a0Le Seigneur des Anneaux &#8211; Les Anneaux de pouvoir\u00a0\u00bb &hellip; <a href=\"http:\/\/www.affinite.fr\/index.php\/2022\/10\/14\/les-anneaux-de-pouvoir-quand-sort-la-saison-2-sur-prime-video-news-series\/\" class=\"more-link\">Plus <span class=\"screen-reader-text\">Les Anneaux de pouvoir : quand sort la saison 2 sur Prime Video ? &#8211; News S\u00e9ries<\/span> <span class=\"meta-nav\">&rarr;<\/span><\/a><\/p>\n","protected":false},"author":1,"featured_media":8418,"comment_status":"","ping_status":"open","sticky":false,"template":"","format":"standard","meta":{"_sitemap_exclude":false,"_sitemap_priority":"","_sitemap_frequency":"","footnotes":""},"categories":[1],"tags":[],"class_list":["post-8417","post","type-post","status-publish","format-standard","has-post-thumbnail","hentry","category-tous"],"_links":{"self":[{"href":"http:\/\/www.affinite.fr\/index.php\/wp-json\/wp\/v2\/posts\/8417"}],"collection":[{"href":"http:\/\/www.affinite.fr\/index.php\/wp-json\/wp\/v2\/posts"}],"about":[{"href":"http:\/\/www.affinite.fr\/index.php\/wp-json\/wp\/v2\/types\/post"}],"author":[{"embeddable":true,"href":"http:\/\/www.affinite.fr\/index.php\/wp-json\/wp\/v2\/users\/1"}],"replies":[{"embeddable":true,"href":"http:\/\/www.affinite.fr\/index.php\/wp-json\/wp\/v2\/comments?post=8417"}],"version-history":[{"count":0,"href":"http:\/\/www.affinite.fr\/index.php\/wp-json\/wp\/v2\/posts\/8417\/revisions"}],"wp:featuredmedia":[{"embeddable":true,"href":"http:\/\/www.affinite.fr\/index.php\/wp-json\/wp\/v2\/media\/8418"}],"wp:attachment":[{"href":"http:\/\/www.affinite.fr\/index.php\/wp-json\/wp\/v2\/media?parent=8417"}],"wp:term":[{"taxonomy":"category","embeddable":true,"href":"http:\/\/www.affinite.fr\/index.php\/wp-json\/wp\/v2\/categories?post=8417"},{"taxonomy":"post_tag","embeddable":true,"href":"http:\/\/www.affinite.fr\/index.php\/wp-json\/wp\/v2\/tags?post=8417"}],"curies":[{"name":"wp","href":"https:\/\/api.w.org\/{rel}","templated":true}]}}