{"id":8386,"date":"2022-10-07T10:05:16","date_gmt":"2022-10-07T10:05:16","guid":{"rendered":"https:\/\/www.affinite.fr\/index.php\/2022\/10\/07\/podcast-dahmer-est-ce-que-netflix-va-trop-loin-podcast-series\/"},"modified":"2022-10-07T10:05:16","modified_gmt":"2022-10-07T10:05:16","slug":"podcast-dahmer-est-ce-que-netflix-va-trop-loin-podcast-series","status":"publish","type":"post","link":"http:\/\/www.affinite.fr\/index.php\/2022\/10\/07\/podcast-dahmer-est-ce-que-netflix-va-trop-loin-podcast-series\/","title":{"rendered":"PODCAST &#8211; Dahmer : est-ce que Netflix va trop loin ? &#8211; Podcast S\u00e9ries"},"content":{"rendered":"<p> [ad_1]<br \/>\n<br \/><img decoding=\"async\" src=\"http:\/\/fr.web.img3.acsta.net\/newsv7\/22\/10\/06\/17\/48\/1758628.jpg\" \/><\/p>\n<p>Pour l&rsquo;\u00e9mission Spotlight, une partie de l&rsquo;\u00e9quipe d&rsquo;AlloCin\u00e9 revient sur l&rsquo;un des derniers ph\u00e9nom\u00e8nes de Netflix, la s\u00e9rie \u00ab\u00a0Dahmer : Monstre &#8211; L&rsquo;histoire de Jeffrey Dahmer\u00a0\u00bb. L&rsquo;occasion de s&rsquo;int\u00e9resser de plus pr\u00e8s aux nombreuses controverses.<\/p>\n<div id=\"article-content\">\n<figure class=\"player player-auto-play js-player\" data-model=\"{&quot;videos&quot;:[{&quot;id&quot;:19598274,&quot;idDailymotion&quot;:&quot;x8e0ej7&quot;,&quot;sources&quot;:{&quot;high&quot;:&quot;https:\/\/fr.vid.web.acsta.net\/nmedia\/33\/22\/09\/27\/14\/19598274_hd_013.mp4&quot;,&quot;low&quot;:&quot;https:\/\/fr.vid.web.acsta.net\/nmedia\/33\/22\/09\/27\/14\/19598274_l_013.mp4&quot;,&quot;medium&quot;:&quot;https:\/\/fr.vid.web.acsta.net\/nmedia\/33\/22\/09\/27\/14\/19598274_m_013.mp4&quot;,&quot;standard&quot;:&quot;https:\/\/fr.vid.web.acsta.net\/nmedia\/33\/22\/09\/27\/14\/19598274_sd_013.mp4&quot;},&quot;image&quot;:&quot;\/videothumbnails\/22\/09\/27\/15\/26\/2448591.jpg&quot;,&quot;title&quot;:&quot;Dahmer : Monstre - L'histoire de Jeffrey Dahmer - retour sur les faits ru00e9els&quot;,&quot;trackingIdentifier&quot;:&quot;19598274-dahmer_monstre_l_histoire_de_jeffrey_dahmer_retour_sur_les_faits_reels&quot;,&quot;embedUrl&quot;:&quot;ACraHRACr0cHM6Ly9wbGF5ZXIuYWxsb2NpbmUuZnIvMTk1OTgyNzQuaHRtbA==&quot;,&quot;file_type&quot;:&quot;SPECIAL_REPORT&quot;,&quot;description&quot;:&quot;Dahmer : Monstre - L'histoire de Jeffrey Dahmer - retour sur les faits ru00e9els&quot;,&quot;duration&quot;:180,&quot;view_count&quot;:92238,&quot;added_at&quot;:{&quot;date&quot;:&quot;2022-09-27 14:29:00.000000&quot;,&quot;timezone_type&quot;:3,&quot;timezone&quot;:&quot;Europe\/Paris&quot;},&quot;metas&quot;:{&quot;id_main_show&quot;:null,&quot;name_main_show&quot;:null,&quot;image_main_show&quot;:null,&quot;id_main_movie&quot;:null,&quot;name_main_movie&quot;:null,&quot;image_main_movie&quot;:null,&quot;id_main_series&quot;:null,&quot;name_main_series&quot;:null,&quot;image_main_series&quot;:null,&quot;id_main_season&quot;:null,&quot;name_main_season&quot;:null,&quot;image_main_season&quot;:null,&quot;main_season_number&quot;:null,&quot;id_main_person&quot;:105198,&quot;name_main_person&quot;:&quot;Peters Evan&quot;,&quot;image_main_person&quot;:&quot;\/pictures\/16\/05\/10\/10\/00\/403933.jpg&quot;,&quot;use_portal&quot;:null,&quot;release_date_main_movie&quot;:null,&quot;nb_days_release_main_movie&quot;:null,&quot;id_meta_category&quot;:null,&quot;name_meta_category&quot;:null,&quot;localized_file_type&quot;:null,&quot;trans_file_type&quot;:null,&quot;main_movie_type&quot;:null,&quot;main_season_rating&quot;:null,&quot;main_series_rating&quot;:null,&quot;main_season_user_note_count&quot;:null,&quot;genre_main_movie&quot;:null,&quot;genre_main_series&quot;:null,&quot;release_status_movie&quot;:null,&quot;release_status_series&quot;:null},&quot;is_emergence_inhibited&quot;:false,&quot;relatedEntityType&quot;:&quot;person&quot;}],&quot;disablePreroll&quot;:false,&quot;disablePostroll&quot;:false,&quot;endScreen&quot;:true,&quot;context&quot;:&quot;newspage_podcast&quot;,&quot;launch&quot;:&quot;auto-play&quot;,&quot;followScroll&quot;:true,&quot;editorialContent&quot;:&quot;18714704-podcast_dahmer_est_ce_que_netflix_va_trop_loin&quot;,&quot;disableAutoPause&quot;:true,&quot;player_position&quot;:&quot;playertop&quot;}\" data-thumb=\"https:\/\/fr.web.img2.acsta.net\/r_640_360\/videothumbnails\/22\/09\/27\/15\/26\/2448591.jpg\" data-player-dm-id=\"x1hyz\">\n<\/figure>\n<p>C&rsquo;est l&rsquo;un des plus gros succ\u00e8s de tous les temps sur Netflix. La s\u00e9rie\u00a0<a title=\"Dahmer : Monstre - L'histoire de Jeffrey Dahmer (U.S.A.) (Drame,Biopic,Thriller)\" href=\"http:\/\/www.allocine.fr\/series\/ficheserie_gen_cserie=27411.html\">Dahmer : Monstre &#8211; L&rsquo;histoire de Jeffrey Dahmer<\/a> revient sur l&rsquo;affaire du \u00ab\u00a0cannibale de Milwaukee\u00a0\u00bb. De 1978 \u00e0 1991, cet homme a tu\u00e9 et d\u00e9membr\u00e9 17 hommes. Cr\u00e9\u00e9e par\u00a0<a title=\"Ryan Murphy (U.S.A.) (Sc\u00e9nariste,R\u00e9alisateur,Producteur d\u00e9l\u00e9gu\u00e9)\" href=\"http:\/\/www.allocine.fr\/personne\/fichepersonne_gen_cpersonne=84142.html\">Ryan Murphy<\/a> et <a title=\"Ian Brennan (U.S.A.) (Sc\u00e9nariste,R\u00e9alisateur,Producteur d\u00e9l\u00e9gu\u00e9)\" href=\"http:\/\/www.allocine.fr\/personne\/fichepersonne_gen_cpersonne=43062.html\">Ian Brennan<\/a>, l&rsquo;adaptation de cette histoire criminelle attise la curiosit\u00e9 et lance des d\u00e9bats enflamm\u00e9s.<\/p>\n<p>Depuis sa sortie, la s\u00e9rie suscite de nombreuses r\u00e9actions, mais aussi des pol\u00e9miques, notamment de la part de la famille d&rsquo;une des victimes. Alors qu&rsquo;un documentaire sur le m\u00eame sujet sort sur Netflix ce 7 octobre, l&rsquo;\u00e9mission Spotlight a voulu se poser la question : la plateforme est-elle all\u00e9e trop loin ?<\/p>\n<p>Au d\u00e9tour d&rsquo;une conversation, une partie de l&rsquo;\u00e9quipe d&rsquo;AlloCin\u00e9 revient sur les pol\u00e9miques et la n\u00e9cessit\u00e9 m\u00eame d&rsquo;une telle s\u00e9rie.<\/p>\n<p><iframe loading=\"lazy\" src=\"https:\/\/embed.acast.com\/20d5fef4-0cc7-52b2-821d-b03d88db581f\/633ed28474eaf0001139e801\" frameborder=\"0\" width=\"100%\" height=\"190px\"><\/iframe><\/p>\n<p>Cet \u00e9pisode est disponible directement sur les plateformes suivantes, en cliquant sur le lien direct ci-dessous :<\/p>\n<p>N&rsquo;h\u00e9sitez pas \u00e0 partager, noter, commenter l&rsquo;\u00e9mission et \u00e0 vous abonner \u00e0 AlloCin\u00e9 Podcasts. Tous nos \u00e9pisodes sont \u00e0 retrouver sur les plateformes de podcast, dont Deezer, Spotify, Apple Podcasts, Acast&#8230;<\/p>\n<p><i> Cr\u00e9dits :<\/i><\/p>\n<p><i>Animation : Thomas Desroches <\/i><\/p>\n<p><i>Chroniqueurs : Vincent Formica, Manon Maroufi, Corentin Palanchini <\/i><\/p>\n<p><i>Enregistrement : Arthur Tourneret <\/i><\/p>\n<p><i>Montage : Nathan Blanchard<\/i><\/p>\n<\/div>\n<p>[ad_2]<br \/>\n<br \/><a href=\"http:\/\/www.allocine.fr\/article\/fichearticle_gen_carticle=18714704.html\">Source link <\/a><\/p>\n","protected":false},"excerpt":{"rendered":"<p>[ad_1] Pour l&rsquo;\u00e9mission Spotlight, une partie de l&rsquo;\u00e9quipe d&rsquo;AlloCin\u00e9 revient sur l&rsquo;un des derniers ph\u00e9nom\u00e8nes de Netflix, la s\u00e9rie \u00ab\u00a0Dahmer &hellip; <a href=\"http:\/\/www.affinite.fr\/index.php\/2022\/10\/07\/podcast-dahmer-est-ce-que-netflix-va-trop-loin-podcast-series\/\" class=\"more-link\">Plus <span class=\"screen-reader-text\">PODCAST &#8211; Dahmer : est-ce que Netflix va trop loin ? &#8211; Podcast S\u00e9ries<\/span> <span class=\"meta-nav\">&rarr;<\/span><\/a><\/p>\n","protected":false},"author":1,"featured_media":8387,"comment_status":"","ping_status":"open","sticky":false,"template":"","format":"standard","meta":{"_sitemap_exclude":false,"_sitemap_priority":"","_sitemap_frequency":"","footnotes":""},"categories":[1],"tags":[],"class_list":["post-8386","post","type-post","status-publish","format-standard","has-post-thumbnail","hentry","category-tous"],"_links":{"self":[{"href":"http:\/\/www.affinite.fr\/index.php\/wp-json\/wp\/v2\/posts\/8386"}],"collection":[{"href":"http:\/\/www.affinite.fr\/index.php\/wp-json\/wp\/v2\/posts"}],"about":[{"href":"http:\/\/www.affinite.fr\/index.php\/wp-json\/wp\/v2\/types\/post"}],"author":[{"embeddable":true,"href":"http:\/\/www.affinite.fr\/index.php\/wp-json\/wp\/v2\/users\/1"}],"replies":[{"embeddable":true,"href":"http:\/\/www.affinite.fr\/index.php\/wp-json\/wp\/v2\/comments?post=8386"}],"version-history":[{"count":0,"href":"http:\/\/www.affinite.fr\/index.php\/wp-json\/wp\/v2\/posts\/8386\/revisions"}],"wp:featuredmedia":[{"embeddable":true,"href":"http:\/\/www.affinite.fr\/index.php\/wp-json\/wp\/v2\/media\/8387"}],"wp:attachment":[{"href":"http:\/\/www.affinite.fr\/index.php\/wp-json\/wp\/v2\/media?parent=8386"}],"wp:term":[{"taxonomy":"category","embeddable":true,"href":"http:\/\/www.affinite.fr\/index.php\/wp-json\/wp\/v2\/categories?post=8386"},{"taxonomy":"post_tag","embeddable":true,"href":"http:\/\/www.affinite.fr\/index.php\/wp-json\/wp\/v2\/tags?post=8386"}],"curies":[{"name":"wp","href":"https:\/\/api.w.org\/{rel}","templated":true}]}}