{"id":8377,"date":"2022-10-04T17:17:26","date_gmt":"2022-10-04T17:17:26","guid":{"rendered":"https:\/\/www.affinite.fr\/index.php\/2022\/10\/04\/comment-bien-conserver-les-brocolis\/"},"modified":"2022-10-04T17:17:26","modified_gmt":"2022-10-04T17:17:26","slug":"comment-bien-conserver-les-brocolis","status":"publish","type":"post","link":"http:\/\/www.affinite.fr\/index.php\/2022\/10\/04\/comment-bien-conserver-les-brocolis\/","title":{"rendered":"Comment bien conserver les brocolis\u00a0?"},"content":{"rendered":"<p> [ad_1]<br \/>\n<\/p>\n<div>\n<p>C\u2019est bien joli de cultiver son potager, il faut encore conserver ses r\u00e9coltes. Aujourd\u2019hui je vous parle de la conservation des brocolis. Chez nous c\u2019est un l\u00e9gume star, tout le monde l\u2019adore. D\u2019ailleurs les insectes et les oiseaux aussi ! Pour le r\u00e9ussir nous le faisons pousser sous des voiles anti-insectes sinon il ne d\u00e9passerait pas le stade 3 feuilles. D\u2019ailleurs si vous en faites pousser, donnez-nous vos astuces dans les commentaires.<\/p>\n<h2>Quel mode de conservation choisir en g\u00e9n\u00e9ral ?<\/h2>\n<p>Chez nous, on utilise <strong>5 grands modes de conservation<\/strong>: en frais (quand cela est possible type carotte, oignon, pomme de terre, betteraves\u2026), puis la <a href=\"https:\/\/healthy-market.cuisine-saine.fr\/rayons\/conservation\/deshydratation\/\" rel=\"noopener noreferrer\" target=\"_blank\">d\u00e9shydratation<\/a>, <a href=\"https:\/\/healthy-market.cuisine-saine.fr\/rayons\/conservation\/sterilisation\/\" rel=\"noopener noreferrer\" target=\"_blank\">la st\u00e9rilisation<\/a>, <a href=\"https:\/\/healthy-market.cuisine-saine.fr\/rayons\/conservation\/fermentation\/lacto-fermentation\/\" rel=\"noopener noreferrer\" target=\"_blank\">la lacto fermentation<\/a> et enfin la cong\u00e9lation.<\/p>\n<p>Pour ceux qui m\u2019ont pos\u00e9 la question, oui je sais que la st\u00e9rilisation d\u00e9truit une bonne partie des vitamines. Mais je vais vous expliquer pourquoi j\u2019ai choisi quand m\u00eame de st\u00e9riliser une partie de nos r\u00e9coltes et aussi pourquoi je ne mis pas non plus uniquement sur la st\u00e9rilisation.<\/p>\n<p>Le secret c\u2019est de faire avec vos usages, <strong>vos go\u00fbts et vos capacit\u00e9s de stockage<\/strong>. Par exemple la lactofermentation est certes tr\u00e8s saine, mais elle modifie le gout des l\u00e9gumes. Si vous n\u2019aimez pas la choucroute, vous n\u2019allez pas conserver le chou de cette mani\u00e8re. \u00c7a parait logique, mais vu certains commentaires que je re\u00e7ois je pr\u00e9f\u00e8re pr\u00e9ciser ma pens\u00e9e.<\/p>\n<p>Chez nous jusqu\u2019ici on conservait les <a href=\"https:\/\/cuisine-saine.fr\/recettes-bocaux\/comment-faire-conserves-carottes\/\" rel=\"noopener noreferrer\" target=\"_blank\">carottes surtout en bocaux<\/a> car c\u2019est tr\u00e8s pratique pour les ajouter ensuite rapidement dans <a href=\"https:\/\/cuisine-saine.fr\/recette-bio\/recette-dhiver-boeuf-bourguignon\" rel=\"noopener noreferrer\" target=\"_blank\">un plat mijot\u00e9 l\u2019hiver<\/a>. Mais comme il est possible de les conserver en frais en silo, on s\u2019est aussi mis \u00e0 cultiver de la carotte de conservation dans ce but. Nous en avons en frais et en bocaux. Si vous n\u2019avez pas la place pour cr\u00e9er un silo ni d\u2019endroit ou stocker c\u2019est \u00e9vident que, m\u00eame si c\u2019est le plus simple \u00e0 faire et que cela conserve mieux les vitamines (pas besoin d\u2019\u00e9nergie du tout), ce n\u2019est pas une bonne option pour vous.<\/p>\n<p>Il y a les adeptes de <strong>la cong\u00e9lation<\/strong> \u00e9galement, il est vrai que ce mode de conservation prot\u00e8ge mieux les vitamines que les bocaux st\u00e9rilis\u00e9s, mais pour certains l\u00e9gumes, question papilles, la conservation en bocaux est bien sup\u00e9rieure. Par exemple avez-vous d\u00e9j\u00e0 constat\u00e9 que les <a href=\"https:\/\/cuisine-saine.fr\/recette-bio\/recette-bocaux-bocaux-de-haricot-vert\/\" rel=\"noopener noreferrer\" target=\"_blank\">haricots verts en bocaux<\/a> sont meilleurs que les <a href=\"https:\/\/cuisine-saine.fr\/blog-cuisine\/blog-cuisine-astuce-conserver-les-haricots-verts\/\" rel=\"noopener noreferrer\" target=\"_blank\">haricots verts congel\u00e9s<\/a> ? Encore une fois c\u2019est un gout personnel et <strong>la mise sous vide peut aider<\/strong>. Et l\u00e0 aussi l\u2019inverse est vrai certains l\u00e9gumes sont meilleurs congel\u00e9s qu\u2019en bocaux.<\/p>\n<p>Autre b\u00e9mol que je pourrais donner \u00e0 la cong\u00e9lation c\u2019est le besoin permanent d\u2019\u00e9lectricit\u00e9. Alors je l\u2019utilise aussi, mais pas seul car c\u2019est risqu\u00e9. Nous avons d\u00e9j\u00e0 perdu tout le contenu de notre cong\u00e9lateur suite \u00e0 un probl\u00e8me \u00e9lectrique en notre absence. Au moins les bocaux, une fois faits, ils se conservent plusieurs ann\u00e9es sans \u00e9nergie.  J\u2019aurais tendance \u00e0 dire : ne mettez pas tous vos \u0153ufs dans le m\u00eame panier. Et ne jugez pas h\u00e2tivement une fa\u00e7on de faire, il y a souvent une bonne raison \u00e0 cela. Je partage avec vous mes m\u00e9thodes <strong>\u00e9prouv\u00e9es dans mon contexte<\/strong>, le votre est diff\u00e9rent et il existe peut-\u00eatre une meilleure solution pour vous.<\/p>\n<p>Vous l\u2019aurez compris, il n\u2019y a pas une fa\u00e7on de faire, mais plusieurs fa\u00e7ons de faire qui d\u00e9pendent de vos usages, vos go\u00fbts et vos possibilit\u00e9s.<\/p>\n<h2>Quel mode de conservation choisir pour les brocolis ?<\/h2>\n<p>Pour conserver les brocolis j\u2019ai retenu l\u2019option cong\u00e9lation. Mais sachez qu\u2019on peut tr\u00e8s bien aussi faire des brocolis au naturel en bocaux ou encore lacto ferment\u00e9s. Il n\u2019est pas exclu qu\u2019un jour je choisisse cette option ! Pour notre usage courant, c\u2019est \u00e0 dire soit la vapeur ou le wok et encore croquant, la cong\u00e9lation s\u2019y pr\u00eate mieux.<\/p>\n<h2>Les \u00e9tapes de conservation du brocoli congel\u00e9<\/h2>\n<ol class=\"recette\" itemprop=\"recipeInstructions\">\n<li itemprop=\"step\"><img loading=\"lazy\" decoding=\"async\" alt=\"Plongez les t\u00eates de brocolis dans de l\u2019eau vinaigr\u00e9e\" width=\"1000\" height=\"700\" class=\"alignnone size-full wp-image-116627\" srcset=\"https:\/\/cuisine-saine.fr\/wp-content\/uploads\/2022\/10\/01-laver-brocoli.jpg 1000w, https:\/\/cuisine-saine.fr\/wp-content\/uploads\/2022\/10\/01-laver-brocoli-980x686.jpg 980w, https:\/\/cuisine-saine.fr\/wp-content\/uploads\/2022\/10\/01-laver-brocoli-480x336.jpg 480w\" data-lazy-sizes=\"(min-width: 0px) and (max-width: 480px) 480px, (min-width: 481px) and (max-width: 980px) 980px, (min-width: 981px) 1000px, 100vw\" src=\"https:\/\/cuisine-saine.fr\/wp-content\/uploads\/2022\/10\/01-laver-brocoli.jpg\"\/><noscript><img loading=\"lazy\" decoding=\"async\" src=\"https:\/\/cuisine-saine.fr\/wp-content\/uploads\/2022\/10\/01-laver-brocoli.jpg\" alt=\"Plongez les t\u00eates de brocolis dans de l\u2019eau vinaigr\u00e9e\" width=\"1000\" height=\"700\" class=\"alignnone size-full wp-image-116627\" srcset=\"https:\/\/cuisine-saine.fr\/wp-content\/uploads\/2022\/10\/01-laver-brocoli.jpg 1000w, https:\/\/cuisine-saine.fr\/wp-content\/uploads\/2022\/10\/01-laver-brocoli-980x686.jpg 980w, https:\/\/cuisine-saine.fr\/wp-content\/uploads\/2022\/10\/01-laver-brocoli-480x336.jpg 480w\" sizes=\"(min-width: 0px) and (max-width: 480px) 480px, (min-width: 481px) and (max-width: 980px) 980px, (min-width: 981px) 1000px, 100vw\"\/><\/noscript><br \/>Plongez les t\u00eates de brocolis dans de l\u2019eau vinaigr\u00e9e pour bien les laver et \u00e9liminer les insectes.<\/li>\n<li itemprop=\"step\"><img loading=\"lazy\" decoding=\"async\" alt=\"D\u00e9taillez les t\u00eates en bouquet.\" width=\"1000\" height=\"700\" class=\"alignnone size-full wp-image-116628\" srcset=\"https:\/\/cuisine-saine.fr\/wp-content\/uploads\/2022\/10\/02-blanchir.jpg 1000w, https:\/\/cuisine-saine.fr\/wp-content\/uploads\/2022\/10\/02-blanchir-980x686.jpg 980w, https:\/\/cuisine-saine.fr\/wp-content\/uploads\/2022\/10\/02-blanchir-480x336.jpg 480w\" data-lazy-sizes=\"(min-width: 0px) and (max-width: 480px) 480px, (min-width: 481px) and (max-width: 980px) 980px, (min-width: 981px) 1000px, 100vw\" src=\"https:\/\/cuisine-saine.fr\/wp-content\/uploads\/2022\/10\/02-blanchir.jpg\"\/><noscript><img loading=\"lazy\" decoding=\"async\" src=\"https:\/\/cuisine-saine.fr\/wp-content\/uploads\/2022\/10\/02-blanchir.jpg\" alt=\"D\u00e9taillez les t\u00eates en bouquet.\" width=\"1000\" height=\"700\" class=\"alignnone size-full wp-image-116628\" srcset=\"https:\/\/cuisine-saine.fr\/wp-content\/uploads\/2022\/10\/02-blanchir.jpg 1000w, https:\/\/cuisine-saine.fr\/wp-content\/uploads\/2022\/10\/02-blanchir-980x686.jpg 980w, https:\/\/cuisine-saine.fr\/wp-content\/uploads\/2022\/10\/02-blanchir-480x336.jpg 480w\" sizes=\"(min-width: 0px) and (max-width: 480px) 480px, (min-width: 481px) and (max-width: 980px) 980px, (min-width: 981px) 1000px, 100vw\"\/><\/noscript>D\u00e9taillez les t\u00eates en bouquet. Dans une cocotte faites chauffer de l\u2019eau sal\u00e9e et plongez les bouquets de brocolis dans l\u2019eau bouillante sal\u00e9e pour les blanchir pendant 3 min.<\/li>\n<li itemprop=\"step\"><img loading=\"lazy\" decoding=\"async\" alt=\"\u00c9gouttez les brocolis sans une passoire.\" width=\"1000\" height=\"700\" itemprop=\"image\" src=\"https:\/\/cuisine-saine.fr\/wp-content\/uploads\/2022\/10\/03-egoutter-brocoli.jpg\"\/><noscript><img loading=\"lazy\" decoding=\"async\" src=\"https:\/\/cuisine-saine.fr\/wp-content\/uploads\/2022\/10\/03-egoutter-brocoli.jpg\" alt=\"\u00c9gouttez les brocolis sans une passoire.\" width=\"1000\" height=\"700\" itemprop=\"image\"\/><\/noscript>\u00c9gouttez les brocolis sans une passoire.<\/li>\n<li itemprop=\"step\"><img loading=\"lazy\" decoding=\"async\" alt=\"d\u00e9posez les bouquets sur un torchon propre pour bien les s\u00e9cher\" width=\"1000\" height=\"700\" class=\"alignnone size-full wp-image-116630\" srcset=\"https:\/\/cuisine-saine.fr\/wp-content\/uploads\/2022\/10\/04-secher-brocoli.jpg 1000w, https:\/\/cuisine-saine.fr\/wp-content\/uploads\/2022\/10\/04-secher-brocoli-980x686.jpg 980w, https:\/\/cuisine-saine.fr\/wp-content\/uploads\/2022\/10\/04-secher-brocoli-480x336.jpg 480w\" data-lazy-sizes=\"(min-width: 0px) and (max-width: 480px) 480px, (min-width: 481px) and (max-width: 980px) 980px, (min-width: 981px) 1000px, 100vw\" src=\"https:\/\/cuisine-saine.fr\/wp-content\/uploads\/2022\/10\/04-secher-brocoli.jpg\"\/><noscript><img loading=\"lazy\" decoding=\"async\" src=\"https:\/\/cuisine-saine.fr\/wp-content\/uploads\/2022\/10\/04-secher-brocoli.jpg\" alt=\"d\u00e9posez les bouquets sur un torchon propre pour bien les s\u00e9cher\" width=\"1000\" height=\"700\" class=\"alignnone size-full wp-image-116630\" srcset=\"https:\/\/cuisine-saine.fr\/wp-content\/uploads\/2022\/10\/04-secher-brocoli.jpg 1000w, https:\/\/cuisine-saine.fr\/wp-content\/uploads\/2022\/10\/04-secher-brocoli-980x686.jpg 980w, https:\/\/cuisine-saine.fr\/wp-content\/uploads\/2022\/10\/04-secher-brocoli-480x336.jpg 480w\" sizes=\"(min-width: 0px) and (max-width: 480px) 480px, (min-width: 481px) and (max-width: 980px) 980px, (min-width: 981px) 1000px, 100vw\"\/><\/noscript>Ensuite, d\u00e9posez les bouquets sur un torchon propre pour bien les s\u00e9cher. Cette \u00e9tape est importante pour \u00e9viter les cristaux de <a href=\"http:\/\/www.affinite.fr\/index.php\/2022\/10\/22\/la-creme-glacee-la-nouvelle-culture-commerciale\/\">glace<\/a> qui se formeraient au moment de la cong\u00e9lation et qui d\u00e9natureraient le produit.<\/li>\n<li itemprop=\"step\"><img loading=\"lazy\" decoding=\"async\" alt=\"mettre les brocolis en sachet\" width=\"1000\" height=\"700\" class=\"alignnone size-full wp-image-116631\" srcset=\"https:\/\/cuisine-saine.fr\/wp-content\/uploads\/2022\/10\/05-conservation-brocoli-congele.jpg 1000w, https:\/\/cuisine-saine.fr\/wp-content\/uploads\/2022\/10\/05-conservation-brocoli-congele-980x686.jpg 980w, https:\/\/cuisine-saine.fr\/wp-content\/uploads\/2022\/10\/05-conservation-brocoli-congele-480x336.jpg 480w\" data-lazy-sizes=\"(min-width: 0px) and (max-width: 480px) 480px, (min-width: 481px) and (max-width: 980px) 980px, (min-width: 981px) 1000px, 100vw\" src=\"https:\/\/cuisine-saine.fr\/wp-content\/uploads\/2022\/10\/05-conservation-brocoli-congele.jpg\"\/><noscript><img loading=\"lazy\" decoding=\"async\" src=\"https:\/\/cuisine-saine.fr\/wp-content\/uploads\/2022\/10\/05-conservation-brocoli-congele.jpg\" alt=\"mettre les brocolis en sachet\" width=\"1000\" height=\"700\" class=\"alignnone size-full wp-image-116631\" srcset=\"https:\/\/cuisine-saine.fr\/wp-content\/uploads\/2022\/10\/05-conservation-brocoli-congele.jpg 1000w, https:\/\/cuisine-saine.fr\/wp-content\/uploads\/2022\/10\/05-conservation-brocoli-congele-980x686.jpg 980w, https:\/\/cuisine-saine.fr\/wp-content\/uploads\/2022\/10\/05-conservation-brocoli-congele-480x336.jpg 480w\" sizes=\"(min-width: 0px) and (max-width: 480px) 480px, (min-width: 481px) and (max-width: 980px) 980px, (min-width: 981px) 1000px, 100vw\"\/><\/noscript>Ensuite vous pouvez les mettre en sachet, id\u00e9alement sous vide si vous avez un appareil, https:\/\/healthy-market.cuisine-saine.fr\/produits\/conservation\/sous-vide-conservation-2\/machine-sous-vide-alimentaire-takaje\/ cela permet une meilleure conservation, plus longue et sans cristaux de glace.\n<\/li>\n<li itemprop=\"step\">Vous pouvez maintenant disposer vos sachets \u00e0 plat dans votre cong\u00e9lateur. Les congeler bien \u00e0 plat permet aux bouquets de ne pas se coller ensemble. Une fois la cong\u00e9lation effectu\u00e9e, vous pourrez placer le sachet comme vous le souhaitez.<\/li>\n<\/ol>\n<p style=\"clear:both\"><a href=\"https:\/\/healthy-market.cuisine-saine.fr\/produits\/conservation\/sous-vide-conservation-2\/machine-sous-vide-alimentaire-takaje\/\" rel=\"noopener noreferrer\" target=\"_blank\"><img loading=\"lazy\" decoding=\"async\" alt=\"appareil de mise sous vide\" width=\"827\" height=\"376\" class=\"alignnone size-full wp-image-116635\" srcset=\"https:\/\/cuisine-saine.fr\/wp-content\/uploads\/2022\/10\/mise-sous-vide.jpg 827w, https:\/\/cuisine-saine.fr\/wp-content\/uploads\/2022\/10\/mise-sous-vide-480x218.jpg 480w\" data-lazy-sizes=\"(min-width: 0px) and (max-width: 480px) 480px, (min-width: 481px) 827px, 100vw\" src=\"https:\/\/cuisine-saine.fr\/wp-content\/uploads\/2022\/10\/mise-sous-vide.jpg\"\/><noscript><img loading=\"lazy\" decoding=\"async\" src=\"https:\/\/cuisine-saine.fr\/wp-content\/uploads\/2022\/10\/mise-sous-vide.jpg\" alt=\"appareil de mise sous vide\" width=\"827\" height=\"376\" class=\"alignnone size-full wp-image-116635\" srcset=\"https:\/\/cuisine-saine.fr\/wp-content\/uploads\/2022\/10\/mise-sous-vide.jpg 827w, https:\/\/cuisine-saine.fr\/wp-content\/uploads\/2022\/10\/mise-sous-vide-480x218.jpg 480w\" sizes=\"(min-width: 0px) and (max-width: 480px) 480px, (min-width: 481px) 827px, 100vw\"\/><\/noscript><\/a><\/p>\n<h3 class=\"conseil\">Le conseil de Karen<\/h3>\n<div class=\"conkar\">\n<p>Si vous pouvez, mettez vos sachets sous vide avant la cong\u00e9lation. Vous prolongerez la dur\u00e9e de conservation de vos brocolis en sachets.<\/p>\n<\/div>\n<div class=\"printfriendly pf-button pf-button-content pf-aligncenter\"><a href=\"#\" rel=\"nofollow\" onclick=\"window.print(); return false;\" title=\"Printer Friendly, PDF &amp; Email\"><img decoding=\"async\" class=\"pf-button-img\" alt=\"Print Friendly, PDF &amp; Email\" style=\"width: 124px;height: 30px;\" src=\"https:\/\/cdn.printfriendly.com\/buttons\/printfriendly-pdf-button-nobg-md.png\"\/><noscript><img decoding=\"async\" class=\"pf-button-img\" src=\"https:\/\/cdn.printfriendly.com\/buttons\/printfriendly-pdf-button-nobg-md.png\" alt=\"Print Friendly, PDF &amp; Email\" style=\"width: 124px;height: 30px;\"\/><\/noscript><\/a><\/div>\n<\/div>\n<p>[ad_2]<br \/>\n<br \/><a href=\"https:\/\/cuisine-saine.fr\/vie-saine\/comment-conserver-brocolis\/\">Source link <\/a><\/p>\n","protected":false},"excerpt":{"rendered":"<p>[ad_1] C\u2019est bien joli de cultiver son potager, il faut encore conserver ses r\u00e9coltes. Aujourd\u2019hui je vous parle de la &hellip; <a href=\"http:\/\/www.affinite.fr\/index.php\/2022\/10\/04\/comment-bien-conserver-les-brocolis\/\" class=\"more-link\">Plus <span class=\"screen-reader-text\">Comment bien conserver les brocolis\u00a0?<\/span> <span class=\"meta-nav\">&rarr;<\/span><\/a><\/p>\n","protected":false},"author":1,"featured_media":8378,"comment_status":"","ping_status":"open","sticky":false,"template":"","format":"standard","meta":{"_sitemap_exclude":false,"_sitemap_priority":"","_sitemap_frequency":"","footnotes":""},"categories":[1],"tags":[],"class_list":["post-8377","post","type-post","status-publish","format-standard","has-post-thumbnail","hentry","category-tous"],"_links":{"self":[{"href":"http:\/\/www.affinite.fr\/index.php\/wp-json\/wp\/v2\/posts\/8377"}],"collection":[{"href":"http:\/\/www.affinite.fr\/index.php\/wp-json\/wp\/v2\/posts"}],"about":[{"href":"http:\/\/www.affinite.fr\/index.php\/wp-json\/wp\/v2\/types\/post"}],"author":[{"embeddable":true,"href":"http:\/\/www.affinite.fr\/index.php\/wp-json\/wp\/v2\/users\/1"}],"replies":[{"embeddable":true,"href":"http:\/\/www.affinite.fr\/index.php\/wp-json\/wp\/v2\/comments?post=8377"}],"version-history":[{"count":0,"href":"http:\/\/www.affinite.fr\/index.php\/wp-json\/wp\/v2\/posts\/8377\/revisions"}],"wp:featuredmedia":[{"embeddable":true,"href":"http:\/\/www.affinite.fr\/index.php\/wp-json\/wp\/v2\/media\/8378"}],"wp:attachment":[{"href":"http:\/\/www.affinite.fr\/index.php\/wp-json\/wp\/v2\/media?parent=8377"}],"wp:term":[{"taxonomy":"category","embeddable":true,"href":"http:\/\/www.affinite.fr\/index.php\/wp-json\/wp\/v2\/categories?post=8377"},{"taxonomy":"post_tag","embeddable":true,"href":"http:\/\/www.affinite.fr\/index.php\/wp-json\/wp\/v2\/tags?post=8377"}],"curies":[{"name":"wp","href":"https:\/\/api.w.org\/{rel}","templated":true}]}}