{"id":8334,"date":"2022-09-25T02:05:34","date_gmt":"2022-09-25T02:05:34","guid":{"rendered":"https:\/\/www.affinite.fr\/index.php\/2022\/09\/25\/comment-faire-une-gelee-de-pomme-zero-dechet-a-base-depluchures\/"},"modified":"2022-09-25T02:05:34","modified_gmt":"2022-09-25T02:05:34","slug":"comment-faire-une-gelee-de-pomme-zero-dechet-a-base-depluchures","status":"publish","type":"post","link":"http:\/\/www.affinite.fr\/index.php\/2022\/09\/25\/comment-faire-une-gelee-de-pomme-zero-dechet-a-base-depluchures\/","title":{"rendered":"Comment faire une gel\u00e9e de pomme z\u00e9ro d\u00e9chet \u00e0 base d\u2019\u00e9pluchures ?"},"content":{"rendered":"<p> [ad_1]<br \/>\n<\/p>\n<div id=\"post-116603\">&#13;<br \/>\n\t\t\t\t\t\t\t\t\t\t\t <!-- .et_post_meta_wrapper -->&#13;<br \/>\n\t\t\t\t&#13;<\/p>\n<div class=\"entry-content\">\n\t\t\t\t\t<!-- Rate my Post Plugin - Results Widget --><!-- Rate my Post Plugin --><br \/>\n<span class=\"et_bloom_bottom_trigger\"\/>                    <\/p>\n<div id=\"instagram\" style=\"background:#ffe699; border:3px double #d32d97; padding:20px; overflow:hidden;\">\n<p style=\"float:left; margin:0 15px 0px 0px;\"><a href=\"https:\/\/www.instagram.com\/karenchevallier\/\" target=\"_blank\" rel=\"noopener\"><img loading=\"lazy\" decoding=\"async\" width=\"78\" height=\"120\" alt=\"Instagra Karen Chevallier\" src=\"https:\/\/cuisine-saine.fr\/wp-content\/uploads\/2021\/05\/instagram-cuisine-saine.png\"\/><noscript><img loading=\"lazy\" decoding=\"async\" width=\"78\" height=\"120\" src=\"https:\/\/cuisine-saine.fr\/wp-content\/uploads\/2021\/05\/instagram-cuisine-saine.png\" alt=\"Instagra Karen Chevallier\"\/><\/noscript><\/a><\/p>\n<h3 style=\"color:#505050;\">Vous avez test\u00e9 et apr\u00e9ci\u00e9 la recette\u00a0? Partagez-la sur instagram\u00a0!<\/h3>\n<p style=\"color:#505050;\">Pensez \u00e0 m&rsquo;indentifier avec : <strong style=\"color:#d32d97\"><a href=\"https:\/\/www.instagram.com\/karenchevallier\/\" target=\"_blank\" style=\"color:#d32d97\" rel=\"noopener\">@karenchevallier<\/a><\/strong> et <strong style=\"color:#d32d97\"><a href=\"https:\/\/www.instagram.com\/explore\/tags\/cuisinesaine\/\" target=\"_blank\" style=\"color:#d32d97\" rel=\"noopener\">#cuisinesaine<\/a><\/strong> que je puisse voir les photos des recettes healthy que vous avez essay\u00e9es.<\/p>\n<\/p><\/div>\n<p itemprop=\"keywords\" class=\"keywords\">Mots cl\u00e9s : <a href=\"https:\/\/cuisine-saine.fr\/tag\/pomme\/\" rel=\"tag\">pomme<\/a>,\u00a0<a href=\"https:\/\/cuisine-saine.fr\/tag\/pommes\/\" rel=\"tag\">pommes<\/a><\/p>\n<\/p><\/div>\n<p> <!-- .entry-content -->&#13;<br \/>\n                    &#13;<br \/>\n                     &#13;<br \/>\n                     &#13;<br \/>\n               &#13;<br \/>\n                     &#13;<br \/>\n\t\t\t\t\t <!-- .et_post_meta_wrapper -->&#13;\n\t\t\t\t<\/div>\n<p><script async defer src=\"https:\/\/platform.instagram.com\/en_US\/embeds.js\"><\/script><br \/>\n<br \/>[ad_2]<br \/>\n<br \/><a href=\"https:\/\/cuisine-saine.fr\/recettes-bocaux\/gelee-de-pomme-zero-dechet\/\">Source link <\/a><\/p>\n","protected":false},"excerpt":{"rendered":"<p>[ad_1] &#13; &#13; &#13; Vous avez test\u00e9 et apr\u00e9ci\u00e9 la recette\u00a0? Partagez-la sur instagram\u00a0! Pensez \u00e0 m&rsquo;indentifier avec : @karenchevallier &hellip; <a href=\"http:\/\/www.affinite.fr\/index.php\/2022\/09\/25\/comment-faire-une-gelee-de-pomme-zero-dechet-a-base-depluchures\/\" class=\"more-link\">Plus <span class=\"screen-reader-text\">Comment faire une gel\u00e9e de pomme z\u00e9ro d\u00e9chet \u00e0 base d\u2019\u00e9pluchures ?<\/span> <span class=\"meta-nav\">&rarr;<\/span><\/a><\/p>\n","protected":false},"author":1,"featured_media":8335,"comment_status":"","ping_status":"open","sticky":false,"template":"","format":"standard","meta":{"_sitemap_exclude":false,"_sitemap_priority":"","_sitemap_frequency":"","footnotes":""},"categories":[1],"tags":[],"class_list":["post-8334","post","type-post","status-publish","format-standard","has-post-thumbnail","hentry","category-tous"],"_links":{"self":[{"href":"http:\/\/www.affinite.fr\/index.php\/wp-json\/wp\/v2\/posts\/8334"}],"collection":[{"href":"http:\/\/www.affinite.fr\/index.php\/wp-json\/wp\/v2\/posts"}],"about":[{"href":"http:\/\/www.affinite.fr\/index.php\/wp-json\/wp\/v2\/types\/post"}],"author":[{"embeddable":true,"href":"http:\/\/www.affinite.fr\/index.php\/wp-json\/wp\/v2\/users\/1"}],"replies":[{"embeddable":true,"href":"http:\/\/www.affinite.fr\/index.php\/wp-json\/wp\/v2\/comments?post=8334"}],"version-history":[{"count":0,"href":"http:\/\/www.affinite.fr\/index.php\/wp-json\/wp\/v2\/posts\/8334\/revisions"}],"wp:featuredmedia":[{"embeddable":true,"href":"http:\/\/www.affinite.fr\/index.php\/wp-json\/wp\/v2\/media\/8335"}],"wp:attachment":[{"href":"http:\/\/www.affinite.fr\/index.php\/wp-json\/wp\/v2\/media?parent=8334"}],"wp:term":[{"taxonomy":"category","embeddable":true,"href":"http:\/\/www.affinite.fr\/index.php\/wp-json\/wp\/v2\/categories?post=8334"},{"taxonomy":"post_tag","embeddable":true,"href":"http:\/\/www.affinite.fr\/index.php\/wp-json\/wp\/v2\/tags?post=8334"}],"curies":[{"name":"wp","href":"https:\/\/api.w.org\/{rel}","templated":true}]}}