{"id":8328,"date":"2022-09-24T07:23:49","date_gmt":"2022-09-24T07:23:49","guid":{"rendered":"https:\/\/www.affinite.fr\/?p=8328"},"modified":"2022-09-24T07:23:52","modified_gmt":"2022-09-24T07:23:52","slug":"probleme-de-nez-bouche-ma-seule-solution-efficace-sans-chirurgie","status":"publish","type":"post","link":"http:\/\/www.affinite.fr\/index.php\/2022\/09\/24\/probleme-de-nez-bouche-ma-seule-solution-efficace-sans-chirurgie\/","title":{"rendered":"Probl\u00e8me de nez bouch\u00e9 : ma seule solution efficace sans chirurgie"},"content":{"rendered":"\n<p>J&rsquo;ai 57 ans, et pendant des ann\u00e9es, je me suis toujours senti oppress\u00e9 par ma mauvaise respiration. Un jour, je suis tomb\u00e9 sur une solution qui a chang\u00e9 ma vie : de petits tubes en silicone qui \u00e9largissent ma cloison nasale et facilitent le passage de l&rsquo;air. Avec ce produit, je ne sais pas comment le nommer, instantan\u00e9ment, il \u00e9largit le nez et beaucoup d&rsquo;air entre. Alors quand je me sens un peu coinc\u00e9e, je le mets et je l&rsquo;enl\u00e8ve fini les photo de moi avec un scoth sur le nez . Dans ce billet, je vais vous expliquer pourquoi ce produit est la seule solution efficace pour mon probl\u00e8me de nez bouch\u00e9 sans chirurgie<\/p>\n\n\n\n<p><br>Le probl\u00e8me du nez bouch\u00e9 est un probl\u00e8me qui me tourmente depuis de nombreuses ann\u00e9es. Tout a commenc\u00e9 lorsque j&rsquo;\u00e9tais enfant : j&rsquo;\u00e9tais toujours congestionn\u00e9 et ma respiration \u00e9tait laborieuse. Avec le temps, j&rsquo;en suis arriv\u00e9e au point o\u00f9 j&rsquo;utilisais constamment des bandes Breathe Right ou d&rsquo;autres produits pour \u00e9carter le nez (vous savez, ceux qui sont cens\u00e9s vous aider \u00e0 mieux respirer). M\u00eame dans ce cas, je n&rsquo;avais jamais vraiment l&rsquo;impression d&rsquo;avoir un apport suffisant en oxyg\u00e8ne. Et puis un jour, en naviguant sur Internet, je suis tomb\u00e9e sur ces petits tubes en silicone qui promettaient d&rsquo;\u00e9largir ma cloison nasale et de m&rsquo;aider \u00e0 respirer plus facilement<\/p>\n\n\n\n<p>J&rsquo;\u00e9tais sceptique au d\u00e9but, mais apr\u00e8s avoir lu quelques critiques et fait quelques recherches suppl\u00e9mentaires, j&rsquo;ai d\u00e9cid\u00e9 de les essayer. Et laissez-moi vous dire que j&rsquo;ai tout de suite chang\u00e9 la donne ! D\u00e8s que je les ai mis, j&rsquo;ai eu l&rsquo;impression qu&rsquo;il y avait beaucoup plus d&rsquo;air qui entrait par mon nez. Depuis, je les utilise de temps en temps selon mes besoins (g\u00e9n\u00e9ralement lorsque je me sens congestionn\u00e9 ou que j&rsquo;ai un rhume) et ils ont d\u00e9finitivement contribu\u00e9 \u00e0 am\u00e9liorer ma qualit\u00e9 de vie<\/p>\n\n\n\n<p>Conclusion<br>Si vous \u00eates aux prises avec un probl\u00e8me de nez bouch\u00e9, je vous recommande vivement d&rsquo;essayer ces petits tubes de silicone. Ils ont compl\u00e8tement chang\u00e9 ma vie et ont \u00e9t\u00e9 une solution efficace pour moi sans n\u00e9cessiter de chirurgie. Faites-moi confiance, vous ne serez pas d\u00e9\u00e7u !<\/p>\n\n\n\n<p><a href=\"https:\/\/www.bague-anti-ronflement.fr\/2022\/09\/24\/solution-pour-deboucher-votre-nez-en-moins-de-10-secondes\/\">Vous voulez en savoir  plus ?<\/a><\/p>\n","protected":false},"excerpt":{"rendered":"<p>J&rsquo;ai 57 ans, et pendant des ann\u00e9es, je me suis toujours senti oppress\u00e9 par ma mauvaise respiration. Un jour, je &hellip; <a href=\"http:\/\/www.affinite.fr\/index.php\/2022\/09\/24\/probleme-de-nez-bouche-ma-seule-solution-efficace-sans-chirurgie\/\" class=\"more-link\">Plus <span class=\"screen-reader-text\">Probl\u00e8me de nez bouch\u00e9 : ma seule solution efficace sans chirurgie<\/span> <span class=\"meta-nav\">&rarr;<\/span><\/a><\/p>\n","protected":false},"author":1,"featured_media":0,"comment_status":"closed","ping_status":"open","sticky":false,"template":"","format":"standard","meta":{"_sitemap_exclude":false,"_sitemap_priority":"","_sitemap_frequency":"","footnotes":""},"categories":[1],"tags":[],"class_list":["post-8328","post","type-post","status-publish","format-standard","hentry","category-tous"],"_links":{"self":[{"href":"http:\/\/www.affinite.fr\/index.php\/wp-json\/wp\/v2\/posts\/8328"}],"collection":[{"href":"http:\/\/www.affinite.fr\/index.php\/wp-json\/wp\/v2\/posts"}],"about":[{"href":"http:\/\/www.affinite.fr\/index.php\/wp-json\/wp\/v2\/types\/post"}],"author":[{"embeddable":true,"href":"http:\/\/www.affinite.fr\/index.php\/wp-json\/wp\/v2\/users\/1"}],"replies":[{"embeddable":true,"href":"http:\/\/www.affinite.fr\/index.php\/wp-json\/wp\/v2\/comments?post=8328"}],"version-history":[{"count":1,"href":"http:\/\/www.affinite.fr\/index.php\/wp-json\/wp\/v2\/posts\/8328\/revisions"}],"predecessor-version":[{"id":8329,"href":"http:\/\/www.affinite.fr\/index.php\/wp-json\/wp\/v2\/posts\/8328\/revisions\/8329"}],"wp:attachment":[{"href":"http:\/\/www.affinite.fr\/index.php\/wp-json\/wp\/v2\/media?parent=8328"}],"wp:term":[{"taxonomy":"category","embeddable":true,"href":"http:\/\/www.affinite.fr\/index.php\/wp-json\/wp\/v2\/categories?post=8328"},{"taxonomy":"post_tag","embeddable":true,"href":"http:\/\/www.affinite.fr\/index.php\/wp-json\/wp\/v2\/tags?post=8328"}],"curies":[{"name":"wp","href":"https:\/\/api.w.org\/{rel}","templated":true}]}}