{"id":8307,"date":"2022-09-19T21:53:21","date_gmt":"2022-09-19T21:53:21","guid":{"rendered":"https:\/\/www.affinite.fr\/index.php\/2022\/09\/19\/wolverine-apres-logan-quand-reverra-t-on-le-mutant-marvel-et-avec-qui-actus-cine\/"},"modified":"2022-09-19T21:53:21","modified_gmt":"2022-09-19T21:53:21","slug":"wolverine-apres-logan-quand-reverra-t-on-le-mutant-marvel-et-avec-qui-actus-cine","status":"publish","type":"post","link":"http:\/\/www.affinite.fr\/index.php\/2022\/09\/19\/wolverine-apres-logan-quand-reverra-t-on-le-mutant-marvel-et-avec-qui-actus-cine\/","title":{"rendered":"Wolverine : apr\u00e8s Logan, quand reverra-t-on le mutant Marvel ? Et avec qui ? &#8211; Actus Cin\u00e9"},"content":{"rendered":"<p> [ad_1]<br \/>\n<br \/><img decoding=\"async\" src=\"http:\/\/fr.web.img2.acsta.net\/newsv7\/22\/09\/19\/12\/40\/3740140.jpg\" \/><\/p>\n<p>Logan, diffus\u00e9 ce soir sur C8, marque la derni\u00e8re apparition de Wolverine sur grand \u00e9cran. Quand reverra-t-on le mutant griffu au cin\u00e9ma ?<\/p>\n<div id=\"article-content\">\n<figure class=\"player player-auto-play js-player\" data-model=\"{&quot;videos&quot;:[{&quot;id&quot;:19576418,&quot;idDailymotion&quot;:&quot;x8a0v19&quot;,&quot;sources&quot;:{&quot;high&quot;:&quot;https:\/\/fr.vid.web.acsta.net\/nmedia\/33\/18\/01\/19\/15\/19576418_hd_013.mp4&quot;,&quot;low&quot;:&quot;https:\/\/fr.vid.web.acsta.net\/nmedia\/33\/18\/01\/19\/15\/19576418_l_013.mp4&quot;,&quot;medium&quot;:&quot;https:\/\/fr.vid.web.acsta.net\/nmedia\/33\/18\/01\/19\/15\/19576418_m_013.mp4&quot;,&quot;standard&quot;:&quot;https:\/\/fr.vid.web.acsta.net\/nmedia\/33\/18\/01\/19\/15\/19576418_sd_013.mp4&quot;},&quot;image&quot;:&quot;\/videothumbnails\/18\/01\/18\/08\/36\/3481189.jpg&quot;,&quot;title&quot;:&quot;Faux Raccord Nu00b0214 - Spu00e9ciale Wolverine \/ Logan&quot;,&quot;trackingIdentifier&quot;:&quot;19576418-michel_amp_michel_sortent_les_griffes_et_les_ronds_jaunes_pour_decrypter_les_faux_raccords_des_trois_films_solo_du_plus_celebre_x_men&quot;,&quot;embedUrl&quot;:&quot;ACraHRACr0cHM6Ly9wbGF5ZXIuYWxsb2NpbmUuZnIvMTk1NzY0MTguaHRtbA==&quot;,&quot;file_type&quot;:&quot;TV_PROGRAM&quot;,&quot;description&quot;:&quot;Michel &amp;amp; Michel sortent les griffes et les ronds jaunes pour du00e9crypter les faux raccords des trois films-solo du plus cu00e9lu00e8bre X-Men...&quot;,&quot;duration&quot;:504,&quot;view_count&quot;:43442,&quot;added_at&quot;:{&quot;date&quot;:&quot;2018-01-20 05:00:00.000000&quot;,&quot;timezone_type&quot;:3,&quot;timezone&quot;:&quot;Europe\/Paris&quot;},&quot;metas&quot;:{&quot;id_main_show&quot;:null,&quot;name_main_show&quot;:null,&quot;image_main_show&quot;:null,&quot;id_main_movie&quot;:225116,&quot;name_main_movie&quot;:&quot;Logan&quot;,&quot;image_main_movie&quot;:&quot;\/pictures\/17\/01\/19\/16\/02\/513278.jpg&quot;,&quot;id_main_series&quot;:null,&quot;name_main_series&quot;:null,&quot;image_main_series&quot;:null,&quot;id_main_season&quot;:null,&quot;name_main_season&quot;:null,&quot;image_main_season&quot;:null,&quot;main_season_number&quot;:null,&quot;id_main_person&quot;:null,&quot;name_main_person&quot;:null,&quot;image_main_person&quot;:null,&quot;use_portal&quot;:null,&quot;release_date_main_movie&quot;:null,&quot;nb_days_release_main_movie&quot;:null,&quot;id_meta_category&quot;:null,&quot;name_meta_category&quot;:null,&quot;localized_file_type&quot;:null,&quot;trans_file_type&quot;:null,&quot;main_movie_type&quot;:null,&quot;main_season_rating&quot;:null,&quot;main_series_rating&quot;:null,&quot;main_season_user_note_count&quot;:null,&quot;genre_main_movie&quot;:null,&quot;genre_main_series&quot;:null,&quot;release_status_movie&quot;:null,&quot;release_status_series&quot;:null},&quot;is_emergence_inhibited&quot;:false,&quot;relatedEntityType&quot;:&quot;movie&quot;,&quot;relatedEntityId&quot;:225116,&quot;relatedEntityTitle&quot;:&quot;Logan&quot;,&quot;relatedEntityUrl&quot;:&quot;ACraHRACr0cHM6Ly93d3cuYWxsb2NpbmUuZnIvZmlsbS9maWNoZWZpbG1fZ2VuX2NmaWxtPTIyNTExNi5odG1s&quot;,&quot;mediaUrl&quot;:&quot;ACraHRACr0cHM6Ly93d3cuYWxsb2NpbmUuZnIvdmlkZW8vcGxheWVyX2dlbl9jbWVkaWE9MTk1NzY0MTgmY2ZpbG09MjI1MTE2Lmh0bWw=&quot;,&quot;relatedEntityTrackingIdentifier&quot;:&quot;225116-logan&quot;,&quot;genres&quot;:[&quot;ACTION&quot;,&quot;SCIENCE_FICTION&quot;],&quot;relatedEntityDistributor&quot;:null,&quot;relatedEntityDistributorId&quot;:null,&quot;entityStatus&quot;:null}],&quot;disablePreroll&quot;:false,&quot;disablePostroll&quot;:false,&quot;endScreen&quot;:true,&quot;context&quot;:&quot;newspage_news&quot;,&quot;launch&quot;:&quot;auto-play&quot;,&quot;followScroll&quot;:true,&quot;editorialContent&quot;:&quot;18713458-wolverine_apres_logan_quand_reverra_t_on_le_mutant_marvel_et_avec_qui&quot;,&quot;disableAutoPause&quot;:true,&quot;player_position&quot;:&quot;playertop&quot;}\" data-thumb=\"https:\/\/fr.web.img3.acsta.net\/r_640_360\/videothumbnails\/18\/01\/18\/08\/36\/3481189.jpg\">\n<\/figure>\n<p>En mars 2017,\u00a0<a title=\"Hugh Jackman (Australie) (Acteur,Producteur,Producteur d\u00e9l\u00e9gu\u00e9)\" href=\"http:\/\/www.allocine.fr\/personne\/fichepersonne_gen_cpersonne=33385.html\">Hugh Jackman<\/a> tirait sa r\u00e9v\u00e9rence en interpr\u00e9tant pour la derni\u00e8re fois Wolverine sur grand \u00e9cran dans <a title=\"Logan (U.S.A.) - 2017 (Action,Science fiction)\" href=\"http:\/\/www.allocine.fr\/film\/fichefilm_gen_cfilm=225116.html\">Logan<\/a>.<\/p>\n<p>Le film a \u00e9t\u00e9 un succ\u00e8s critique et commercial, r\u00e9coltant 619 millions de dollars de recettes mondiales. Apr\u00e8s ce baroud d&rsquo;honneur du mutant griffu, de nombreuses sp\u00e9culations ont agit\u00e9 Hollywood : qui allait se laisser pousser les rouflaquettes apr\u00e8s Hugh Jackman ?<\/p>\n<p><a title=\"Tom Hardy (Grande-Bretagne) (Acteur,Producteur,Producteur d\u00e9l\u00e9gu\u00e9)\" href=\"http:\/\/www.allocine.fr\/personne\/fichepersonne_gen_cpersonne=69924.html\">Tom Hardy<\/a>, <a title=\"Kit Harington (Grande-Bretagne) (Acteur,Producteur d\u00e9l\u00e9gu\u00e9)\" href=\"http:\/\/www.allocine.fr\/personne\/fichepersonne_gen_cpersonne=405374.html\">Kit Harington<\/a>, <a title=\"Pablo Schreiber (Canada) (Acteur)\" href=\"http:\/\/www.allocine.fr\/personne\/fichepersonne_gen_cpersonne=169981.html\">Pablo Schreiber<\/a>, et m\u00eame\u00a0<a title=\"Chris Evans (U.S.A.) (Acteur,Producteur,R\u00e9alisateur)\" href=\"http:\/\/www.allocine.fr\/personne\/fichepersonne_gen_cpersonne=81795.html\">Chris Evans<\/a> ont \u00e9t\u00e9 \u00e9voqu\u00e9s, nourrissant les rumeurs les plus folles au sujet du retour du super-h\u00e9ros.<\/p>\n<p>Cependant, la piste la plus probante du moment concerne <a title=\"Taron Egerton (Grande-Bretagne) (Acteur,Producteur ex\u00e9cutif,Producteur d\u00e9l\u00e9gu\u00e9)\" href=\"http:\/\/www.allocine.fr\/personne\/fichepersonne_gen_cpersonne=638478.html\">Taron Egerton<\/a>.\u00a0Connu pour avoir jou\u00e9 le r\u00f4le phare d\u2019Eggsy dans les deux premiers <a title=\"Kingsman : Services secrets (Grande-Bretagne,U.S.A.) - 2015 (Action,Espionnage)\" href=\"http:\/\/www.allocine.fr\/film\/fichefilm_gen_cfilm=198771.html\">Kingsman<\/a>, l&rsquo;acteur de 32 ans s\u2019est entretenu r\u00e9cemment avec le New York Times afin de promouvoir sa nouvelle s\u00e9rie Apple TV+, <a title=\"Black Bird (U.S.A.) (Thriller)\" href=\"http:\/\/www.allocine.fr\/series\/ficheserie_gen_cserie=28257.html\">Black Bird<\/a>.<\/p>\n<p>UN NOUVEAU WOLVERINE PLUS FIDELE AUX COMICS ?<\/p>\n<p>Au cours de l\u2019entretien publi\u00e9 en juillet dernier, le Britannique \u00e9voque une rencontre avec les dirigeants de Marvel Studios, dont leur pr\u00e9sident Kevin Feige. Le com\u00e9dien aimerait ainsi suivre les traces de Hugh Jackman en incarnant le prochain Wolverine, malgr\u00e9 une certaine appr\u00e9hension.<\/p>\n<p><i>\u00ab\u00a0Je serais excit\u00e9 mais j\u2019aurais aussi des craintes car Hugh est tellement associ\u00e9 au r\u00f4le que je me demande si \u00e7a ne serait pas trop difficile pour quelqu\u2019un d\u2019autre de le faire. Mais j\u2019esp\u00e8re que si cela se produit, le public me donnera une chance.\u00a0\u00bb<\/i><\/p>\n<p>Par ailleurs, ce n\u2019est pas la premi\u00e8re fois que le jeune homme parle publiquement du c\u00e9l\u00e8bre mutant. En 2019, il avait d\u00e9clar\u00e9 \u00e0 British GQ qu\u2019il \u00e9tait au courant des espoirs de certains fans de Marvel de le voir incarner le personnage en question.<\/p>\n<p><i>\u00ab\u00a0Que quelqu\u2019un pense que je serais bon pour le r\u00f4le est vraiment flatteur. J\u2019adore Marvel mais ce ne sont que des trucs de fans. Il n\u2019y a aucun fondement \u00e0 ces rumeurs<\/i>\u00ab\u00a0, avait-il expliqu\u00e9 \u00e0 l\u2019\u00e9poque.<\/p>\n<p>Apr\u00e8s l&rsquo;avoir vu tout en muscles dans la s\u00e9rie Black Bird, les aficionados du super-mutant ont pu constater que le com\u00e9dien avait la carrure pour incarner Wolverine. Par ailleurs, plus petit et trapu que Hugh Jackman (1m75 contre 1m88), il serait plus fid\u00e8le au personnage des comics.<\/p>\n<p>Marvel Studios compte d&rsquo;ailleurs int\u00e9grer le X-Men au MCU, comme le sugg\u00e8re le petit indice laiss\u00e9 derni\u00e8rement dans la s\u00e9rie <a title=\"She-Hulk : Avocate (U.S.A.) (Fantastique,Com\u00e9die,Judiciaire,Action)\" href=\"http:\/\/www.allocine.fr\/series\/ficheserie_gen_cserie=25545.html\">She-Hulk<\/a>.<\/p>\n<p>AVEZ-VOUS EU L&rsquo;OEIL DU TIGRE ?<\/p>\n<p>Au cours de l\u2019\u00e9pisode 2, on peut apercevoir un clin d\u2019oeil \u00e0 Wolverine. Si vous mettez pause \u00e0 la 6\u00e8me minute et que vous observez plus minutieusement le site de petits jobs que visite Jennifer, vous pourrez lire la phrase suivante :<\/p>\n<p><i>\u00ab\u00a0Man fights with metals claws in bar brawl\u00a0\u00bb, <\/i>que l&rsquo;on pourrait traduire par\u00a0<i>\u00ab\u00a0un homme aux griffes en m\u00e9tal se bat dans un bar\u00a0\u00bb<\/i>. Une description qui sied parfaitement \u00e0 notre X-Men au temp\u00e9rament nerveux.<\/p>\n<p>Par ailleurs, la s\u00e9rie\u00a0<a title=\"Miss Marvel (U.S.A.) (Science fiction,Action,Drame)\" href=\"http:\/\/www.allocine.fr\/series\/ficheserie_gen_cserie=25544.html\">Miss Marvel<\/a> a aussi \u00e9voqu\u00e9 les mutations, annon\u00e7ant ainsi l&rsquo;arriv\u00e9e prochaine des X-Men. De son c\u00f4t\u00e9,\u00a0<a title=\"Doctor Strange in the Multiverse of Madness (U.S.A.) - 2022 (Fantastique,Action,Aventure)\" href=\"http:\/\/www.allocine.fr\/film\/fichefilm_gen_cfilm=251390.html\">Doctor Strange 2<\/a> avait carr\u00e9ment invit\u00e9 le professeur Charles Xavier dans une s\u00e9quence m\u00e9morable du film.<\/p>\n<p>Toutefois, il va donc falloir encore beaucoup de patience avant de revoir le mutant griffu au cin\u00e9ma. Taron Egerton vous semble \u00eatre un bon choix ? On vous laisse en d\u00e9battre !<\/p>\n<p>\u00a0<\/p>\n<\/div>\n<p>[ad_2]<br \/>\n<br \/><a href=\"http:\/\/www.allocine.fr\/article\/fichearticle_gen_carticle=18713458.html\">Source link <\/a><\/p>\n","protected":false},"excerpt":{"rendered":"<p>[ad_1] Logan, diffus\u00e9 ce soir sur C8, marque la derni\u00e8re apparition de Wolverine sur grand \u00e9cran. Quand reverra-t-on le mutant &hellip; <a href=\"http:\/\/www.affinite.fr\/index.php\/2022\/09\/19\/wolverine-apres-logan-quand-reverra-t-on-le-mutant-marvel-et-avec-qui-actus-cine\/\" class=\"more-link\">Plus <span class=\"screen-reader-text\">Wolverine : apr\u00e8s Logan, quand reverra-t-on le mutant Marvel ? Et avec qui ? &#8211; Actus Cin\u00e9<\/span> <span class=\"meta-nav\">&rarr;<\/span><\/a><\/p>\n","protected":false},"author":1,"featured_media":8308,"comment_status":"","ping_status":"open","sticky":false,"template":"","format":"standard","meta":{"_sitemap_exclude":false,"_sitemap_priority":"","_sitemap_frequency":"","footnotes":""},"categories":[1],"tags":[],"class_list":["post-8307","post","type-post","status-publish","format-standard","has-post-thumbnail","hentry","category-tous"],"_links":{"self":[{"href":"http:\/\/www.affinite.fr\/index.php\/wp-json\/wp\/v2\/posts\/8307"}],"collection":[{"href":"http:\/\/www.affinite.fr\/index.php\/wp-json\/wp\/v2\/posts"}],"about":[{"href":"http:\/\/www.affinite.fr\/index.php\/wp-json\/wp\/v2\/types\/post"}],"author":[{"embeddable":true,"href":"http:\/\/www.affinite.fr\/index.php\/wp-json\/wp\/v2\/users\/1"}],"replies":[{"embeddable":true,"href":"http:\/\/www.affinite.fr\/index.php\/wp-json\/wp\/v2\/comments?post=8307"}],"version-history":[{"count":0,"href":"http:\/\/www.affinite.fr\/index.php\/wp-json\/wp\/v2\/posts\/8307\/revisions"}],"wp:featuredmedia":[{"embeddable":true,"href":"http:\/\/www.affinite.fr\/index.php\/wp-json\/wp\/v2\/media\/8308"}],"wp:attachment":[{"href":"http:\/\/www.affinite.fr\/index.php\/wp-json\/wp\/v2\/media?parent=8307"}],"wp:term":[{"taxonomy":"category","embeddable":true,"href":"http:\/\/www.affinite.fr\/index.php\/wp-json\/wp\/v2\/categories?post=8307"},{"taxonomy":"post_tag","embeddable":true,"href":"http:\/\/www.affinite.fr\/index.php\/wp-json\/wp\/v2\/tags?post=8307"}],"curies":[{"name":"wp","href":"https:\/\/api.w.org\/{rel}","templated":true}]}}