{"id":8289,"date":"2022-09-14T21:51:14","date_gmt":"2022-09-14T21:51:14","guid":{"rendered":"https:\/\/www.affinite.fr\/index.php\/2022\/09\/14\/marianne-sur-france-2-le-pire-souvenir-de-marilou-berry-sur-le-tournage-news-series-a-la-tv\/"},"modified":"2022-09-14T21:51:14","modified_gmt":"2022-09-14T21:51:14","slug":"marianne-sur-france-2-le-pire-souvenir-de-marilou-berry-sur-le-tournage-news-series-a-la-tv","status":"publish","type":"post","link":"http:\/\/www.affinite.fr\/index.php\/2022\/09\/14\/marianne-sur-france-2-le-pire-souvenir-de-marilou-berry-sur-le-tournage-news-series-a-la-tv\/","title":{"rendered":"Marianne sur France 2 : le pire souvenir de Marilou Berry sur le tournage &#8211; News S\u00e9ries \u00e0 la TV"},"content":{"rendered":"<p> [ad_1]<br \/>\n<br \/><img decoding=\"async\" src=\"http:\/\/fr.web.img4.acsta.net\/newsv7\/22\/09\/14\/13\/22\/0822256.jpg\" \/><\/p>\n<p>La diffusion de \u201cMarianne\u201d continue ce soir sur France 2 avec deux nouveaux \u00e9pisodes in\u00e9dits. \u00c0 cette occasion, d\u00e9couvrez l\u2019\u00e9tonnant et pire moment v\u00e9cu par Marilou Berry sur le tournage de la s\u00e9rie polici\u00e8re.<\/p>\n<div id=\"article-content\">\n<figure class=\"player player-auto-play js-player\" data-model=\"{&quot;videos&quot;:[{&quot;id&quot;:19597989,&quot;idDailymotion&quot;:&quot;x8dicnt&quot;,&quot;sources&quot;:{&quot;high&quot;:&quot;https:\/\/fr.vid.web.acsta.net\/nmedia\/33\/22\/09\/06\/16\/19597989_hd_013.mp4&quot;,&quot;low&quot;:&quot;https:\/\/fr.vid.web.acsta.net\/nmedia\/33\/22\/09\/06\/16\/19597989_l_013.mp4&quot;,&quot;medium&quot;:&quot;https:\/\/fr.vid.web.acsta.net\/nmedia\/33\/22\/09\/06\/16\/19597989_m_013.mp4&quot;,&quot;standard&quot;:&quot;https:\/\/fr.vid.web.acsta.net\/nmedia\/33\/22\/09\/06\/16\/19597989_sd_013.mp4&quot;},&quot;image&quot;:&quot;\/videothumbnails\/22\/09\/06\/16\/12\/5697301.jpg&quot;,&quot;title&quot;:&quot;Marianne (2022) - saison 1 Bande-annonce VF&quot;,&quot;trackingIdentifier&quot;:&quot;19597989-marianne_2022_saison_1_bande_annonce_vf&quot;,&quot;embedUrl&quot;:&quot;ACraHRACr0cHM6Ly9wbGF5ZXIuYWxsb2NpbmUuZnIvMTk1OTc5ODkuaHRtbA==&quot;,&quot;file_type&quot;:&quot;TRAILER&quot;,&quot;description&quot;:&quot;Marianne (2022) - saison 1 Bande-annonce VF&quot;,&quot;duration&quot;:40,&quot;view_count&quot;:6143,&quot;added_at&quot;:{&quot;date&quot;:&quot;2022-09-06 16:11:00.000000&quot;,&quot;timezone_type&quot;:3,&quot;timezone&quot;:&quot;Europe\/Paris&quot;},&quot;metas&quot;:{&quot;id_main_show&quot;:null,&quot;name_main_show&quot;:null,&quot;image_main_show&quot;:null,&quot;id_main_movie&quot;:null,&quot;name_main_movie&quot;:null,&quot;image_main_movie&quot;:null,&quot;id_main_series&quot;:27197,&quot;name_main_series&quot;:&quot;Marianne (2022)&quot;,&quot;image_main_series&quot;:null,&quot;id_main_season&quot;:39489,&quot;name_main_season&quot;:null,&quot;image_main_season&quot;:null,&quot;main_season_number&quot;:1,&quot;id_main_person&quot;:null,&quot;name_main_person&quot;:null,&quot;image_main_person&quot;:null,&quot;use_portal&quot;:null,&quot;release_date_main_movie&quot;:null,&quot;nb_days_release_main_movie&quot;:null,&quot;id_meta_category&quot;:null,&quot;name_meta_category&quot;:null,&quot;localized_file_type&quot;:null,&quot;trans_file_type&quot;:null,&quot;main_movie_type&quot;:null,&quot;main_season_rating&quot;:null,&quot;main_series_rating&quot;:null,&quot;main_season_user_note_count&quot;:null,&quot;genre_main_movie&quot;:null,&quot;genre_main_series&quot;:null,&quot;release_status_movie&quot;:null,&quot;release_status_series&quot;:null},&quot;is_emergence_inhibited&quot;:false,&quot;relatedEntityType&quot;:&quot;series&quot;,&quot;relatedEntityId&quot;:27197,&quot;relatedEntityTitle&quot;:&quot;Marianne (2022)&quot;,&quot;entityStatus&quot;:&quot;in_progress&quot;,&quot;relatedEntityTrackingIdentifier&quot;:&quot;27197-marianne_2022&quot;}],&quot;disablePreroll&quot;:false,&quot;disablePostroll&quot;:false,&quot;endScreen&quot;:true,&quot;context&quot;:&quot;newspage_news&quot;,&quot;launch&quot;:&quot;auto-play&quot;,&quot;followScroll&quot;:true,&quot;editorialContent&quot;:&quot;18713871-marianne_sur_france_2_le_pire_souvenir_de_marilou_berry_sur_le_tournage&quot;,&quot;disableAutoPause&quot;:true,&quot;player_position&quot;:&quot;playertop&quot;}\" data-thumb=\"https:\/\/fr.web.img5.acsta.net\/r_640_360\/videothumbnails\/22\/09\/06\/16\/12\/5697301.jpg\">\n<\/figure>\n<p>Les t\u00e9l\u00e9spectateurs d\u00e9couvrent ce soir sur France 2, deux nouveaux \u00e9pisodes in\u00e9dits de la s\u00e9rie polici\u00e8re <a title=\"Marianne (2022) (France) (Drame,Judiciaire)\" href=\"http:\/\/www.allocine.fr\/series\/ficheserie_gen_cserie=27197.html\">Marianne<\/a>. Ils retrouvent \u00e0 cette occasion\u00a0<a title=\"Marilou Berry (France) (Acteur,R\u00e9alisateur,Dialoguiste)\" href=\"http:\/\/www.allocine.fr\/personne\/fichepersonne_gen_cpersonne=95475.html\">Marilou Berry<\/a> qui <a href=\"\/\/www.allocine.fr\/article\/fichearticle_gen_carticle=18713567.html\" target=\"_blank\" rel=\"noopener\">pr\u00eate ses traits \u00e0 l\u2019atypique juge d\u2019instruction<\/a> Marianne Vauban pour de nouvelles affaires surprenantes.<\/p>\n<p>Librement adapt\u00e9e du documentaire <a title=\"Ni Juge, Ni Soumise (France,Belgique) - 2017 (Documentaire)\" href=\"http:\/\/www.allocine.fr\/film\/fichefilm_gen_cfilm=244755.html\">Ni juge, ni soumise<\/a>, la mini-s\u00e9rie cr\u00e9\u00e9e par\u00a0<a title=\"Franck Magnier (France) (Sc\u00e9nariste,R\u00e9alisateur,Adaptateur)\" href=\"http:\/\/www.allocine.fr\/personne\/fichepersonne_gen_cpersonne=90608.html\">Franck Magnier<\/a> et\u00a0<a title=\"Alexandre Charlot (France) (Sc\u00e9nariste,R\u00e9alisateur,Adaptateur)\" href=\"http:\/\/www.allocine.fr\/personne\/fichepersonne_gen_cpersonne=90607.html\">Alexandre Charlot<\/a> met au-devant de la sc\u00e8ne une femme au franc-parler r\u00e9jouissant et aux m\u00e9thodes quelque peu diff\u00e9rentes. Tout au long des \u00e9pisodes, la juge d\u2019instruction doit s\u2019immerger dans des univers totalement \u00e9tonnants comme celui de la danse country ou encore du cabaret.<\/p>\n<p>Le pire souvenir<\/p>\n<p>Au cours du long tournage de la s\u00e9rie \u00e0 Toulon, Marilou Berry a eu une m\u00e9saventure plut\u00f4t singuli\u00e8re. Dans les premiers \u00e9pisodes, une habitude de Marianne, qui ne vous a peut-\u00eatre pas \u00e9chapp\u00e9, consiste \u00e0 manger tr\u00e8s souvent des \u00e9clairs au <a href=\"http:\/\/www.affinite.fr\/index.php\/2025\/02\/27\/le-chocolat-et-le-materiel-indispensable-pour-reussir-vos-creations-gourmandes\/\">chocolat<\/a> tout en s\u2019exclamant : \u201c<i>Un \u00e9clair au chocolat, un \u00e9clair de g\u00e9nie.<\/i>\u201d<\/p>\n<p>L&rsquo;actrice nous a confi\u00e9 avoir r\u00e9ellement d\u00fb ingurgiter de nombreuses p\u00e2tisseries au fil des jours, ce qui l&rsquo;a quelque peu d\u00e9go\u00fbt\u00e9e du dessert : \u201c<i>D\u00e9j\u00e0 que je n\u2019aimais pas vraiment cette p\u00e2tisserie, mais maintenant, je peux vous dire que je ne suis pas pr\u00eate \u00e0 en manger pendant un long moment !<\/i>\u201d a-t-elle confi\u00e9.<\/p>\n<p>Et ce n\u2019est pas tout, puisque Marilou Berry a eu une importante crise de foie qui aurait pu compromettre le tournage : \u201c<i>D\u2019ailleurs, j\u2019ai eu une crise de foie apr\u00e8s avoir mang\u00e9 une douzaine d&rsquo;\u00e9clairs au chocolat le m\u00eame jour sur le tournage. J\u2019ai sinc\u00e8rement cru que je n\u2019allais pas m\u2019en remettre tellement je me sentais mal. Les r\u00e9alisateurs s\u2019en sont beaucoup voulu apr\u00e8s cet \u00e9v\u00e9nement.<\/i>\u201d<\/p>\n<p>Cet incident les a d\u2019ailleurs pouss\u00e9s \u00e0 changer de m\u00e9thode pour \u00e9viter un nouveau probl\u00e8me m\u00e9dical \u00e0 l\u2019actrice phare de la s\u00e9rie : \u201c<i>Apr\u00e8s, on a d\u00e9cid\u00e9 de tourner les sc\u00e8nes autrement pour que je n&rsquo;aie pas \u00e0 manger autant. Je peux dire que cela fait partie de mes pires souvenirs du tournage.<\/i>\u201d a-t-elle rajout\u00e9.<\/p>\n<p>Et le meilleur&#8230;<\/p>\n<p>Heureusement, en dehors de cette mauvaise passe, Marilou Berry garde de tr\u00e8s bons souvenirs sur le tournage de la s\u00e9rie avec les acteurs\u00a0<a title=\"Alexandre Steiger (France) (Acteur,R\u00e9alisateur)\" href=\"http:\/\/www.allocine.fr\/personne\/fichepersonne_gen_cpersonne=16047.html\">Alexandre Steiger<\/a> (Rapha\u00ebl Pastor dans la s\u00e9rie) et\u00a0<a title=\"St\u00e9phane P\u00e9z\u00e9rat (France) (Acteur)\" href=\"http:\/\/www.allocine.fr\/personne\/fichepersonne_gen_cpersonne=799612.html\">St\u00e9phane P\u00e9zerat<\/a> (qui incarne Yves, le greffier).<\/p>\n<p>Elle a \u00e9galement pris beaucoup de plaisir \u00e0 jouer dans le bureau de Marianne dont les sc\u00e8nes font partie de ses pr\u00e9f\u00e9r\u00e9es : \u201c<i>J\u2019ai pris \u00e9norm\u00e9ment de plaisir \u00e0 incarner le c\u00f4t\u00e9 administratif, le savoir de Marianne qui est montr\u00e9 le plus souvent dans ce d\u00e9cor [NDLR, le bureau]. Les accus\u00e9s qui viennent parfois pour juste dire une phrase sont aussi g\u00e9niaux.<\/i>\u201d a-t-elle expliqu\u00e9. \u201c<i>Puis, j&rsquo;ai eu cette impression que chaque sc\u00e8ne tourn\u00e9e dans ce d\u00e9cor \u00e9tait comme un court-m\u00e9trage.<\/i>\u201d<\/p>\n<p>Si Marilou Berry garde en t\u00eate l\u2019incident du tournage de Marianne, cela ne l&#8217;emp\u00eache pas de vouloir incarner \u00e0 nouveau la juge d\u2019instruction pour une nouvelle saison, qui n\u00e9cessitera peut-\u00eatre de manger \u00e0 nouveau une importante quantit\u00e9 d\u2019\u00e9clairs au chocolat&#8230;<\/p>\n<p>L\u2019int\u00e9gralit\u00e9 de Marianne est d\u2019ores et d\u00e9j\u00e0 disponible sur Salto.<\/p>\n<\/div>\n<p>[ad_2]<br \/>\n<br \/><a href=\"http:\/\/www.allocine.fr\/article\/fichearticle_gen_carticle=18713871.html\">Source link <\/a><\/p>\n","protected":false},"excerpt":{"rendered":"<p>[ad_1] La diffusion de \u201cMarianne\u201d continue ce soir sur France 2 avec deux nouveaux \u00e9pisodes in\u00e9dits. \u00c0 cette occasion, d\u00e9couvrez &hellip; <a href=\"http:\/\/www.affinite.fr\/index.php\/2022\/09\/14\/marianne-sur-france-2-le-pire-souvenir-de-marilou-berry-sur-le-tournage-news-series-a-la-tv\/\" class=\"more-link\">Plus <span class=\"screen-reader-text\">Marianne sur France 2 : le pire souvenir de Marilou Berry sur le tournage &#8211; News S\u00e9ries \u00e0 la TV<\/span> <span class=\"meta-nav\">&rarr;<\/span><\/a><\/p>\n","protected":false},"author":1,"featured_media":8290,"comment_status":"","ping_status":"open","sticky":false,"template":"","format":"standard","meta":{"_sitemap_exclude":false,"_sitemap_priority":"","_sitemap_frequency":"","footnotes":""},"categories":[1],"tags":[],"class_list":["post-8289","post","type-post","status-publish","format-standard","has-post-thumbnail","hentry","category-tous"],"_links":{"self":[{"href":"http:\/\/www.affinite.fr\/index.php\/wp-json\/wp\/v2\/posts\/8289"}],"collection":[{"href":"http:\/\/www.affinite.fr\/index.php\/wp-json\/wp\/v2\/posts"}],"about":[{"href":"http:\/\/www.affinite.fr\/index.php\/wp-json\/wp\/v2\/types\/post"}],"author":[{"embeddable":true,"href":"http:\/\/www.affinite.fr\/index.php\/wp-json\/wp\/v2\/users\/1"}],"replies":[{"embeddable":true,"href":"http:\/\/www.affinite.fr\/index.php\/wp-json\/wp\/v2\/comments?post=8289"}],"version-history":[{"count":0,"href":"http:\/\/www.affinite.fr\/index.php\/wp-json\/wp\/v2\/posts\/8289\/revisions"}],"wp:featuredmedia":[{"embeddable":true,"href":"http:\/\/www.affinite.fr\/index.php\/wp-json\/wp\/v2\/media\/8290"}],"wp:attachment":[{"href":"http:\/\/www.affinite.fr\/index.php\/wp-json\/wp\/v2\/media?parent=8289"}],"wp:term":[{"taxonomy":"category","embeddable":true,"href":"http:\/\/www.affinite.fr\/index.php\/wp-json\/wp\/v2\/categories?post=8289"},{"taxonomy":"post_tag","embeddable":true,"href":"http:\/\/www.affinite.fr\/index.php\/wp-json\/wp\/v2\/tags?post=8289"}],"curies":[{"name":"wp","href":"https:\/\/api.w.org\/{rel}","templated":true}]}}