{"id":8254,"date":"2022-09-06T03:01:32","date_gmt":"2022-09-06T03:01:32","guid":{"rendered":"https:\/\/www.affinite.fr\/index.php\/2022\/09\/06\/il-etait-une-fois-la-patisserie-174\/"},"modified":"2022-09-06T03:01:32","modified_gmt":"2022-09-06T03:01:32","slug":"il-etait-une-fois-la-patisserie-174","status":"publish","type":"post","link":"http:\/\/www.affinite.fr\/index.php\/2022\/09\/06\/il-etait-une-fois-la-patisserie-174\/","title":{"rendered":"Il \u00e9tait une fois la p\u00e2tisserie"},"content":{"rendered":"<p> [ad_1]<br \/>\n<\/p>\n<div id=\"post-body-3629109736579821304\" itemprop=\"articleBody\">\n<p>Voici 6 id\u00e9es p\u00e2tisserie pour la <span style=\"font-size: large;\"><b>semaine du 5 au 12 septembre<\/b><\/span>. Des desserts de saison pour toutes les occasions !<\/p>\n<p>Les enfants sont maintenant rentr\u00e9s et il va falloir prendre des forces pour affronter les journ\u00e9es \u263a\ufe0f<\/p>\n<div class=\"separator\" style=\"clear: both; text-align: center;\">\n<div class=\"separator\" style=\"clear: both; text-align: center;\">\n<div class=\"separator\" style=\"clear: both; text-align: center;\">\n<div class=\"separator\" style=\"clear: both; text-align: center;\"><a href=\"https:\/\/blogger.googleusercontent.com\/img\/b\/R29vZ2xl\/AVvXsEhtUrr2XXD4_6kujW-AEyilgomncHw2auekvX_4r825KAKXUY0ou-Bhh-3TMzRXETsGZQqPc3gQOJ1QEOJmfdnbhzQpSPY16shoDqhalC4F0AAxkyH5C6Zq6iCdETISmzn4F_q16iVJhYPnQuW6BLgT2zLxfAgSqK5DdlfMg6zrTUTExsV-puphqjsL\/s1200\/Patisseries%20de%20la%20semaine%205%20septembre%20(1200%20%C3%97%20900%20px).jpg\" imageanchor=\"1\" style=\"margin-left: 1em; margin-right: 1em;\"><img decoding=\"async\" alt=\"idees-patisserie-semaine-5-septembre\" border=\"0\" data-original-height=\"900\" data-original-width=\"1200\" src=\"https:\/\/blogger.googleusercontent.com\/img\/b\/R29vZ2xl\/AVvXsEhtUrr2XXD4_6kujW-AEyilgomncHw2auekvX_4r825KAKXUY0ou-Bhh-3TMzRXETsGZQqPc3gQOJ1QEOJmfdnbhzQpSPY16shoDqhalC4F0AAxkyH5C6Zq6iCdETISmzn4F_q16iVJhYPnQuW6BLgT2zLxfAgSqK5DdlfMg6zrTUTExsV-puphqjsL\/s16000\/Patisseries%20de%20la%20semaine%205%20septembre%20(1200%20%C3%97%20900%20px).jpg\" title=\"id\u00e9es patisserie semaine du 5 au 12 septembre\"\/><\/a><\/div>\n<p><\/div>\n<\/div>\n<\/div>\n<p><span><a name=\"more\"\/><\/span><\/p>\n<h3 style=\"text-align: left;\">Id\u00e9e du petit-d\u00e9jeuner<\/h3>\n<p><i class=\"fa-solid fa-circle-arrow-right\"\/>\u00a0<a href=\"https:\/\/www.iletaitunefoislapatisserie.com\/2014\/02\/les-croissants-maison.html\" target=\"_blank\" rel=\"noopener\">Croissants maison<\/a><\/p>\n<p>On retrousse ses manches et on pr\u00e9pare des croissants maison ! N&rsquo;h\u00e9sitez pas \u00e0 mettre une partie de la p\u00e2te au congel pour pouvoir en manger toute la semaine.<\/p>\n<div style=\"text-align: center;\">\n<div class=\"separator\" style=\"clear: both; text-align: center;\">\n<div class=\"separator\" style=\"clear: both; text-align: center;\">\n<div class=\"separator\" style=\"clear: both; text-align: center;\"><a href=\"https:\/\/www.iletaitunefoislapatisserie.com\/2014\/02\/les-croissants-maison.html\" style=\"margin-left: 1em; margin-right: 1em;\"><img decoding=\"async\" alt=\"croissants-maison\" border=\"0\" data-original-height=\"509\" data-original-width=\"650\" src=\"https:\/\/blogger.googleusercontent.com\/img\/b\/R29vZ2xl\/AVvXsEjOR1ZZ4otq_UAp5U6fBMxtuuhUO1MDNgc9HcmbCuw7RajuC0wDnZFqgxPOY-_8k1YwsRhsWKyYoIgkgLdkTe2AylfVd-dje3-ZWCHjYhATDd6Jr118ropbgFn2TyIApu0FEuADg3WBhT1j6g3woKq7iMxUgqm1oLdVxSpGYjRcpYHCXGPPQGjPN8Cl\/s16000-rw\/croissants-maison.jpg\" title=\"recette de croissants\"\/><\/a><\/div>\n<p><\/div>\n<\/div>\n<\/div>\n<p style=\"text-align: center;\"><span class=\"acheter\"><a href=\"https:\/\/www.iletaitunefoislapatisserie.com\/2014\/02\/les-croissants-maison.html\" target=\"_blank\" rel=\"noopener\">Voir la recette <i class=\"fa-light fa-cake-slice\"\/><\/a><\/span><\/p>\n<p style=\"text-align: left;\">\u00a0<\/p>\n<h3 style=\"text-align: left;\">Id\u00e9e \u00e0 grignoter <br \/><\/h3>\n<p><i class=\"fa-solid fa-circle-arrow-right\"\/> <a href=\"https:\/\/www.iletaitunefoislapatisserie.com\/2021\/02\/recette-des-biscuits-barquettes.html\" target=\"_blank\" rel=\"noopener\">Biscuits barquettes<\/a><\/p>\n<p>Le grignotage va \u00eatre intensif cette semaine avec des biscuits barquettes maison !<\/p>\n<p>\u00a0<\/p>\n<div style=\"text-align: center;\">\n<div class=\"separator\" style=\"clear: both; text-align: center;\">\n<div class=\"separator\" style=\"clear: both; text-align: center;\">\n<div class=\"separator\" style=\"clear: both; text-align: center;\"><a href=\"https:\/\/www.iletaitunefoislapatisserie.com\/2021\/02\/recette-des-biscuits-barquettes.html\" style=\"margin-left: 1em; margin-right: 1em;\"><img decoding=\"async\" alt=\"recette-biscuits-barquettes\" border=\"0\" data-original-height=\"564\" data-original-width=\"650\" src=\"https:\/\/blogger.googleusercontent.com\/img\/b\/R29vZ2xl\/AVvXsEgodNHyzgOKI2GCXry6XDRpgPfiKj3vq718K0Az-RHbXaVFwlh64aR4aW0zjQnjDhTZtgJExagBDrpxVtpoIyQVqz47RlNrBBuzotscUL_QIsedGbF8NLuOJzuQ21f8b3Qa9QE4ip9af4SQ4tD2vR2t2wfWDUuA8jg-rSngjzjfu0ALERc3hLCTlu5a\/s16000-rw\/recette-barquettes-au-nutella-3.jpg\" title=\"biscuits barquette maison\"\/><\/a><\/div>\n<p><\/div>\n<\/div>\n<\/div>\n<p style=\"text-align: center;\"><span class=\"acheter\"><a href=\"https:\/\/www.iletaitunefoislapatisserie.com\/2021\/02\/recette-des-biscuits-barquettes.html\" target=\"_blank\" rel=\"noopener\">Voir la recette <i class=\"fa-light fa-cake-slice\"\/><\/a><\/span><\/p>\n<p>\u00a0<\/p>\n<h3 style=\"text-align: left;\">Id\u00e9e du go\u00fbter<\/h3>\n<p><i class=\"fa-solid fa-circle-arrow-right\"\/> <a href=\"https:\/\/www.iletaitunefoislapatisserie.com\/2022\/01\/recette-barres-cereales-amande-goji.html\">Barres de c\u00e9r\u00e9ales amande et goji<\/a><\/p>\n<p>Une recette saine qui coupera la faim jusqu&rsquo;au soir.<\/p>\n<div style=\"text-align: center;\">\n<div class=\"separator\" style=\"clear: both; text-align: center;\">\n<div class=\"separator\" style=\"clear: both; text-align: center;\">\n<div class=\"separator\" style=\"clear: both; text-align: center;\"><a href=\"https:\/\/www.iletaitunefoislapatisserie.com\/2022\/01\/recette-barres-cereales-amande-goji.html\" style=\"margin-left: 1em; margin-right: 1em;\"><img decoding=\"async\" alt=\"id\u00e9e-recette-gouter-barres-cereales\" border=\"0\" data-original-height=\"1173\" data-original-width=\"650\" src=\"https:\/\/blogger.googleusercontent.com\/img\/b\/R29vZ2xl\/AVvXsEjqkHlPEKzGeh0S0IC5PoQXzU0YuQW5Th3-ftI4JMc42m_trFPnYoXm6mTBfvuNQvVjLhuulwIgjc2N2RDf1kItdtdujQ81mwSaF1Br1SBs0yAxLvLpGkslbzF_zRkZEGawgqLHQYbjEi2ZFZnselCqW-EFStqa3gCv87qEMi2oTMyvoKCg_Mu3IJSA\/s16000-rw\/recette-barre-cereales.jpg\" title=\"barres c\u00e9r\u00e9ales maison pour le gouter\"\/><\/a><\/div>\n<p><\/div>\n<\/div>\n<\/div>\n<p style=\"text-align: center;\"><span class=\"acheter\"><a href=\"https:\/\/www.iletaitunefoislapatisserie.com\/2022\/01\/recette-barres-cereales-amande-goji.html\">Voir la recette <i class=\"fa-light fa-cake-slice\"\/><\/a><\/span><\/p>\n<p style=\"text-align: left;\">\u00a0<\/p>\n<h3 style=\"text-align: left;\">Id\u00e9e de g\u00e2teau d&rsquo;anniversaire<\/h3>\n<p><i class=\"fa-solid fa-circle-arrow-right\"\/>\u00a0<a href=\"https:\/\/www.iletaitunefoislapatisserie.com\/2019\/09\/gateau-au-chocolat-galaxie.html\">G\u00e2teau galaxy<\/a><\/p>\n<p>Parce qu&rsquo;il est magnifique et parfait pour un anniversaire<\/p>\n<p style=\"text-align: left;\">\u00a0<\/p>\n<h3 style=\"text-align: left;\">Id\u00e9e de saison<\/h3>\n<p><i class=\"fa-solid fa-circle-arrow-right\"\/>\u00a0<a href=\"https:\/\/www.iletaitunefoislapatisserie.com\/2015\/09\/tarte-rustique-reines-claudes.html\" target=\"_blank\" rel=\"noopener\">Tarte rustique aux Reines-Claude<\/a><\/p>\n<p>C&rsquo;est la saison des prunes, et \u00e7a ne dure pas longtemps !<\/p>\n<div style=\"text-align: center;\">\n<div class=\"separator\" style=\"clear: both; text-align: center;\">\n<div class=\"separator\" style=\"clear: both; text-align: center;\">\n<div class=\"separator\" style=\"clear: both; text-align: center;\"><a href=\"https:\/\/www.iletaitunefoislapatisserie.com\/2015\/09\/tarte-rustique-reines-claudes.html\" imageanchor=\"1\" style=\"margin-left: 1em; margin-right: 1em;\"><img decoding=\"async\" alt=\"tarte-rustique-reine-claude\" border=\"0\" data-original-height=\"624\" data-original-width=\"652\" src=\"https:\/\/blogger.googleusercontent.com\/img\/b\/R29vZ2xl\/AVvXsEjenh3JKE4LSu6tSrn8ULdNBmFVutLrbqKvITsjDI4xV9tY3vE8pAuplTA2_fvE0JDoBl6MWvl8MdfFvt_A5JIFoJfLFS-Gt233YZDhtOc0d4Y-nVtZZTPKfcGt9xv4I-iKR7-CJZaBot3xd_7abE27sgaKPxeX2X7czfLmCcrbEjBZSfm5lWxN4clZ\/s16000-rw\/tarte%20rustique%20reines%20claudes.JPG\" title=\"Tarte rustique aux reines claude\"\/><\/a><\/div>\n<\/div>\n<\/div>\n<\/div>\n<p style=\"text-align: center;\"><span class=\"acheter\"><a href=\"https:\/\/www.iletaitunefoislapatisserie.com\/2015\/09\/tarte-rustique-reines-claudes.html\" target=\"_blank\" rel=\"noopener\">Voir la recette <i class=\"fa-light fa-cake-slice\"\/><\/a><\/span><\/p>\n<p>\u00a0<\/p>\n<h3 style=\"text-align: left;\">Id\u00e9e du dimanche<\/h3>\n<p><i class=\"fa-solid fa-circle-arrow-right\"\/> <a href=\"https:\/\/www.iletaitunefoislapatisserie.com\/2022\/08\/tartelettes-rustiques-aux-mures-une.html\">Tartelettes rustiques aux m\u00fbres<\/a><\/p>\n<p>On est en plein dans la saison des m\u00fbres, alors voici une recette facile et rapide que tout le monde appr\u00e9ciera.<\/p>\n<p style=\"text-align: left;\">\u00a0<\/p>\n<p style=\"text-align: left;\">Retrouvez par ici toutes mes recettes avec les <a href=\"https:\/\/www.iletaitunefoislapatisserie.com\/2019\/09\/fruits-et-legumes-de-septembre-85.html\">fruits du mois de septembre<\/a>.<\/p>\n<p style=\"text-align: left;\">\u00a0<\/p>\n<\/div>\n<p>[ad_2]<br \/>\n<br \/><a href=\"https:\/\/www.iletaitunefoislapatisserie.com\/2022\/08\/idees-patisserie-semaine-5-septembre.html\">Source link <\/a><\/p>\n","protected":false},"excerpt":{"rendered":"<p>[ad_1] Voici 6 id\u00e9es p\u00e2tisserie pour la semaine du 5 au 12 septembre. Des desserts de saison pour toutes les &hellip; <a href=\"http:\/\/www.affinite.fr\/index.php\/2022\/09\/06\/il-etait-une-fois-la-patisserie-174\/\" class=\"more-link\">Plus <span class=\"screen-reader-text\">Il \u00e9tait une fois la p\u00e2tisserie<\/span> <span class=\"meta-nav\">&rarr;<\/span><\/a><\/p>\n","protected":false},"author":1,"featured_media":8255,"comment_status":"","ping_status":"open","sticky":false,"template":"","format":"standard","meta":{"_sitemap_exclude":false,"_sitemap_priority":"","_sitemap_frequency":"","footnotes":""},"categories":[1],"tags":[],"class_list":["post-8254","post","type-post","status-publish","format-standard","has-post-thumbnail","hentry","category-tous"],"_links":{"self":[{"href":"http:\/\/www.affinite.fr\/index.php\/wp-json\/wp\/v2\/posts\/8254"}],"collection":[{"href":"http:\/\/www.affinite.fr\/index.php\/wp-json\/wp\/v2\/posts"}],"about":[{"href":"http:\/\/www.affinite.fr\/index.php\/wp-json\/wp\/v2\/types\/post"}],"author":[{"embeddable":true,"href":"http:\/\/www.affinite.fr\/index.php\/wp-json\/wp\/v2\/users\/1"}],"replies":[{"embeddable":true,"href":"http:\/\/www.affinite.fr\/index.php\/wp-json\/wp\/v2\/comments?post=8254"}],"version-history":[{"count":0,"href":"http:\/\/www.affinite.fr\/index.php\/wp-json\/wp\/v2\/posts\/8254\/revisions"}],"wp:featuredmedia":[{"embeddable":true,"href":"http:\/\/www.affinite.fr\/index.php\/wp-json\/wp\/v2\/media\/8255"}],"wp:attachment":[{"href":"http:\/\/www.affinite.fr\/index.php\/wp-json\/wp\/v2\/media?parent=8254"}],"wp:term":[{"taxonomy":"category","embeddable":true,"href":"http:\/\/www.affinite.fr\/index.php\/wp-json\/wp\/v2\/categories?post=8254"},{"taxonomy":"post_tag","embeddable":true,"href":"http:\/\/www.affinite.fr\/index.php\/wp-json\/wp\/v2\/tags?post=8254"}],"curies":[{"name":"wp","href":"https:\/\/api.w.org\/{rel}","templated":true}]}}