{"id":825,"date":"2020-03-19T03:00:57","date_gmt":"2020-03-19T03:00:57","guid":{"rendered":"https:\/\/www.affinite.fr\/index.php\/2020\/03\/19\/on-sait-desormais-presque-tout-de-la-future-console-de-sony\/"},"modified":"2020-03-19T03:00:57","modified_gmt":"2020-03-19T03:00:57","slug":"on-sait-desormais-presque-tout-de-la-future-console-de-sony","status":"publish","type":"post","link":"http:\/\/www.affinite.fr\/index.php\/2020\/03\/19\/on-sait-desormais-presque-tout-de-la-future-console-de-sony\/","title":{"rendered":"on sait d\u00e9sormais presque tout de la future console de Sony"},"content":{"rendered":"<p> [ad_1]<br \/>\n<\/p>\n<div itemprop=\"articleBody\">\n<p>Pendant une\u00a0heure, montre en main, Sony nous a abreuv\u00e9\u00a0de donn\u00e9es techniques et, tout comme <a href=\"https:\/\/www.01net.com\/actualites\/xbox-series-x-on-sait-desormais-presque-tout-de-la-future-console-de-microsoft-1875980.html\" target=\"_blank\" rel=\"noopener noreferrer\">Microsoft il y a quelques jours<\/a>, nous a fait\u00a0r\u00eaver en nous pr\u00e9sentant tous les d\u00e9tails techniques de sa future la console : <a href=\"https:\/\/www.01net.com\/actualite\/playstation-5\/\" target=\"_blank\" rel=\"noopener noreferrer\">la PlayStation 5<\/a>.<br \/>On en connaissait d\u00e9j\u00e0 beaucoup \u00e0 son sujet mais voici une fourn\u00e9e d&rsquo;informations bien fra\u00eeches qui nous donne envie de d\u00e9j\u00e0 \u00eatre \u00e0 la fin de l&rsquo;ann\u00e9e, avec la console en main. Il faut avouer une petite part de frustration. On ne sait toujours pas \u00e0 quoi ressemble la PlayStation 5 mais au moins, on sait ce qu&rsquo;il y a dedans.<\/p>\n<p>Commen\u00e7ons par <strong>la fiche technique de la PlayStation 5<\/strong> :<\/p>\n<ul>\n<li><strong>Processeur <\/strong>: puce custom 7 nm avec huit\u00a0coeurs cadenc\u00e9s \u00e0 3,5 GHz maximum (architecture AMD Zen 2)<\/li>\n<li><strong>Partie graphique<\/strong> : 36 Compute Units \u00e0 2,23 GHz (10,28 TFLOPS \/ architecture RDNA 2 AMD)<\/li>\n<li><strong>M\u00e9moire vive<\/strong> : 16 Go GDDR6<\/li>\n<li><strong>Stockage : <\/strong>825 Go de SSD NVMe de conception Sony<\/li>\n<li><strong>Lecteur optique :<\/strong> Blu-ray 4K<\/li>\n<li><strong>Autres :<\/strong> Traitement du son gr\u00e2ce \u00e0 un moteur d\u00e9di\u00e9, le Tempest Engine<\/li>\n<\/ul>\n<p>\n        <iframe loading=\"lazy\" class=\"video-206ca8c2541b006b64926bd09dc99e30\" width=\"560\" height=\"315\" src=\"http:\/\/www.youtube.com\/embed\/ph8LyNIT9sg\" frameborder=\"0\" allowfullscreen=\"\"><\/iframe><\/p>\n<blockquote>\n<p><strong>\u00c0 lire aussi :<\/strong> <a href=\"https:\/\/www.01net.com\/actualite\/xbox-series-x\/\" target=\"_blank\" rel=\"noopener noreferrer\">Notre dossier complet sur la Xbox Series X de Microsoft<\/a><\/p>\n<\/blockquote>\n<h3 style=\"color:#333; font-family:arial,helvetica,sans-serif; font-size:23px; font-weight:700\">Le SSD est la cl\u00e9 de vo\u00fbte de la PS5<\/h3>\n<p>Sony a soulign\u00e9 l&rsquo;importance du\u00a0SSD lors de la pr\u00e9sentation. Mark Cerny, responsable du d\u00e9veloppement mat\u00e9riel de la console,\u00a0a expliqu\u00e9 qu&rsquo;en quelque sorte, ce n&rsquo;\u00e9tait pas la puce de calcul AMD (d\u00e9taill\u00e9e plus bas) l&rsquo;\u00e9l\u00e9ment le plus important de la future PS5 mais bien son unit\u00e9 de stockage.<\/p>\n<p>Il semble que les ing\u00e9nieurs de Sony se soient particuli\u00e8rement attel\u00e9s \u00e0 fournir une solution ultrarapide, utilisant un contr\u00f4leur exclusif, du PCIe 4.0 et qui serait capable de booster les performances et prestations de la m\u00e9moire et, aussi, du nombre d&rsquo;informations \u00e0 traiter par la puce Custom fabriqu\u00e9e par AMD.<\/p>\n<figure class=\"figure text-center\"><img decoding=\"async\" class=\"article-img img-responsive-l\" src=\"https:\/\/img.bfmtv.com\/c\/0\/708\/dab\/b66f7dddf02768d291c8a2741244e.jpg\" alt=\"\"\/><figcaption class=\"figure-caption figcaption color-txt-0 title-xs hidden-xs\"\/><\/figure>\n<p>Pour faire simple, la PlayStation 4 mettait 20 secondes \u00e0 charger 1 Go de donn\u00e9es dans le meilleur des cas. La PS5, elle, en chargera le double en 100 fois mois de temps environ.<\/p>\n<p>Dans le meilleur des cas, le SSD de la PS5 pourra officier \u00e0 5,5 Go\/s et opte pour un format de traitement standard (NVMe). Toutefois, vu la vitesse des modules en pr\u00e9sence, lui trouver un rempla\u00e7ant de plus forte capacit\u00e9 dans le futur n&rsquo;est pas gagn\u00e9.<\/p>\n<figure class=\"figure text-center\"><img decoding=\"async\" class=\"article-img img-responsive-l\" src=\"https:\/\/img.bfmtv.com\/c\/0\/708\/51b\/d64c01b26cffa2e2d69a709b7d4b4.PNG\" alt=\"\"\/><figcaption class=\"figure-caption figcaption color-txt-0 title-xs hidden-xs\"\/><\/figure>\n<p>Heureusement, pour installer plus de jeux, il sera possible de brancher des disques durs externes \u00e0 l&rsquo;arri\u00e8re de la console. Ils pourront, dans le meilleur des cas, voir leurs \u00e9changes mont\u00e9s \u00e0 100 Mo\/s avec le reste de la plate-forme.<\/p>\n<h3 style=\"color:#333; font-family:arial,helvetica,sans-serif; font-size:23px; font-weight:700\">La puissance l\u00e0 o\u00f9 il faut, quand il faut<\/h3>\n<figure class=\"figure text-center\"><img decoding=\"async\" class=\"article-img img-responsive-l\" src=\"https:\/\/img.bfmtv.com\/c\/0\/708\/c11\/7742cd52c429f0de2c9ccaf765fd6.jpg\" alt=\"\"\/><figcaption class=\"figure-caption figcaption color-txt-0 title-xs hidden-xs\"\/><\/figure>\n<p>Entre la Xbox Series X et la PlayStation 5, les composants risquent de se comporter diff\u00e9remment en jeu. Ceux de la console Sony feront varier dynamiquement leur fr\u00e9quence de fonctionnement suivant les besoins des jeux et ce, \u00e0 apport d&rsquo;\u00e9nergie constant.<br \/>Pour \u00e9viter les coups de chaud, au lieu de surveiller la temp\u00e9rature du silicone du circuit ou des \u00e9l\u00e9ments et de ne se baser que sur ces informations-l\u00e0 pour ajuster les fr\u00e9quences et les apports en courant, Sony pr\u00e9f\u00e8re contr\u00f4ler l&rsquo;activit\u00e9 des \u00e9l\u00e9ments.<\/p>\n<p>Gr\u00e2ce \u00e0 la technologie AMD SmartShift, en fonction de la mani\u00e8re dont seront sollicit\u00e9s le\u00a0CPU et le GPU, la puissance sera intelligemment r\u00e9partie pour que chacun des composants puisse donner le meilleur de lui-m\u00eame selon les t\u00e2ches qu&rsquo;il a effectu\u00e9es.<\/p>\n<p>De la partie dissipation, nous n&rsquo;avons rien appris, Mark Cerny a toutefois promis qu&rsquo;une prochaine conf\u00e9rence ou vid\u00e9o aurait lieu \u00e0 ce propos et donnerait m\u00eame lieu \u00e0 un d\u00e9montage de la console pour que l&rsquo;on puisse admirer ses entrailles.<\/p>\n<h3 style=\"color:#333; font-family:arial,helvetica,sans-serif; font-size:23px; font-weight:700\">Le son 3D, le cheval de bataille inattendu<\/h3>\n<p>L&rsquo;architecte syst\u00e8me Sony a enfin abord\u00e9 la partie audio de la console. A priori, le Japonais a d\u00e9cid\u00e9 de faire de gros efforts sur ce point et d&rsquo;en faire un \u00e9l\u00e9ment diff\u00e9renciant pour la prochaine g\u00e9n\u00e9ration de consoles et donc de jeux, notamment gr\u00e2ce \u00e0 la pr\u00e9sence d&rsquo;un d\u00e9codeur baptis\u00e9 Tempest.<br \/>C&rsquo;est, en fait, une unit\u00e9 de calcul graphique d\u00e9tourn\u00e9e de son r\u00f4le premier et qui am\u00e9liore la pr\u00e9cision et le rendu du son en fonction de l&rsquo;action \u00e0 l&rsquo;\u00e9cran. Voil\u00e0 qui fait en quelque sorte \u00e9cho au \u00ab ray tracing audio \u00bb que promet Microsoft pour sa Xbox Series X.<\/p>\n<figure class=\"figure text-center\"><img decoding=\"async\" class=\"article-img img-responsive-l\" src=\"https:\/\/img.bfmtv.com\/c\/0\/708\/221\/fd16a8dc89b205bbf47624e4cdd36.jpg\" alt=\"\"\/><figcaption class=\"figure-caption figcaption color-txt-0 title-xs hidden-xs\"\/><\/figure>\n<p>Ce travail est d&rsquo;autant plus compliqu\u00e9 que\u00a0nous n&rsquo;avons pas tous la m\u00eame perception du son et n&rsquo;entendons pas tous les m\u00eames fr\u00e9quences (HRTF). Un gros effort aurait donc \u00e9t\u00e9\u00a0fait sur ce point.<br \/>Pour faire simple, plusieurs profils sonores seraient pr\u00e9enregistr\u00e9s dans la console. Et il serait possible d&rsquo;en inclure d&rsquo;autres voire, \u00e0 terme, de faire en sorte de pouvoir implanter celui qui correspond le mieux \u00e0 la fa\u00e7on dont votre oreille et votre cerveau captent et interpr\u00e8tent les ondes audio\u00a0pour un meilleur confort et une immersion total dans le jeu.<\/p>\n<\/p><\/div>\n<p><script>\n         !function(f,b,e,v,n,t,s){if(f.fbq)return;n=f.fbq=function()\n         {n.callMethod? n.callMethod.apply(n,arguments):n.queue.push(arguments)}\n         ;if(!f._fbq)f._fbq=n;\n             n.push=n;n.loaded=!0;n.version='2.0';n.queue=[];t=b.createElement(e);t.async=!0;\n             t.src=v;s=b.getElementsByTagName(e)[0];s.parentNode.insertBefore(t,s)}(window,\n                 document,'script','https:\/\/connect.facebook.net\/en_US\/fbevents.js');\n         fbq('init', '1065890633454496');\n         fbq('track', 'PageView');\n     <\/script><br \/>\n<br \/>[ad_2]<br \/>\n<br \/><a href=\"https:\/\/www.01net.com\/actualites\/playstation-5-on-sait-desormais-presque-tout-de-la-future-console-de-sony-1877136.html\">Source link <\/a><\/p>\n","protected":false},"excerpt":{"rendered":"<p>[ad_1] Pendant une\u00a0heure, montre en main, Sony nous a abreuv\u00e9\u00a0de donn\u00e9es techniques et, tout comme Microsoft il y a quelques &hellip; <a href=\"http:\/\/www.affinite.fr\/index.php\/2020\/03\/19\/on-sait-desormais-presque-tout-de-la-future-console-de-sony\/\" class=\"more-link\">Plus <span class=\"screen-reader-text\">on sait d\u00e9sormais presque tout de la future console de Sony<\/span> <span class=\"meta-nav\">&rarr;<\/span><\/a><\/p>\n","protected":false},"author":1,"featured_media":826,"comment_status":"open","ping_status":"open","sticky":false,"template":"","format":"standard","meta":{"_sitemap_exclude":false,"_sitemap_priority":"","_sitemap_frequency":"","footnotes":""},"categories":[1],"tags":[],"class_list":["post-825","post","type-post","status-publish","format-standard","has-post-thumbnail","hentry","category-tous"],"_links":{"self":[{"href":"http:\/\/www.affinite.fr\/index.php\/wp-json\/wp\/v2\/posts\/825"}],"collection":[{"href":"http:\/\/www.affinite.fr\/index.php\/wp-json\/wp\/v2\/posts"}],"about":[{"href":"http:\/\/www.affinite.fr\/index.php\/wp-json\/wp\/v2\/types\/post"}],"author":[{"embeddable":true,"href":"http:\/\/www.affinite.fr\/index.php\/wp-json\/wp\/v2\/users\/1"}],"replies":[{"embeddable":true,"href":"http:\/\/www.affinite.fr\/index.php\/wp-json\/wp\/v2\/comments?post=825"}],"version-history":[{"count":0,"href":"http:\/\/www.affinite.fr\/index.php\/wp-json\/wp\/v2\/posts\/825\/revisions"}],"wp:featuredmedia":[{"embeddable":true,"href":"http:\/\/www.affinite.fr\/index.php\/wp-json\/wp\/v2\/media\/826"}],"wp:attachment":[{"href":"http:\/\/www.affinite.fr\/index.php\/wp-json\/wp\/v2\/media?parent=825"}],"wp:term":[{"taxonomy":"category","embeddable":true,"href":"http:\/\/www.affinite.fr\/index.php\/wp-json\/wp\/v2\/categories?post=825"},{"taxonomy":"post_tag","embeddable":true,"href":"http:\/\/www.affinite.fr\/index.php\/wp-json\/wp\/v2\/tags?post=825"}],"curies":[{"name":"wp","href":"https:\/\/api.w.org\/{rel}","templated":true}]}}