{"id":8243,"date":"2022-09-03T03:12:16","date_gmt":"2022-09-03T03:12:16","guid":{"rendered":"https:\/\/www.affinite.fr\/index.php\/2022\/09\/03\/cest-moi-qui-lai-fait-aubergines-laquees-au-miso\/"},"modified":"2022-09-03T03:12:16","modified_gmt":"2022-09-03T03:12:16","slug":"cest-moi-qui-lai-fait-aubergines-laquees-au-miso","status":"publish","type":"post","link":"http:\/\/www.affinite.fr\/index.php\/2022\/09\/03\/cest-moi-qui-lai-fait-aubergines-laquees-au-miso\/","title":{"rendered":"C&rsquo;est moi qui l&rsquo;ai fait !: Aubergines laqu\u00e9es au miso"},"content":{"rendered":"<p> [ad_1]<br \/>\n<\/p>\n<div>\n<p><a class=\"asset-img-link\" href=\"https:\/\/scally.typepad.com\/.a\/6a00d8341c676f53ef02a2eed418fd200d-pi\"><img decoding=\"async\" alt=\"Aubergines laquees miso\" border=\"0\" class=\"asset  asset-image at-xid-6a00d8341c676f53ef02a2eed418fd200d image-full img-responsive\" src=\"https:\/\/scally.typepad.com\/.a\/6a00d8341c676f53ef02a2eed418fd200d-800wi\" style=\"display: block; margin-left: auto; margin-right: auto;\" title=\"Aubergines laquees miso\"\/><\/a><\/p>\n<p>Cuisiner me rend heureuse et partager ma cuisine prolonge le plaisir. Je r\u00eavais depuis longtemps de pr\u00e9parer ces <strong>aubergines laqu\u00e9es au miso<\/strong>, une recette d\u2019inspiration japonaise. Il m&rsquo;est arriv\u00e9 d\u2019en manger au restaurant en France car je ne suis jamais all\u00e9e au Japon.<\/p>\n<p>J\u2019ai crois\u00e9 plusieurs fois des recettes mais, allez savoir pourquoi, elles sont venues rejoindre dans mon cerveau la multitude des choses que j\u2019aimerais tester. Il y a quelques mois, j\u2019ai cr\u00e9\u00e9 une liste sur l\u2019outil Google Keep surnomm\u00e9e <strong>La liste de mes envies<\/strong>, souvenir d\u2019un chouette film. De temps en temps, je vais y piocher des choses.<\/p>\n<p><strong>Vous aussi vous avez ce type de liste ? Sur un papier, un cahier, sur votre t\u00e9l\u00e9phone ? Dites-moi tout en commentaire.<\/strong><\/p>\n<p>C\u2019est Fran\u00e7ois R\u00e9gis Gaudry qui m\u2019a donn\u00e9 l&rsquo;impulsion. J\u2019aime beaucoup l\u2019\u00e9mission On va d\u00e9guster qu&rsquo;il anime chaque dimanche sur France Inter et je suis fan de ses recettes en vid\u00e9o \u00e0 retrouver sur <a href=\"https:\/\/www.instagram.com\/frgaudry\/?hl=fr\" rel=\"noopener\" target=\"_blank\">son compte Instagram<\/a> ou sur sa cha\u00eene YouTube. Il est pr\u00e9cis, il sait de quoi il parle et il prend le temps de tout expliquer.<\/p>\n<p>Comme il se dit si bien dans sa vid\u00e9o, ces aubergines laqu\u00e9es au miso sont super faciles \u00e0 faire. \u00c7a vaut vraiment le coup de se lancer, elles sont d\u00e9licieuses avec un super \u00e9quilibre des saveurs. Je crois bien que c\u2019est la meilleure fa\u00e7on de d\u00e9guster l\u2019aubergine. C\u2019est ultra go\u00fbteux et le petit c\u00f4t\u00e9 sucr\u00e9 sal\u00e9 reste d\u00e9licat. La texture de l\u2019aubergine est bien fondante et la peau est l\u00e9g\u00e8rement caram\u00e9lis\u00e9e (comme mes aubergines \u00e9taient bio, j\u2019ai pu manger la peau).<\/p>\n<p>Mon seul regret est de ne pas avoir pu les partager, je suis la seule de la maison \u00e0 aimer les aubergines. J\u2019esp\u00e8re pouvoir les partager avec vous virtuellement.<\/p>\n<p>Pour faire cette recette, il va vous falloir du miso, un ingr\u00e9dient typiquement japonais qui a le vent en poupe depuis de nombreuses ann\u00e9es. On l&rsquo;utilise notamment pour faire la fameuse soupe miso. J\u2019ai utilis\u00e9 du miso blanc que j\u2019ach\u00e8te en boutique bio. Il s\u2019agit d\u2019une p\u00e2te de soja ferment\u00e9e qui fait partie de la grande famille des aliments lactoferment\u00e9s excellents pour notre sant\u00e9.<\/p>\n<p><span style=\"text-decoration: underline;\"><strong>Aubergines laqu\u00e9es au miso<\/strong><\/span><\/p>\n<p>Selon la recette de Fran\u00e7ois-R\u00e9gis Gaudry \u00e0 retrouver <a href=\"https:\/\/www.instagram.com\/tv\/CgChHkIKcie\/?utm_source=ig_web_copy_link\" rel=\"noopener\" target=\"_blank\">sur son compte Instagram<\/a><\/p>\n<p><em><strong>Pour 2 personnes<\/strong><\/em><\/p>\n<ul>&#13;<\/p>\n<li>2 aubergines<\/li>\n<p>&#13;<\/p>\n<li>60 g de miso blanc<\/li>\n<p>&#13;<\/p>\n<li>2 c. \u00e0 soupe de sauce soja<\/li>\n<p>&#13;<\/p>\n<li>2 c. \u00e0 soupe de mirin (sak\u00e9 liquoreux que l\u2019on trouve de plus en plus facilement)<\/li>\n<p>&#13;<\/p>\n<li>\u00bd c. \u00e0 soupe de sucre<\/li>\n<p>&#13;<\/p>\n<li>1 c. \u00e0 soupe de jus de citron<\/li>\n<p>&#13;<\/p>\n<li>Huile d\u2019olive<\/li>\n<p>&#13;<\/p>\n<li>Ciboulette cisel\u00e9e pour servir<\/li>\n<p>&#13;\n<\/ul>\n<p><em><strong>Comment faire ?<\/strong><\/em><\/p>\n<p>Pr\u00e9parez le laquage<\/p>\n<p>Dans une petite casserole, m\u00e9langez le miso, la sauce soja, le mirin et le sucre. Faites chauffer pendant quelques minutes sur feu moyen en m\u00e9langeant pour bien amalgamer tous les \u00e9l\u00e9ments.<\/p>\n<p>Faites pr\u00e9cuire les aubergines<\/p>\n<p>Retirez les deux extr\u00e9mit\u00e9s des aubergines lav\u00e9es puis fendez-les.<br \/>Quadrillez la chair \u00e0 l\u2019aide d\u2019un petit couteau d\u2019office ou couteau bec d\u2019oiseau.<br \/>Faites dorer les demi aubergines c\u00f4t\u00e9 chair dans une po\u00eale avec de l\u2019huile d\u2019olive, sur feu moyen.<br \/>D\u00e9posez les demi aubergines faces bomb\u00e9es en dessous sur une plaque de cuisson recouverte de papier cuisson.<\/p>\n<p>La cuisson finale au four<\/p>\n<p>Pr\u00e9chauffez votre four \u00e0 180\u00b0C.<br \/>Faites cuire vos aubergines pendant 25 \u00e0 25 minutes en surveillant la cuisson. Les aubergines doivent \u00eatre bien caram\u00e9lis\u00e9es et fondantes. De mon c\u00f4t\u00e9, j\u2019ai baiss\u00e9 la temp\u00e9rature du four dans les 10 derni\u00e8res minutes \u00e0 165\u00b0C.<\/p>\n<\/p><\/div>\n<p><script>\nwindow.fbAsyncInit = function() {\n    FB.init( { apiKey: 'a279adbe87e2b3c505e777af99a5260d', xfbml: true, version: 'v2.8' } );\n};\n( function() {\n    var e = document.createElement( 'script' ); e.async = true;\n    e.src = document.location.protocol + '\/\/connect.facebook.net\/en_US\/sdk.js';\n    document.getElementById( 'fb-root' ).appendChild( e );\n} )();\n<\/script><script async defer src=\"https:\/\/platform.instagram.com\/en_US\/embeds.js\"><\/script><br \/>\n<br \/>[ad_2]<br \/>\n<br \/><a href=\"https:\/\/scally.typepad.com\/cest_moi_qui_lai_fait\/2022\/09\/aubergines-laquees-miso-.html\">Source link <\/a><\/p>\n","protected":false},"excerpt":{"rendered":"<p>[ad_1] Cuisiner me rend heureuse et partager ma cuisine prolonge le plaisir. Je r\u00eavais depuis longtemps de pr\u00e9parer ces aubergines &hellip; <a href=\"http:\/\/www.affinite.fr\/index.php\/2022\/09\/03\/cest-moi-qui-lai-fait-aubergines-laquees-au-miso\/\" class=\"more-link\">Plus <span class=\"screen-reader-text\">C&rsquo;est moi qui l&rsquo;ai fait !: Aubergines laqu\u00e9es au miso<\/span> <span class=\"meta-nav\">&rarr;<\/span><\/a><\/p>\n","protected":false},"author":1,"featured_media":8244,"comment_status":"","ping_status":"open","sticky":false,"template":"","format":"standard","meta":{"_sitemap_exclude":false,"_sitemap_priority":"","_sitemap_frequency":"","footnotes":""},"categories":[1],"tags":[],"class_list":["post-8243","post","type-post","status-publish","format-standard","has-post-thumbnail","hentry","category-tous"],"_links":{"self":[{"href":"http:\/\/www.affinite.fr\/index.php\/wp-json\/wp\/v2\/posts\/8243"}],"collection":[{"href":"http:\/\/www.affinite.fr\/index.php\/wp-json\/wp\/v2\/posts"}],"about":[{"href":"http:\/\/www.affinite.fr\/index.php\/wp-json\/wp\/v2\/types\/post"}],"author":[{"embeddable":true,"href":"http:\/\/www.affinite.fr\/index.php\/wp-json\/wp\/v2\/users\/1"}],"replies":[{"embeddable":true,"href":"http:\/\/www.affinite.fr\/index.php\/wp-json\/wp\/v2\/comments?post=8243"}],"version-history":[{"count":0,"href":"http:\/\/www.affinite.fr\/index.php\/wp-json\/wp\/v2\/posts\/8243\/revisions"}],"wp:featuredmedia":[{"embeddable":true,"href":"http:\/\/www.affinite.fr\/index.php\/wp-json\/wp\/v2\/media\/8244"}],"wp:attachment":[{"href":"http:\/\/www.affinite.fr\/index.php\/wp-json\/wp\/v2\/media?parent=8243"}],"wp:term":[{"taxonomy":"category","embeddable":true,"href":"http:\/\/www.affinite.fr\/index.php\/wp-json\/wp\/v2\/categories?post=8243"},{"taxonomy":"post_tag","embeddable":true,"href":"http:\/\/www.affinite.fr\/index.php\/wp-json\/wp\/v2\/tags?post=8243"}],"curies":[{"name":"wp","href":"https:\/\/api.w.org\/{rel}","templated":true}]}}