{"id":821,"date":"2020-03-19T00:52:04","date_gmt":"2020-03-19T00:52:04","guid":{"rendered":"https:\/\/www.affinite.fr\/index.php\/2020\/03\/19\/economisez-160-euros-sur-lipad-pro-129-pouces-512-go\/"},"modified":"2020-03-19T00:52:04","modified_gmt":"2020-03-19T00:52:04","slug":"economisez-160-euros-sur-lipad-pro-129-pouces-512-go","status":"publish","type":"post","link":"http:\/\/www.affinite.fr\/index.php\/2020\/03\/19\/economisez-160-euros-sur-lipad-pro-129-pouces-512-go\/","title":{"rendered":"\u00e9conomisez 160 euros sur l&rsquo;iPad Pro 12,9 pouces 512 Go"},"content":{"rendered":"<p> [ad_1]<br \/>\n<br \/><img decoding=\"async\" src=\"https:\/\/img.bfmtv.com\/i\/0\/0\/611\/4f320b4dc32fc7bf851815ed412e8.jpg\" \/><\/p>\n<div itemprop=\"articleBody\">\n<p>Vous recherchez une tablette puissante pour une utilisation personnelle et professionnelle ? C&rsquo;est le cas du dernier iPad Pro 12,9 pouces d&rsquo;Apple. Amazon vend la version 512 Go pour\u00a0<a href=\"https:\/\/amzn.to\/3d847ER\" target=\"_blank\" rel=\"nofollow noopener noreferrer\">1348,89 euros au lieu de 1509 euros<\/a>.<\/p>\n<p><a href=\"https:\/\/www.01net.com\/tests\/test-apple-ipad-pro-129-un-monstre-d-ergonomie-et-de-puissance-mais-toujours-pas-un-pc-6095.html\" target=\"_blank\" rel=\"noopener noreferrer\">Lors de son test<\/a>, nous avons appr\u00e9ci\u00e9 son nouveau design et sa puissance, ainsi que les progr\u00e8s du clavier et du stylet optionnels. La tablette embarque un \u00e9cran\u00a0Liquid Retina 12,9 pouces avec technologies ProMotion et True Tone, ainsi qu&rsquo;un processeur\u00a0A12X Bionic avec Neural Engine. Elle dispose d&rsquo;un module cam\u00e9ra 12 Mpixels \u00e0 l&rsquo;arri\u00e8re et 7 Mpixels \u00e0 l&rsquo;avant.<\/p>\n<p><a href=\"https:\/\/amzn.to\/3d847ER\" target=\"_blank\" rel=\"nofollow noopener noreferrer\">Retrouvez ici cette offre d\u2019Amazon.<\/a><\/p>\n<aside class=\"bg-color-0 padding-inside-all-s bloc border-s\">\n<h4 class=\"box-txt-normal\">\n<p><strong>A d\u00e9couvrir aussi en vid\u00e9o :<\/strong><\/p>\n<\/h4>\n<\/aside>\n<p>Les promotions mentionn\u00e9es dans cet article peuvent \u00eatre \u00e9ph\u00e9m\u00e8res et ne plus \u00eatre valables apr\u00e8s la date de parution de l\u2019article.<\/p>\n<p><a href=\"https:\/\/www.01net.com\/bons-plans\/\">Retrouvez tous les bons plans high-tech s\u00e9lectionn\u00e9s par 01net.com sur notre page d\u00e9di\u00e9e.<\/a><\/p>\n<p><em>Cet article est une s\u00e9lection r\u00e9alis\u00e9e par l\u2019\u00e9quipe de 01net.com, en toute ind\u00e9pendance. Il est toutefois possible que ce contenu propose un lien d\u2019affiliation. Si vous cliquez sur ce lien, l\u2019e-commer\u00e7ant peut nous reverser une commission. Pour vous, rien ne change !<\/em><\/p>\n<\/p><\/div>\n<p><script>\n         !function(f,b,e,v,n,t,s){if(f.fbq)return;n=f.fbq=function()\n         {n.callMethod? n.callMethod.apply(n,arguments):n.queue.push(arguments)}\n         ;if(!f._fbq)f._fbq=n;\n             n.push=n;n.loaded=!0;n.version='2.0';n.queue=[];t=b.createElement(e);t.async=!0;\n             t.src=v;s=b.getElementsByTagName(e)[0];s.parentNode.insertBefore(t,s)}(window,\n                 document,'script','https:\/\/connect.facebook.net\/en_US\/fbevents.js');\n         fbq('init', '1065890633454496');\n         fbq('track', 'PageView');\n     <\/script><br \/>\n<br \/>[ad_2]<br \/>\n<br \/><a href=\"https:\/\/www.01net.com\/actualites\/bon-plan-amazon-economisez-160-euros-sur-l-ipad-pro-129-pouces-512-go-1877022.html\">Source link <\/a><\/p>\n","protected":false},"excerpt":{"rendered":"<p>[ad_1] Vous recherchez une tablette puissante pour une utilisation personnelle et professionnelle ? C&rsquo;est le cas du dernier iPad Pro &hellip; <a href=\"http:\/\/www.affinite.fr\/index.php\/2020\/03\/19\/economisez-160-euros-sur-lipad-pro-129-pouces-512-go\/\" class=\"more-link\">Plus <span class=\"screen-reader-text\">\u00e9conomisez 160 euros sur l&rsquo;iPad Pro 12,9 pouces 512 Go<\/span> <span class=\"meta-nav\">&rarr;<\/span><\/a><\/p>\n","protected":false},"author":1,"featured_media":822,"comment_status":"open","ping_status":"open","sticky":false,"template":"","format":"standard","meta":{"_sitemap_exclude":false,"_sitemap_priority":"","_sitemap_frequency":"","footnotes":""},"categories":[1],"tags":[],"class_list":["post-821","post","type-post","status-publish","format-standard","has-post-thumbnail","hentry","category-tous"],"_links":{"self":[{"href":"http:\/\/www.affinite.fr\/index.php\/wp-json\/wp\/v2\/posts\/821"}],"collection":[{"href":"http:\/\/www.affinite.fr\/index.php\/wp-json\/wp\/v2\/posts"}],"about":[{"href":"http:\/\/www.affinite.fr\/index.php\/wp-json\/wp\/v2\/types\/post"}],"author":[{"embeddable":true,"href":"http:\/\/www.affinite.fr\/index.php\/wp-json\/wp\/v2\/users\/1"}],"replies":[{"embeddable":true,"href":"http:\/\/www.affinite.fr\/index.php\/wp-json\/wp\/v2\/comments?post=821"}],"version-history":[{"count":0,"href":"http:\/\/www.affinite.fr\/index.php\/wp-json\/wp\/v2\/posts\/821\/revisions"}],"wp:featuredmedia":[{"embeddable":true,"href":"http:\/\/www.affinite.fr\/index.php\/wp-json\/wp\/v2\/media\/822"}],"wp:attachment":[{"href":"http:\/\/www.affinite.fr\/index.php\/wp-json\/wp\/v2\/media?parent=821"}],"wp:term":[{"taxonomy":"category","embeddable":true,"href":"http:\/\/www.affinite.fr\/index.php\/wp-json\/wp\/v2\/categories?post=821"},{"taxonomy":"post_tag","embeddable":true,"href":"http:\/\/www.affinite.fr\/index.php\/wp-json\/wp\/v2\/tags?post=821"}],"curies":[{"name":"wp","href":"https:\/\/api.w.org\/{rel}","templated":true}]}}