{"id":8205,"date":"2022-08-23T09:30:03","date_gmt":"2022-08-23T09:30:03","guid":{"rendered":"https:\/\/www.affinite.fr\/index.php\/2022\/08\/23\/matt-damon-nostalgique-pourquoi-il-regrette-la-disparition-du-dvd-actus-cine\/"},"modified":"2022-08-23T09:30:03","modified_gmt":"2022-08-23T09:30:03","slug":"matt-damon-nostalgique-pourquoi-il-regrette-la-disparition-du-dvd-actus-cine","status":"publish","type":"post","link":"http:\/\/www.affinite.fr\/index.php\/2022\/08\/23\/matt-damon-nostalgique-pourquoi-il-regrette-la-disparition-du-dvd-actus-cine\/","title":{"rendered":"Matt Damon nostalgique ? Pourquoi il regrette la disparition du DVD &#8211; Actus Cin\u00e9"},"content":{"rendered":"<p> [ad_1]<br \/>\n<\/p>\n<p>Matt Damon a partag\u00e9 ses r\u00e9flexions sur l&rsquo;industrie cin\u00e9matographique actuelle, regrettant que des films \u00ab\u00a0risqu\u00e9s\u00a0\u00bb courant dans les ann\u00e9es 90 puissent de moins en moins voir le jour aujourd&rsquo;hui, et explique pourquoi.<\/p>\n<div id=\"article-content\">\n<figure class=\"player player-auto-play js-player\" data-model=\"{&quot;videos&quot;:[{&quot;id&quot;:19511961,&quot;idDailymotion&quot;:&quot;x8a0svr&quot;,&quot;sources&quot;:{&quot;high&quot;:&quot;https:\/\/fr.vid.web.acsta.net\/nmedia\/33\/18\/01\/04\/11\/19511961_hd_013.mp4&quot;,&quot;low&quot;:&quot;https:\/\/fr.vid.web.acsta.net\/nmedia\/33\/18\/01\/04\/11\/19511961_l_013.mp4&quot;,&quot;medium&quot;:&quot;https:\/\/fr.vid.web.acsta.net\/nmedia\/33\/18\/01\/04\/11\/19511961_m_013.mp4&quot;,&quot;standard&quot;:&quot;https:\/\/fr.vid.web.acsta.net\/nmedia\/33\/18\/01\/04\/11\/19511961_sd_013.mp4&quot;},&quot;image&quot;:&quot;\/videothumbnails\/18\/01\/04\/11\/07\/3812433.jpg&quot;,&quot;title&quot;:&quot;Ma vie avec Liberace Bande-annonce VO&quot;,&quot;trackingIdentifier&quot;:&quot;19511961-ma_vie_avec_liberace_bande_annonce_vo&quot;,&quot;embedUrl&quot;:&quot;ACraHRACr0cHM6Ly9wbGF5ZXIuYWxsb2NpbmUuZnIvMTk1MTE5NjEuaHRtbA==&quot;,&quot;file_type&quot;:&quot;TRAILER&quot;,&quot;description&quot;:&quot;Ma vie avec Liberace Bande-annonce VO&quot;,&quot;duration&quot;:122,&quot;view_count&quot;:637791,&quot;added_at&quot;:{&quot;date&quot;:&quot;2013-05-14 00:00:00.000000&quot;,&quot;timezone_type&quot;:3,&quot;timezone&quot;:&quot;Europe\/Paris&quot;},&quot;metas&quot;:{&quot;id_main_show&quot;:null,&quot;name_main_show&quot;:null,&quot;image_main_show&quot;:null,&quot;id_main_movie&quot;:139160,&quot;name_main_movie&quot;:&quot;Ma vie avec Liberace&quot;,&quot;image_main_movie&quot;:&quot;\/pictures\/210\/139\/21013963_20130619184351861.jpg&quot;,&quot;id_main_series&quot;:null,&quot;name_main_series&quot;:null,&quot;image_main_series&quot;:null,&quot;id_main_season&quot;:null,&quot;name_main_season&quot;:null,&quot;image_main_season&quot;:null,&quot;main_season_number&quot;:null,&quot;id_main_person&quot;:null,&quot;name_main_person&quot;:null,&quot;image_main_person&quot;:null,&quot;use_portal&quot;:null,&quot;release_date_main_movie&quot;:null,&quot;nb_days_release_main_movie&quot;:null,&quot;id_meta_category&quot;:null,&quot;name_meta_category&quot;:null,&quot;localized_file_type&quot;:null,&quot;trans_file_type&quot;:null,&quot;main_movie_type&quot;:null,&quot;main_season_rating&quot;:null,&quot;main_series_rating&quot;:null,&quot;main_season_user_note_count&quot;:null,&quot;genre_main_movie&quot;:null,&quot;genre_main_series&quot;:null,&quot;release_status_movie&quot;:null,&quot;release_status_series&quot;:null},&quot;is_emergence_inhibited&quot;:false,&quot;relatedEntityType&quot;:&quot;movie&quot;,&quot;relatedEntityId&quot;:139160,&quot;relatedEntityTitle&quot;:&quot;Ma vie avec Liberace&quot;,&quot;relatedEntityUrl&quot;:&quot;ACraHRACr0cHM6Ly93d3cuYWxsb2NpbmUuZnIvZmlsbS9maWNoZWZpbG1fZ2VuX2NmaWxtPTEzOTE2MC5odG1s&quot;,&quot;mediaUrl&quot;:&quot;ACraHRACr0cHM6Ly93d3cuYWxsb2NpbmUuZnIvdmlkZW8vcGxheWVyX2dlbl9jbWVkaWE9MTk1MTE5NjEmY2ZpbG09MTM5MTYwLmh0bWw=&quot;,&quot;relatedEntityTrackingIdentifier&quot;:&quot;139160-ma_vie_avec_liberace&quot;,&quot;genres&quot;:[&quot;BIOPIC&quot;,&quot;DRAMA&quot;],&quot;relatedEntityDistributor&quot;:null,&quot;relatedEntityDistributorId&quot;:null,&quot;entityStatus&quot;:null}],&quot;disablePreroll&quot;:false,&quot;disablePostroll&quot;:false,&quot;endScreen&quot;:true,&quot;context&quot;:&quot;newspage_news&quot;,&quot;launch&quot;:&quot;auto-play&quot;,&quot;followScroll&quot;:true,&quot;editorialContent&quot;:&quot;18713099-matt_damon_nostalgique_pourquoi_il_regrette_la_disparition_du_dvd&quot;,&quot;disableAutoPause&quot;:true,&quot;player_position&quot;:&quot;playertop&quot;}\" data-thumb=\"https:\/\/fr.web.img4.acsta.net\/r_640_360\/videothumbnails\/18\/01\/04\/11\/07\/3812433.jpg\">\n<\/figure>\n<p>Les ann\u00e9es 90, c&rsquo;\u00e9tait mieux avant ? \u00c0 en croire l&rsquo;acteur et producteur <a title=\"Matt Damon (U.S.A.) (Acteur,Producteur,Producteur d\u00e9l\u00e9gu\u00e9)\" href=\"http:\/\/www.allocine.fr\/personne\/fichepersonne_gen_cpersonne=1192.html\">Matt Damon<\/a>, oui, du moins pour ce qui concerne le financement de films diff\u00e9renciants !<\/p>\n<p>Dans un entretien donn\u00e9 \u00e0 l&rsquo;\u00e9mission Youtube <span class=\"ACraHRACr0cHM6Ly95b3V0dS5iZS95YVhtYTZLOW16bz90PTg0Mg==\" target=\"_blank\">First We Feast<\/span>, Matt Damon soulignait l&rsquo;an dernier le probl\u00e8me que constitue la fin du DVD &#8211; pr\u00e9cipit\u00e9e par le succ\u00e8s des plateformes de streaming &#8211; sur l&rsquo;industrie hollywoodienne dans son ensemble :<\/p>\n<div class=\"article-figure-holder\">\n<figure class=\"article-figure mceNonEditable\">\n<img loading=\"lazy\" decoding=\"async\" class=\"article-figure-img\" src=\"data:image\/gif;base64,R0lGODlhAgABAPAAAAAAAAAAACH5BAEAAAAAIf8LSW1hZ2VNYWdpY2sNZ2FtbWE9MC40NTQ1NQAsAAAAAAIAAQAAAgIECgA7\" data-src=\"https:\/\/fr.web.img3.acsta.net\/r_640_256\/newsv7\/22\/08\/23\/10\/24\/1117725.jpg\" width=\"640\" height=\"320\"\/><br \/>\n<span class=\"article-figcaption-copy\">STARMAX \/ BESTIMAGE<\/span><figcaption class=\"article-figcaption\">\nMatt Damon sur le tournage du Talentueux Mr Ripley en 1999<br \/>\n<\/figcaption><\/figure>\n<\/div>\n<blockquote class=\"article-quote\"><p>Le DVD constituait une part importante de nos revenus, mais la technologie a rendu cela obsol\u00e8te. Avec les films que nous faisions, on pouvait ne pas totalement marcher en salles et se refaire six mois apr\u00e8s avec les ventes de DVD. C&rsquo;\u00e9tait presque comme une deuxi\u00e8me sortie en salles. Avec la disparition de ce mod\u00e8le, \u00e7a a chang\u00e9 le type de films que nous pouvons faire.<\/p><\/blockquote>\n<p>Afin d&rsquo;\u00e9clairer son propos, l&rsquo;ex-interpr\u00e8te de\u00a0<a title=\"Will Hunting (U.S.A.) - 1997 (Drame)\" href=\"http:\/\/www.allocine.fr\/film\/fichefilm_gen_cfilm=363.html\">Will Hunting<\/a> donne un exemple tir\u00e9 de sa filmographie :<\/p>\n<p><i>\u00ab\u00a0J&rsquo;ai fait ce film, <\/i><a title=\"Ma vie avec Liberace (U.S.A.) - 2013 (Drame,Biopic)\" href=\"http:\/\/www.allocine.fr\/film\/fichefilm_gen_cfilm=139160.html\">Ma vie avec Liberace<\/a><i>\u00a0(2013). J&rsquo;ai rencontr\u00e9 les patrons de studio pour leur dire que le film co\u00fbtait 25 millions de dollars et que je devrai payer autant en publicit\u00e9 et marketing (&#8230;), soit un total de 50 millions de dollars. Or, tout ce que je r\u00e9colte [de l&rsquo;exploitation en salles], je dois en donner la moiti\u00e9 aux g\u00e9rants de salles de cin\u00e9ma, donc je dois faire 100 millions de dollars avant de pouvoir faire des b\u00e9n\u00e9fices.\u00a0\u00bb<\/i><\/p>\n<p><i>\u00ab\u00a0Et l&rsquo;id\u00e9e de devoir faire 100 millions de dollars avec l&rsquo;histoire d&rsquo;amour de ces deux personnages (&#8230;) est un pari tr\u00e8s difficile\u00a0\u00bb<\/i>, conclut Damon. <i>\u00ab\u00a0Ce n&rsquo;\u00e9tait pas le cas dans les ann\u00e9es 90, \u00e9poque o\u00f9 on faisait ce genre de films, que j&rsquo;adore et avec lesquels je faisais mes choux gras\u00a0\u00bb<\/i>.<\/p>\n<p>Au final, Ma vie avec Liberace, pass\u00e9 par la comp\u00e9tition du Festival de Cannes, a rapport\u00e9\u00a013,3 millions de dollars dans le monde.\u00a0Aux Etats-Unis, il a \u00e9t\u00e9 diffus\u00e9 directement \u00e0 la t\u00e9l\u00e9vision sur HBO.<\/p>\n<p>Comme Matt Damon, d\u00e9plorez-vous un manque de prise de risques par les grands studios de cin\u00e9ma am\u00e9ricains ou \u00eates-vous satisfaits de l&rsquo;offre actuellement propos\u00e9e en salles ? \u00c0 vos claviers !<\/p>\n<p><strong>D\u00e9couvrez avec quelle star Matt Damon a \u00e9t\u00e9 colocataire !<\/strong><\/p>\n<figure class=\"slideshow-start-screen\">\n<img decoding=\"async\" class=\"slideshow-start-screen-img\" src=\"data:image\/gif;base64,R0lGODlhAQABAIAAAAAAAAAAACH5BAEAAAAALAAAAAABAAEAAAICRAEAOw==\" data-src=\"http:\/\/medialib.allocine.net\/c_320_320\/newsv7\/22\/03\/11\/14\/56\/25848780.jpg\" alt=\"\"\/><br \/>\n<a href=\"http:\/\/www.allocine.fr\/diaporamas\/cinema\/diaporama-18707766\/\" class=\"slideshow-start-screen-icon\"><\/p>\n<p>Voir le diaporama<\/p>\n<p><\/a><figcaption class=\"slideshow-start-caption\">\n<p>Diaporama<\/p>\n<p>Ces stars de cin\u00e9ma ont \u00e9t\u00e9 colocataires : Ryan Gosling et Justin Timberlake, Matt Damon et Ben Affleck&#8230;<\/p>\n<p>30 photos<\/p>\n<\/figcaption><\/figure>\n<\/div>\n<p>[ad_2]<br \/>\n<br \/><a href=\"http:\/\/www.allocine.fr\/article\/fichearticle_gen_carticle=18713099.html\">Source link <\/a><\/p>\n","protected":false},"excerpt":{"rendered":"<p>[ad_1] Matt Damon a partag\u00e9 ses r\u00e9flexions sur l&rsquo;industrie cin\u00e9matographique actuelle, regrettant que des films \u00ab\u00a0risqu\u00e9s\u00a0\u00bb courant dans les ann\u00e9es &hellip; <a href=\"http:\/\/www.affinite.fr\/index.php\/2022\/08\/23\/matt-damon-nostalgique-pourquoi-il-regrette-la-disparition-du-dvd-actus-cine\/\" class=\"more-link\">Plus <span class=\"screen-reader-text\">Matt Damon nostalgique ? Pourquoi il regrette la disparition du DVD &#8211; Actus Cin\u00e9<\/span> <span class=\"meta-nav\">&rarr;<\/span><\/a><\/p>\n","protected":false},"author":1,"featured_media":8206,"comment_status":"","ping_status":"open","sticky":false,"template":"","format":"standard","meta":{"_sitemap_exclude":false,"_sitemap_priority":"","_sitemap_frequency":"","footnotes":""},"categories":[1],"tags":[],"class_list":["post-8205","post","type-post","status-publish","format-standard","has-post-thumbnail","hentry","category-tous"],"_links":{"self":[{"href":"http:\/\/www.affinite.fr\/index.php\/wp-json\/wp\/v2\/posts\/8205"}],"collection":[{"href":"http:\/\/www.affinite.fr\/index.php\/wp-json\/wp\/v2\/posts"}],"about":[{"href":"http:\/\/www.affinite.fr\/index.php\/wp-json\/wp\/v2\/types\/post"}],"author":[{"embeddable":true,"href":"http:\/\/www.affinite.fr\/index.php\/wp-json\/wp\/v2\/users\/1"}],"replies":[{"embeddable":true,"href":"http:\/\/www.affinite.fr\/index.php\/wp-json\/wp\/v2\/comments?post=8205"}],"version-history":[{"count":0,"href":"http:\/\/www.affinite.fr\/index.php\/wp-json\/wp\/v2\/posts\/8205\/revisions"}],"wp:featuredmedia":[{"embeddable":true,"href":"http:\/\/www.affinite.fr\/index.php\/wp-json\/wp\/v2\/media\/8206"}],"wp:attachment":[{"href":"http:\/\/www.affinite.fr\/index.php\/wp-json\/wp\/v2\/media?parent=8205"}],"wp:term":[{"taxonomy":"category","embeddable":true,"href":"http:\/\/www.affinite.fr\/index.php\/wp-json\/wp\/v2\/categories?post=8205"},{"taxonomy":"post_tag","embeddable":true,"href":"http:\/\/www.affinite.fr\/index.php\/wp-json\/wp\/v2\/tags?post=8205"}],"curies":[{"name":"wp","href":"https:\/\/api.w.org\/{rel}","templated":true}]}}