{"id":8202,"date":"2022-08-23T02:39:58","date_gmt":"2022-08-23T02:39:58","guid":{"rendered":"https:\/\/www.affinite.fr\/index.php\/2022\/08\/23\/il-etait-une-fois-la-patisserie-170\/"},"modified":"2022-08-23T02:39:58","modified_gmt":"2022-08-23T02:39:58","slug":"il-etait-une-fois-la-patisserie-170","status":"publish","type":"post","link":"http:\/\/www.affinite.fr\/index.php\/2022\/08\/23\/il-etait-une-fois-la-patisserie-170\/","title":{"rendered":"Il \u00e9tait une fois la p\u00e2tisserie"},"content":{"rendered":"<p> [ad_1]<br \/>\n<\/p>\n<div id=\"post-body-4954383464515525279\" itemprop=\"articleBody\">\n<p>Voici 6 id\u00e9es p\u00e2tisserie pour la <span style=\"font-size: large;\"><b>semaine du 12 au 28 ao\u00fbt<\/b><\/span>. Des desserts de saison pour toutes les occasions !<\/p>\n<p>Nous sommes \u00e0 la fin du mois d&rsquo;ao\u00fbt. Profitons notamment des m\u00fbres, des myrtilles et des figues pour pr\u00e9parer nos desserts.<\/p>\n<div class=\"separator\" style=\"clear: both; text-align: center;\">\n<div class=\"separator\" style=\"clear: both; text-align: center;\"><a href=\"https:\/\/www.iletaitunefoislapatisserie.com\/2022\/08\/idees-patisserie-semaine-22-au-28-aout.html\" style=\"margin-left: 1em; margin-right: 1em;\"><img decoding=\"async\" alt=\"idees-patisserie-aout\" border=\"0\" data-original-height=\"900\" data-original-width=\"1200\" src=\"https:\/\/blogger.googleusercontent.com\/img\/b\/R29vZ2xl\/AVvXsEiC0Kr4RkzlmBnblVL1nlGR1jr-7USMuiU06WyJbm2XP9rT1W5Bk74FG-3d49UlEu9xnckkuajM33RGNbxHRfFOTaQcol3G7v39wKWPsNtLa6jVK3JZfU3SywsnXVRovTXtqLn7UB2Eh2BfOE3v2WGOpiXWz06SM08-gSlsXpHBNR8hN9XRTluCZryG\/s16000\/Patisseries%20de%20la%20semaine%2022%20aout%20(1200%20%C3%97%20900%20px).jpg\" title=\"id\u00e9es recettes de patisserie aout\"\/><\/a><\/div>\n<p><\/div>\n<p><span><a name=\"more\"\/><\/span><\/p>\n<h3 style=\"text-align: left;\">Id\u00e9e du petit-d\u00e9jeuner<\/h3>\n<p><i class=\"fa-solid fa-circle-arrow-right\"\/>\u00a0<a href=\"https:\/\/www.iletaitunefoislapatisserie.com\/2020\/09\/muffins-aux-myrtilles.html\" target=\"_blank\" rel=\"noopener\">Muffins aux myrtilles<\/a><\/p>\n<p>Des muffins d\u00e9licieux et de saison<\/p>\n<div style=\"text-align: center;\">\n<div class=\"separator\" style=\"clear: both; text-align: center;\"><a href=\"https:\/\/www.iletaitunefoislapatisserie.com\/2020\/09\/muffins-aux-myrtilles.html\" style=\"margin-left: 1em; margin-right: 1em;\"><img decoding=\"async\" alt=\"muffins-myrtille\" border=\"0\" data-original-height=\"892\" data-original-width=\"650\" src=\"https:\/\/blogger.googleusercontent.com\/img\/b\/R29vZ2xl\/AVvXsEh8HemJsQHsVfPTv3DUaVPcF9fbLQdPV6Ri9PESPvkcoNeq4NqAOcJshbTz1VdU9SDjplW5hlccvjFgkftUUv9WiFgc7TE73WK-ZsU6MmUFXYOdY3nhRKzdB5YacpBMiONNDbToX_gxbTE2xv5WeTOEb79lEIiDXzrMwLX6llN5n371o_dhYAhGm-nz\/s16000\/recette-muffins-myrtilles.jpg\" title=\"id\u00e9e petit d\u00e9juener : muffins myrtilles\"\/><\/a><\/div>\n<p><\/div>\n<p style=\"text-align: center;\"><span class=\"acheter\"><a href=\"https:\/\/www.iletaitunefoislapatisserie.com\/2020\/09\/muffins-aux-myrtilles.html\" target=\"_blank\" rel=\"noopener\">Voir la recette <i class=\"fa-light fa-cake-slice\"\/><\/a><\/span><\/p>\n<p style=\"text-align: left;\">\u00a0<\/p>\n<h3 style=\"text-align: left;\">Id\u00e9e \u00e0 grignoter <br \/><\/h3>\n<p><i class=\"fa-solid fa-circle-arrow-right\"\/> <a href=\"https:\/\/www.iletaitunefoislapatisserie.com\/2017\/11\/le-calisson-daix-maison.html\" target=\"_blank\" rel=\"noopener\">Calissons maison<\/a><\/p>\n<p>Des petites douceurs pleines de soleil qui nous viennent du Sud.<\/p>\n<p>\u00a0<\/p>\n<div style=\"text-align: center;\">\n<div class=\"separator\" style=\"clear: both; text-align: center;\"><a href=\"https:\/\/www.iletaitunefoislapatisserie.com\/2017\/11\/le-calisson-daix-maison.html\" style=\"margin-left: 1em; margin-right: 1em;\"><img decoding=\"async\" alt=\"calisson-maison\" border=\"0\" data-original-height=\"900\" data-original-width=\"650\" src=\"https:\/\/blogger.googleusercontent.com\/img\/b\/R29vZ2xl\/AVvXsEjqCgFbCscRpDdufJsei98T8q3dKb17JtuIXTS5vNzXkiLOguyqO5QK0MUPh6hzcg0PsMrPh4rR4sZnBZqT7Y7oHR9nj4mdsV4XMc9WrxAkfu1nE4KLZGpYaJkupwqdEeCNpc3hibnvzehQ6IkJ9M_HqFD5DnSPp7e-qpTBRLLA7J7O7oY3EVm7CRiY\/s16000\/recette-calisson-d'aix.jpg\" title=\"calisson maison id\u00e9e aout\"\/><\/a><\/div>\n<p><\/div>\n<p style=\"text-align: center;\"><span class=\"acheter\"><a href=\"https:\/\/www.iletaitunefoislapatisserie.com\/2017\/11\/le-calisson-daix-maison.html\" target=\"_blank\" rel=\"noopener\">Voir la recette <i class=\"fa-light fa-cake-slice\"\/><\/a><\/span><\/p>\n<p>\u00a0<\/p>\n<h3 style=\"text-align: left;\">Id\u00e9e du go\u00fbter<\/h3>\n<p><i class=\"fa-solid fa-circle-arrow-right\"\/> <a href=\"https:\/\/www.iletaitunefoislapatisserie.com\/2022\/08\/tartelettes-rustiques-aux-mures-une.html\">Tartelettes rustiques aux m\u00fbres<\/a><\/p>\n<p>Une recette facile et rapide, parfaite pour cette fin de mois d&rsquo;ao\u00fbt.<\/p>\n<div style=\"text-align: center;\">\n<div class=\"separator\" style=\"clear: both; text-align: center;\"><a href=\"https:\/\/www.iletaitunefoislapatisserie.com\/2022\/08\/tartelettes-rustiques-aux-mures-une.html\" style=\"margin-left: 1em; margin-right: 1em;\"><img decoding=\"async\" alt=\"tartelettes-mures\" border=\"0\" data-original-height=\"803\" data-original-width=\"650\" src=\"https:\/\/blogger.googleusercontent.com\/img\/b\/R29vZ2xl\/AVvXsEhyc4oFYzaz_fLqpWCqv9uTYg5r--_oZ9fX3cvUTjVTQtJzpJAXANFk_qBjDYSE-qNKBn9JWA07cCmxerUouTFEaNDCtUgbZQ-aHEGTASBrHGQ-TC0uJauO-PsuO1F-ltRv7j__r2dnvio_8O7ocRNQytbqA0H4miUg9frsJozsbjl-1-fcuu401rJT\/s16000\/recette-tarte-mure-facile.jpg\" title=\"tartelettes aux mures fraiches\"\/><\/a><\/div>\n<p><\/div>\n<p style=\"text-align: center;\"><span class=\"acheter\"><a href=\"https:\/\/www.iletaitunefoislapatisserie.com\/2022\/08\/tartelettes-rustiques-aux-mures-une.html\">Voir la recette <i class=\"fa-light fa-cake-slice\"\/><\/a><\/span><\/p>\n<p style=\"text-align: left;\">\u00a0<\/p>\n<h3 style=\"text-align: left;\">Id\u00e9e de g\u00e2teau d&rsquo;anniversaire<\/h3>\n<p><i class=\"fa-solid fa-circle-arrow-right\"\/>\u00a0<a href=\"https:\/\/www.iletaitunefoislapatisserie.com\/2020\/09\/entremets-figue-et-noisette.html\">Entremets figue noisette<\/a><\/p>\n<p>Joli, d\u00e9licieux et parfait pour la saison !<\/p>\n<div class=\"separator\" style=\"clear: both; text-align: center;\">\n<div class=\"separator\" style=\"clear: both; text-align: center;\"><a href=\"https:\/\/www.iletaitunefoislapatisserie.com\/2020\/09\/entremets-figue-et-noisette.html\" style=\"margin-left: 1em; margin-right: 1em;\"><img decoding=\"async\" alt=\"entremets-figue-noisette\" border=\"0\" data-original-height=\"448\" data-original-width=\"650\" src=\"https:\/\/blogger.googleusercontent.com\/img\/b\/R29vZ2xl\/AVvXsEgj2xAgeDVCs3b5cUWCk1drSdud8YmvfTZG_Pjl31bgsALDW8IG0WCpbgxGDZAZ6SEh4-ioBN0MXCgu-13TftLNAvCyUnmfciSjblQLqlHUAogs3Dgbw4yhO8zAHi7ORAklcMuEACdI1_kyoXr-ebI7SzlLPTledAnYoy-WFbLKbmzrY7j_0xIGe-nT\/s16000\/gateau-figue.jpg\" title=\"id\u00e9e gateau anniversaire aout\"\/><\/a><\/div>\n<\/div>\n<p style=\"text-align: center;\"><span class=\"acheter\"><a href=\"https:\/\/www.iletaitunefoislapatisserie.com\/2020\/09\/entremets-figue-et-noisette.html\" target=\"_blank\" rel=\"noopener\">Voir la recette <i class=\"fa-light fa-cake-slice\"\/><\/a><\/span><\/p>\n<p style=\"text-align: left;\">\u00a0<\/p>\n<h3 style=\"text-align: left;\">Id\u00e9e de saison<\/h3>\n<p><i class=\"fa-solid fa-circle-arrow-right\"\/>\u00a0<a href=\"https:\/\/www.iletaitunefoislapatisserie.com\/2015\/09\/creme-glacee-cookie-dough.html\" target=\"_blank\" rel=\"noopener\">Glace cookie dough<\/a><\/p>\n<p>Une <a href=\"http:\/\/www.affinite.fr\/index.php\/2022\/10\/22\/la-creme-glacee-la-nouvelle-culture-commerciale\/\">glace<\/a> bien gourmande et sans sorbeti\u00e8re<\/p>\n<div style=\"text-align: center;\">\n<div class=\"separator\" style=\"clear: both; text-align: center;\"><a href=\"https:\/\/www.iletaitunefoislapatisserie.com\/2015\/09\/creme-glacee-cookie-dough.html\" style=\"margin-left: 1em; margin-right: 1em;\"><img decoding=\"async\" alt=\"id\u00e9e-glace-sans-sorbeti\u00e8re\" border=\"0\" data-original-height=\"955\" data-original-width=\"652\" src=\"https:\/\/blogger.googleusercontent.com\/img\/b\/R29vZ2xl\/AVvXsEjL33G12IvQctKDqk-iwia12ytO_rJYWP4j6MObNsXWWWo4KOeL1wSaLCdzu7TtHWFNT3JmrL-6oqgRWekpw5SqIAWFRhr5m8-hJJOl4DYcjAJHDKyc0GmQFTPEJk2wNRjD0lWQQh6mPJv4lbode3yaQn_mDhUWezhy2nCPmNUMgnGN_3lRdmaU0hxh\/s16000\/creme-glacee-cookie.jpg\" title=\"glace sans sorbeti\u00e8re cookie dough\"\/><\/a><\/div>\n<p><\/div>\n<p style=\"text-align: center;\"><span class=\"acheter\"><a href=\"https:\/\/www.iletaitunefoislapatisserie.com\/2015\/09\/creme-glacee-cookie-dough.html\" target=\"_blank\" rel=\"noopener\">Voir la recette <i class=\"fa-light fa-cake-slice\"\/><\/a><\/span><\/p>\n<p>\u00a0<\/p>\n<h3 style=\"text-align: left;\">Id\u00e9e du dimanche<\/h3>\n<p><i class=\"fa-solid fa-circle-arrow-right\"\/> <a href=\"https:\/\/www.iletaitunefoislapatisserie.com\/2015\/08\/gateau-au-chocolat-courgette-sans-beurre.html\">G\u00e2teau chocolat courgette<\/a><\/p>\n<p>Une recette l\u00e9g\u00e8re ! Je vous rassure tout de suite, on ne sens absolument pas le go\u00fbt de la courgette. Elle sert \u00e0 remplacer le beurre.<\/p>\n<div class=\"separator\" style=\"clear: both; text-align: center;\">\n<div class=\"separator\" style=\"clear: both; text-align: center;\"><a href=\"https:\/\/www.iletaitunefoislapatisserie.com\/2015\/08\/gateau-au-chocolat-courgette-sans-beurre.html\" style=\"margin-left: 1em; margin-right: 1em;\"><img decoding=\"async\" alt=\"gateau-chocolat-courgette\" border=\"0\" data-original-height=\"1228\" data-original-width=\"1200\" src=\"https:\/\/blogger.googleusercontent.com\/img\/b\/R29vZ2xl\/AVvXsEjQX8tDGjCxFBizlNH4Ijn5n_Jl7huFNMuexSmCu8h3D3AorGZzEVxavc5bCeSOwG0ugSis54TcocdZv7BnqVPkXDVVMnFu8U5kVmUdrmKjElTImPKFFszff9lHLAz7YTKUARgvv0xFvCwOAOBqnSnAgY-HS4MG6f6g-AjJbX7SU34LBuc_ZbLGJ719\/s16000\/gateau-chocolat-courgette.jpg\" title=\"gateau chocolat courgette\"\/><\/a><\/div>\n<p><\/div>\n<p style=\"text-align: center;\"><span class=\"acheter\"><a href=\"https:\/\/www.iletaitunefoislapatisserie.com\/2015\/08\/gateau-au-chocolat-courgette-sans-beurre.html\" target=\"_blank\" rel=\"noopener\">Voir la recette <i class=\"fa-light fa-cake-slice\"\/><\/a><\/span><\/p>\n<p style=\"text-align: left;\">\u00a0<\/p>\n<p style=\"text-align: left;\">Rendez-vous la semaine prochaine et bon app\u00e9tit d&rsquo;ici l\u00e0 !<\/p>\n<p style=\"text-align: left;\">Retrouvez par ici toutes mes recettes avec les <a href=\"https:\/\/www.iletaitunefoislapatisserie.com\/2019\/08\/les-fruits-du-mois-daout-120-recettes.html\">fruits du mois d&rsquo;ao\u00fbt<\/a>.<\/p>\n<p style=\"text-align: left;\">\u00a0<\/p>\n<\/div>\n<p>[ad_2]<br \/>\n<br \/><a href=\"https:\/\/www.iletaitunefoislapatisserie.com\/2022\/08\/idees-patisserie-semaine-22-au-28-aout.html\">Source link <\/a><\/p>\n","protected":false},"excerpt":{"rendered":"<p>[ad_1] Voici 6 id\u00e9es p\u00e2tisserie pour la semaine du 12 au 28 ao\u00fbt. Des desserts de saison pour toutes les &hellip; <a href=\"http:\/\/www.affinite.fr\/index.php\/2022\/08\/23\/il-etait-une-fois-la-patisserie-170\/\" class=\"more-link\">Plus <span class=\"screen-reader-text\">Il \u00e9tait une fois la p\u00e2tisserie<\/span> <span class=\"meta-nav\">&rarr;<\/span><\/a><\/p>\n","protected":false},"author":1,"featured_media":8203,"comment_status":"","ping_status":"open","sticky":false,"template":"","format":"standard","meta":{"_sitemap_exclude":false,"_sitemap_priority":"","_sitemap_frequency":"","footnotes":""},"categories":[1],"tags":[],"class_list":["post-8202","post","type-post","status-publish","format-standard","has-post-thumbnail","hentry","category-tous"],"_links":{"self":[{"href":"http:\/\/www.affinite.fr\/index.php\/wp-json\/wp\/v2\/posts\/8202"}],"collection":[{"href":"http:\/\/www.affinite.fr\/index.php\/wp-json\/wp\/v2\/posts"}],"about":[{"href":"http:\/\/www.affinite.fr\/index.php\/wp-json\/wp\/v2\/types\/post"}],"author":[{"embeddable":true,"href":"http:\/\/www.affinite.fr\/index.php\/wp-json\/wp\/v2\/users\/1"}],"replies":[{"embeddable":true,"href":"http:\/\/www.affinite.fr\/index.php\/wp-json\/wp\/v2\/comments?post=8202"}],"version-history":[{"count":0,"href":"http:\/\/www.affinite.fr\/index.php\/wp-json\/wp\/v2\/posts\/8202\/revisions"}],"wp:featuredmedia":[{"embeddable":true,"href":"http:\/\/www.affinite.fr\/index.php\/wp-json\/wp\/v2\/media\/8203"}],"wp:attachment":[{"href":"http:\/\/www.affinite.fr\/index.php\/wp-json\/wp\/v2\/media?parent=8202"}],"wp:term":[{"taxonomy":"category","embeddable":true,"href":"http:\/\/www.affinite.fr\/index.php\/wp-json\/wp\/v2\/categories?post=8202"},{"taxonomy":"post_tag","embeddable":true,"href":"http:\/\/www.affinite.fr\/index.php\/wp-json\/wp\/v2\/tags?post=8202"}],"curies":[{"name":"wp","href":"https:\/\/api.w.org\/{rel}","templated":true}]}}