{"id":8200,"date":"2022-08-22T03:21:52","date_gmt":"2022-08-22T03:21:52","guid":{"rendered":"https:\/\/www.affinite.fr\/index.php\/2022\/08\/22\/ce-que-vous-ne-savez-pas-sur-le-trublion\/"},"modified":"2022-08-22T03:21:52","modified_gmt":"2022-08-22T03:21:52","slug":"ce-que-vous-ne-savez-pas-sur-le-trublion","status":"publish","type":"post","link":"http:\/\/www.affinite.fr\/index.php\/2022\/08\/22\/ce-que-vous-ne-savez-pas-sur-le-trublion\/","title":{"rendered":"ce que vous ne savez pas sur le trublion"},"content":{"rendered":"<p> [ad_1]<br \/>\n<br \/><img decoding=\"async\" src=\"https:\/\/img-3.journaldesfemmes.fr\/b3at4N9_6akP6b0rC44XmpWqps4=\/1280x\/smart\/12f374afff5842d5984f31dbbcc2d6ca\/ccmcms-jdf\/18013885.jpg\" \/><\/p>\n<p>\n                Joyeux anniversaire Patrice Laffont\u00a0! L&rsquo;illustre pr\u00e9sentateur qui a anim\u00e9 au fil des ann\u00e9es \u00ab\u00a0Fort Boyard\u00a0\u00bb, \u00ab\u00a0Des chiffres et des Lettres\u00a0\u00bb, ou encore \u00ab\u00a0Pyramides\u00a0\u00bb f\u00eate ses 83\u00a0ans ce 21\u00a0ao\u00fbt&#8230; et d\u00e9voile ses secrets.            <\/p>\n<div>\n<p><strong>N\u00e9 le 21 ao\u00fbt 1939 \u00e0 Marseille<\/strong>, <strong>Patrice Laffont est le fils de l&rsquo;\u00e9diteur<\/strong> <strong>Robert Laffont<\/strong>. Un environnement privil\u00e9gi\u00e9 dont il n&rsquo;a jamais souhait\u00e9 profiter.\u00a0<em>\u00ab\u00a0Je suis ce qu&rsquo;on pourrait appeler un fils de famille. Mon p\u00e8re est l&rsquo;\u00e9diteur Robert Laffont. J&rsquo;ai donc b\u00e9n\u00e9fici\u00e9 d&rsquo;une vie, d&rsquo;une atmosph\u00e8re confortables, et j&rsquo;aurais pu faire sans difficult\u00e9s une belle carri\u00e8re dans l&rsquo;\u00e9dition avec l&rsquo;aide de papa. Mais le probl\u00e8me, c&rsquo;est que je n&rsquo;avais pas envie qu&rsquo;on dise \u00ab\u00a0normal, c&rsquo;est le fils de\u2026\u00a0\u00bb. Orgueil de ma part, ou simplement envie de me prouver, mais j&rsquo;ai pr\u00e9f\u00e9r\u00e9 assumer mon propre destin\u00a0\u00bb, <\/em>a-t-il confi\u00e9 dans<em> l&rsquo;\u00c9cho r\u00e9publicain.<\/em><\/p>\n<h2><strong>Patrice Laffont, f<\/strong>an de t\u00e9l\u00e9\u00a0<\/h2>\n<p>Apr\u00e8s avoir fait les beaux jours de la t\u00e9l\u00e9 pendant des ann\u00e9es, l&rsquo;octog\u00e9naire profite d\u00e9sormais de son temps libre pour passer de l&rsquo;autre c\u00f4t\u00e9 du petit \u00e9cran.\u00a0Et Patrice Laffont\u00a0est un grand<strong> fan d&rsquo;\u00e9missions t\u00e9l\u00e9vis\u00e9es !\u00a0<\/strong><em>\u00ab\u00a0Je regarde toutes les nouvelles \u00e9missions pour me faire une id\u00e9e. Tout sauf la t\u00e9l\u00e9-r\u00e9alit\u00e9. <strong>Je regarde The Voice, Quotidien. J&rsquo;ai d\u00e9couvert Affaire Conclue avec ma copine <a href=\"https:\/\/www.journaldesfemmes.fr\/people\/personnalites\/2722233-sophie-davant\/\" title=\"Sophie Davant\">Sophie Davant<\/a>.<\/strong> J&rsquo;adore. D\u00e8s que je suis chez moi l&rsquo;apr\u00e8s-midi, je regarde. Le concept est bon. Le casting est formidable. J&rsquo;ai rencontre Pierre-Jean Chalen\u00e7on, car il est venu sur le Fort, je l&rsquo;ai f\u00e9licit\u00e9. C&rsquo;est vachement bien fait\u00a0\u00bb,\u00a0<\/em>a-t-il confi\u00e9 \u00e0 <em>T\u00e9l\u00e9-Loisirs<\/em>.\u00a0<\/p>\n<h2>Son dr\u00f4le de rituel<\/h2>\n<p>Animateur culte de <em>Fort Boyard<\/em> aux c\u00f4t\u00e9s de la jolie Sophie Davant, Patrice Laffont avait de dr\u00f4les d&rsquo;habitudes,\u00a0une fois les cam\u00e9ras \u00e9teintes. En effet, l&rsquo;animateur et sa comp\u00e8re s&rsquo;adonnaient \u00e0 un petit jeu&#8230; in\u00e9dit sur le Fort. <em>\u00ab\u00a0Fort Boyard, il y a de longs temps de latence (durant le tournage). <strong>Sophie et moi on faisait un esp\u00e8ce de petit jeu sportif qui s&rsquo;appelait chatte-couille<\/strong>. Il fallait que je lui touche ce que vous pensez et elle ce que je pense. Quand on se prenait par derri\u00e8re c&rsquo;\u00e9tait deux points etc&#8230; C&rsquo;\u00e9tait les championnats de France de chatte-couille\u00a0!\u00a0\u00bb<\/em><\/p>\n<h2>Panier perc\u00e9<\/h2>\n<p>Si Patrice Laffont a v\u00e9cu une vie riche d&rsquo;\u00e9missions t\u00e9l\u00e9visuelles phares (<em>Fort Boyard, Des chiffres et des Lettres, Pyramide<\/em>), ses ann\u00e9es de succ\u00e8s ont \u00e9t\u00e9 pauvres&#8230;\u00a0en \u00e9conomies. En effet, en 2019, \u00e0 l&rsquo;aube de ses 80 ans, le trublion du PAF avait r\u00e9v\u00e9l\u00e9 <strong>\u00eatre totalement sur la paille<\/strong>. <strong>\u00ab\u00a0<\/strong><em><strong>J&rsquo;ai gagn\u00e9 pas mal d&rsquo;argent m\u00eame si je n&rsquo;ai plus rien, car j&rsquo;ai tout d\u00e9pens\u00e9<\/strong>. Je suis une vraie cigale\u00a0\u00bb<\/em>, avait-il avou\u00e9 \u00e0 <em>T\u00e9l\u00e9-Loisirs<\/em>.<\/p>\n<h2>La femme de sa vie<\/h2>\n<p>Patrice Laffont est un homme heureux et amoureux. <strong>Mari\u00e9 \u00e0 sa femme Val\u00e9rie depuis 1996 avec qui il a une fille, Mathilde, 25\u00a0ans<\/strong>, le com\u00e9dien de 80 ans est plus combl\u00e9 que jamais.<br \/><strong>Malgr\u00e9 une s\u00e9paration <em>\u00ab\u00a0sans divorcer\u00a0\u00bb<\/em> il y a un an, les amoureux <em>\u00ab\u00a0refont toit commun\u00a0\u00bb<\/em> et filent \u00e0 nouveau le parfait amour&#8230;<\/strong> \u00ab\u00a0<i>\u00c7a se passe magnifiquement bien. On est mari\u00e9s depuis vingt-trois ans. (&#8230;) Val\u00e9rie est la femme de ma vie. On ne s&rsquo;est jamais quitt\u00e9 en quelque sorte. (&#8230;) <strong>Quand je l&rsquo;ai connue, elle avait 18\u00a0ans, et moi 40. <\/strong>J&rsquo;ai toujours \u00e9t\u00e9 avec des femmes plus jeunes\u00a0\u00bb, <\/i>avait-il r\u00e9v\u00e9l\u00e9 \u00e0 <i>Ici Paris.<\/i><\/p>\n<h2><strong>Patrice Laffont, d<\/strong>\u00e9test\u00e9 par Louis de Fun\u00e8s<\/h2>\n<p>En 1964, le papa d&rsquo;Axelle Laffont a fait une apparition au cin\u00e9ma dans le film culte\u00a0<strong><em>Le Gendarme de Saint-Tropez<\/em>,<\/strong> o\u00f9 il jouait le r\u00f4le de Jean-Luc, jeune play-boy s\u00e9ducteur de Nicole Cruchot, la fille du c\u00e9l\u00e8bre Ludovic Cruchot, incarn\u00e9 par Louis de Fun\u00e8s.<\/p>\n<p>S&rsquo;il a ador\u00e9 l&rsquo;exp\u00e9rience, Patrice Laffont ne s&rsquo;est pas fait que des amis durant le tournage&#8230; <em>\u00ab\u00a0On\u00a0leur a quand m\u00eame cass\u00e9 trois bagnoles de tournage, le film ne nous int\u00e9ressait pas trop, nous, tout ce qu&rsquo;on voulait, c&rsquo;\u00e9tait d\u00e9conner. <strong><a href=\"https:\/\/www.journaldesfemmes.fr\/people\/magazine\/2616787-alain-chabat-benjamin-griveaux\/2616941-patrice-laffont\">Et de Fun\u00e8s nous d\u00e9testait\u00a0!<\/a> <\/strong>Je vous le dis franchement, et on lui rendait bien\u00a0!\u00a0\u00bb,<\/em> a lanc\u00e9 l&rsquo;animateur dans <em>Vivement Dimanche<\/em>.<\/p>\n<h2><strong>Patrice Laffont : ses p<\/strong>\u00e9ch\u00e9s mignons<\/h2>\n<p>Le c\u00e9l\u00e8bre pr\u00e9sentateur \u00e0 l&rsquo;\u00e9nergie d\u00e9bordante est aussi un fin gourmet. <em>\u00ab\u00a0Gonfl\u00e9\u00a0\u00bb<\/em> par la nouvelle cuisine, rapporte\u00a0<em>France 3<\/em>, Patrice Laffont aime les recettes et vrais produits du terroir.\u00a0Ses\u00a0sp\u00e9cialit\u00e9s ?<strong> Le hachis parmentier et la fondue savoyarde\u00a0!\u00a0<\/strong><\/p>\n<h2>Parolier pour Michel Sardou<\/h2>\n<p>Avant de se lancer dans la t\u00e9l\u00e9vision, Patrice Laffont \u00e9tait <a href=\"https:\/\/www.journaldesfemmes.fr\/people\/magazine\/2579024-celine-dion-castaner-bernadette-chirac-michel-sardou-bb\/2580160-patrice-laffont\"><strong>parolier pour&#8230; Michel Sardou<\/strong><\/a>. C&rsquo;est dans les ann\u00e9es 1960, aux cours Furet, que les deux hommes se lient d&rsquo;amiti\u00e9, et Patrice \u00e9crit quelques titres\u00a0pour son ami, dont\u00a0<strong><i>Le Madras<\/i>.<\/strong>\u00a0<em>\u00ab\u00a0Michel est venu aux cours Furet avec Michel Fugain et comme j&rsquo;\u00e9tais une vedette du cours, je devais leur montrer une sc\u00e8ne. C&rsquo;est comme \u00e7a que je me suis retrouv\u00e9 \u00e0 \u00e9crire les dix premi\u00e8res chansons de Sardou et que Fugain en a compos\u00e9 la musique. Mais j&rsquo;ai vite arr\u00eat\u00e9, parce que je n&rsquo;ai pas pris le m\u00e9tier de parolier au s\u00e9rieux. J&rsquo;aurais d\u00fb\u2026 \u00ab\u00a0, <\/em>a-t-il r\u00e9v\u00e9l\u00e9 au <em>Parisien.<\/em><\/p>\n<\/p><\/div>\n<p>[ad_2]<br \/>\n<br \/><a href=\"https:\/\/www.journaldesfemmes.fr\/people\/personnalites\/2654247-patrice-laffont-83-ans\/\">Source link <\/a><\/p>\n","protected":false},"excerpt":{"rendered":"<p>[ad_1] Joyeux anniversaire Patrice Laffont\u00a0! L&rsquo;illustre pr\u00e9sentateur qui a anim\u00e9 au fil des ann\u00e9es \u00ab\u00a0Fort Boyard\u00a0\u00bb, \u00ab\u00a0Des chiffres et des &hellip; <a href=\"http:\/\/www.affinite.fr\/index.php\/2022\/08\/22\/ce-que-vous-ne-savez-pas-sur-le-trublion\/\" class=\"more-link\">Plus <span class=\"screen-reader-text\">ce que vous ne savez pas sur le trublion<\/span> <span class=\"meta-nav\">&rarr;<\/span><\/a><\/p>\n","protected":false},"author":1,"featured_media":8201,"comment_status":"","ping_status":"open","sticky":false,"template":"","format":"standard","meta":{"_sitemap_exclude":false,"_sitemap_priority":"","_sitemap_frequency":"","footnotes":""},"categories":[1],"tags":[],"class_list":["post-8200","post","type-post","status-publish","format-standard","has-post-thumbnail","hentry","category-tous"],"_links":{"self":[{"href":"http:\/\/www.affinite.fr\/index.php\/wp-json\/wp\/v2\/posts\/8200"}],"collection":[{"href":"http:\/\/www.affinite.fr\/index.php\/wp-json\/wp\/v2\/posts"}],"about":[{"href":"http:\/\/www.affinite.fr\/index.php\/wp-json\/wp\/v2\/types\/post"}],"author":[{"embeddable":true,"href":"http:\/\/www.affinite.fr\/index.php\/wp-json\/wp\/v2\/users\/1"}],"replies":[{"embeddable":true,"href":"http:\/\/www.affinite.fr\/index.php\/wp-json\/wp\/v2\/comments?post=8200"}],"version-history":[{"count":0,"href":"http:\/\/www.affinite.fr\/index.php\/wp-json\/wp\/v2\/posts\/8200\/revisions"}],"wp:featuredmedia":[{"embeddable":true,"href":"http:\/\/www.affinite.fr\/index.php\/wp-json\/wp\/v2\/media\/8201"}],"wp:attachment":[{"href":"http:\/\/www.affinite.fr\/index.php\/wp-json\/wp\/v2\/media?parent=8200"}],"wp:term":[{"taxonomy":"category","embeddable":true,"href":"http:\/\/www.affinite.fr\/index.php\/wp-json\/wp\/v2\/categories?post=8200"},{"taxonomy":"post_tag","embeddable":true,"href":"http:\/\/www.affinite.fr\/index.php\/wp-json\/wp\/v2\/tags?post=8200"}],"curies":[{"name":"wp","href":"https:\/\/api.w.org\/{rel}","templated":true}]}}