{"id":8190,"date":"2022-08-19T16:24:38","date_gmt":"2022-08-19T16:24:38","guid":{"rendered":"https:\/\/www.affinite.fr\/?p=8190"},"modified":"2022-08-19T16:24:39","modified_gmt":"2022-08-19T16:24:39","slug":"les-origines-du-macrame-mural","status":"publish","type":"post","link":"http:\/\/www.affinite.fr\/index.php\/2022\/08\/19\/les-origines-du-macrame-mural\/","title":{"rendered":"Les origines du macram\u00e9 mural"},"content":{"rendered":"\n<h1 class=\"wp-block-heading\">Les origines du macram\u00e9 mural.<\/h1>\n\n\n\n<p>Avant de parler de la provenance du macram\u00e9, il est important de rappeler le terme g\u00e9n\u00e9rique de ce dernier. Aujourd\u2019hui, le macram\u00e9 mural repr\u00e9sente une \u0153uvre d\u2019art ou plus pr\u00e9cis\u00e9ment un \u00e9l\u00e9ment de d\u00e9coration. Vous pouvez en trouver dans des styles totalement diff\u00e9rents. Il est constitu\u00e9 de corde de coton, les cordes sont tiss\u00e9es de mani\u00e8re \u00e0 r\u00e9aliser une forme tendance. C\u2019est d\u2019ailleurs gr\u00e2ce \u00e0 ses cordes de coton que le macram\u00e9 reste magnifique et perdure dans le temps.<\/p>\n\n\n\n<p>Place \u00e0 sa provenance, origine du macram\u00e9 est issu des familles arabes durant le 13e si\u00e8cle. Les moyens de ces familles \u00e9taient tr\u00e8s modestes. C\u2019est pourquoi, il fut facile d\u2019utiliser de la corde de coton pour cr\u00e9er quelque chose. Issue de leur production naturelle de coton, les femmes ont d\u00e9cid\u00e9 de cr\u00e9er des \u0153uvres originales et agr\u00e9ables pour leur petite maison. Au fil des ann\u00e9es, le macram\u00e9 devenu tendance et tr\u00e8s populaire. De cette mani\u00e8re, il prit une place pr\u00e9pond\u00e9rante dans les familles arabes du moment. Apr\u00e8s plusieurs si\u00e8cles, il reste pr\u00e9sent dans nos maisons et aujourd\u2019hui, il est un \u00e9l\u00e9ment de d\u00e9coration tendance et sympathique \u00e0 avoir chez soi.<\/p>\n\n\n\n<h2 class=\"wp-block-heading\">Un macram\u00e9 t\u00eate de lit pour votre chambre<\/h2>\n\n\n\n<p>Le macram\u00e9 est une \u0153uvre qui se diversifie \u00e9norm\u00e9ment. Il peut \u00eatre utilis\u00e9 sous diff\u00e9rentes formes, mais avez-vous d\u00e9j\u00e0 pens\u00e9 \u00e0 utiliser une t\u00eate de lit macram\u00e9 ? Tr\u00e8s en vogue de nos jours, il remplace les t\u00eates de lit classique pour donner son petit style.<\/p>\n\n\n\n<h2 class=\"wp-block-heading\">Quel style de d\u00e9coration apporte une t\u00eate de lit macram\u00e9 ?<\/h2>\n\n\n\n<p>Comment reconna\u00eetre un macram\u00e9 t\u00eate de lit ? Il n\u2019existe pas de r\u00e8gle bien pr\u00e9cise, malgr\u00e9 tout un macram\u00e9 t\u00eate de lit \u00e0 des dimensions importantes, il doit en toute logique recouvrir le haut de votre lit, mais comme dit pr\u00e9c\u00e9demment, il n\u2019y pas de codes bien d\u00e9termin\u00e9s pour cela, mais c\u2019est plut\u00f4t votre envie qui rentre en ligne de mire. De ce fait, trouver un macram\u00e9 mural de grande taille et utiliser le comme une\u00a0<a href=\"https:\/\/decoration-macrame.com\/collections\/macrame-mural-tete-de-lit\">t\u00eate de lit macram\u00e9<\/a>. Vous le verrez, le r\u00e9sultat vous \u00e9patera.<br><br><img loading=\"lazy\" decoding=\"async\" width=\"600\" height=\"604\" class=\"wp-image-8192\" style=\"width: 600px;\" src=\"https:\/\/www.affinite.fr\/wp-content\/uploads\/2022\/08\/f36b4f739836b56e8e799133d22a5f2e.png\" alt=\"\" srcset=\"http:\/\/www.affinite.fr\/wp-content\/uploads\/2022\/08\/f36b4f739836b56e8e799133d22a5f2e.png 444w, http:\/\/www.affinite.fr\/wp-content\/uploads\/2022\/08\/f36b4f739836b56e8e799133d22a5f2e-298x300.png 298w, http:\/\/www.affinite.fr\/wp-content\/uploads\/2022\/08\/f36b4f739836b56e8e799133d22a5f2e-150x150.png 150w\" sizes=\"(max-width: 600px) 100vw, 600px\" \/><\/p>\n\n\n\n<p>Le style de d\u00e9coration que vous avez mis en place dans votre chambre porte g\u00e9n\u00e9ralement un nom. Les teintes de vos peintures et les \u00e9l\u00e9ments de d\u00e9coration doivent d\u00e9finir un style bien particulier. Pour cela, il suffit de trouver le style que vous avez d\u00e9j\u00e0 en place et de trouver un macram\u00e9 mural g\u00e9ant du m\u00eame type. Mais vous n&rsquo;\u00eates pas oblig\u00e9e de respecter cette r\u00e8gle, vous avez aussi la possibilit\u00e9 de prendre un macram\u00e9 que vous trouvez tout simplement jolie pour d\u00e9corer votre chambre. \u00c0 vrai dire, il n\u2019existe aucune r\u00e8gle pour cela, seulement des conseils pour \u00e9viter une erreur de go\u00fbt. Mais rappelons le, si le macram\u00e9 vous convient, c\u2019est donc l\u2019essentiel.<\/p>\n\n\n\n<p>N\u2019h\u00e9sitez plus et lancez vous soit dans la cr\u00e9ation d\u2019un macram\u00e9 mural t\u00eate de lit ou dans son achat. Mais allez y lancez vous, vous ne regretterez pas votre achat. Nous vous le garantissons.<br><br><img loading=\"lazy\" decoding=\"async\" width=\"600\" height=\"604\" class=\"wp-image-8191\" style=\"width: 600px;\" src=\"https:\/\/www.affinite.fr\/wp-content\/uploads\/2022\/08\/aedabec4157731a11f078af0a701a10b.jpg\" alt=\"\" srcset=\"http:\/\/www.affinite.fr\/wp-content\/uploads\/2022\/08\/aedabec4157731a11f078af0a701a10b.jpg 444w, http:\/\/www.affinite.fr\/wp-content\/uploads\/2022\/08\/aedabec4157731a11f078af0a701a10b-298x300.jpg 298w, http:\/\/www.affinite.fr\/wp-content\/uploads\/2022\/08\/aedabec4157731a11f078af0a701a10b-150x150.jpg 150w\" sizes=\"(max-width: 600px) 100vw, 600px\" \/><\/p>\n","protected":false},"excerpt":{"rendered":"<p>Les origines du macram\u00e9 mural. Avant de parler de la provenance du macram\u00e9, il est important de rappeler le terme &hellip; <a href=\"http:\/\/www.affinite.fr\/index.php\/2022\/08\/19\/les-origines-du-macrame-mural\/\" class=\"more-link\">Plus <span class=\"screen-reader-text\">Les origines du macram\u00e9 mural<\/span> <span class=\"meta-nav\">&rarr;<\/span><\/a><\/p>\n","protected":false},"author":1,"featured_media":0,"comment_status":"closed","ping_status":"open","sticky":false,"template":"","format":"standard","meta":{"_sitemap_exclude":false,"_sitemap_priority":"","_sitemap_frequency":"","footnotes":""},"categories":[1],"tags":[],"class_list":["post-8190","post","type-post","status-publish","format-standard","hentry","category-tous"],"_links":{"self":[{"href":"http:\/\/www.affinite.fr\/index.php\/wp-json\/wp\/v2\/posts\/8190"}],"collection":[{"href":"http:\/\/www.affinite.fr\/index.php\/wp-json\/wp\/v2\/posts"}],"about":[{"href":"http:\/\/www.affinite.fr\/index.php\/wp-json\/wp\/v2\/types\/post"}],"author":[{"embeddable":true,"href":"http:\/\/www.affinite.fr\/index.php\/wp-json\/wp\/v2\/users\/1"}],"replies":[{"embeddable":true,"href":"http:\/\/www.affinite.fr\/index.php\/wp-json\/wp\/v2\/comments?post=8190"}],"version-history":[{"count":1,"href":"http:\/\/www.affinite.fr\/index.php\/wp-json\/wp\/v2\/posts\/8190\/revisions"}],"predecessor-version":[{"id":8193,"href":"http:\/\/www.affinite.fr\/index.php\/wp-json\/wp\/v2\/posts\/8190\/revisions\/8193"}],"wp:attachment":[{"href":"http:\/\/www.affinite.fr\/index.php\/wp-json\/wp\/v2\/media?parent=8190"}],"wp:term":[{"taxonomy":"category","embeddable":true,"href":"http:\/\/www.affinite.fr\/index.php\/wp-json\/wp\/v2\/categories?post=8190"},{"taxonomy":"post_tag","embeddable":true,"href":"http:\/\/www.affinite.fr\/index.php\/wp-json\/wp\/v2\/tags?post=8190"}],"curies":[{"name":"wp","href":"https:\/\/api.w.org\/{rel}","templated":true}]}}