{"id":8173,"date":"2022-08-16T02:27:03","date_gmt":"2022-08-16T02:27:03","guid":{"rendered":"https:\/\/www.affinite.fr\/index.php\/2022\/08\/16\/il-etait-une-fois-la-patisserie-168\/"},"modified":"2022-08-16T02:27:03","modified_gmt":"2022-08-16T02:27:03","slug":"il-etait-une-fois-la-patisserie-168","status":"publish","type":"post","link":"http:\/\/www.affinite.fr\/index.php\/2022\/08\/16\/il-etait-une-fois-la-patisserie-168\/","title":{"rendered":"Il \u00e9tait une fois la p\u00e2tisserie"},"content":{"rendered":"<p> [ad_1]<br \/>\n<\/p>\n<div id=\"post-body-4841680485750735134\" itemprop=\"articleBody\">\n<p>Voici 6 id\u00e9es p\u00e2tisserie pour la <span style=\"font-size: large;\"><b>semaine du 15 au 21 ao\u00fbt<\/b><\/span>. Des desserts de saison pour toutes les occasions !<\/p>\n<p>\u00a0<\/p>\n<div class=\"separator\" style=\"clear: both; text-align: center;\"><a href=\"https:\/\/www.iletaitunefoislapatisserie.com\/2022\/08\/idees-recettes-de-la-semaine.html\" imageanchor=\"1\" style=\"margin-left: 1em; margin-right: 1em;\"><img decoding=\"async\" alt=\"patisseries-semaine\" border=\"0\" data-original-height=\"960\" data-original-width=\"1200\" src=\"https:\/\/blogger.googleusercontent.com\/img\/b\/R29vZ2xl\/AVvXsEglwJxmtYk71GUTQSaftAG-qAeWuWSBe9LpjX614FMoPgoPHJkv6pCDFPLcYU0p-_s-nGGtOs4LSe-v68rCigQXmmQzHOaT4YmA7nYpv515zi9z4BMXMzhxEpth5hEerJaN4rNvPQ-LuvLSnKp2LdxtsOtU6bvjAV79LT5v5KGt8tDrGJM4fv3aOZH0\/s16000\/Patisseries-de-la-semaine-15-aout.jpg\" title=\"p\u00e2tisseries de la semaine\"\/><\/a><\/div>\n<p><span><a name=\"more\"\/><\/span><\/p>\n<h3 style=\"text-align: left;\">Id\u00e9e du petit-d\u00e9jeuner<\/h3>\n<p><i class=\"fa-solid fa-circle-arrow-right\"\/>\u00a0<a href=\"https:\/\/www.iletaitunefoislapatisserie.com\/2014\/09\/brioches-a-tete.html\" target=\"_blank\" rel=\"noopener\">Brioches \u00e0 t\u00eate<\/a><\/p>\n<p>Des brioches l\u00e9g\u00e8res et dor\u00e9es<\/p>\n<div style=\"text-align: center;\"><a href=\"https:\/\/www.iletaitunefoislapatisserie.com\/2014\/09\/brioches-a-tete.html\" style=\"margin-left: 1em; margin-right: 1em;\" target=\"_blank\" rel=\"noopener\"><img decoding=\"async\" alt=\"menu-semaine-patisserie\" border=\"0\" data-original-height=\"882\" data-original-width=\"652\" src=\"https:\/\/blogger.googleusercontent.com\/img\/b\/R29vZ2xl\/AVvXsEiOEipHUrrNI96NR3g7E9fPxtukXO9w0-10jU400DeQPoVF6G9fMAk2kge41BV5quwgEUG6Pa9Pnu0zBuwML68Rtm49Dt9FzMXMAsPtf26w7hX_U5ezF5Tyl06kRk6t7DzHXxucpy5tcavAhprTtEkYNLi1Rh8-L03_TQEwxMtblHVqOHA1UsF0oAVr\/s16000\/brioche-sucr%C3%A9e.jpg\" title=\"menu de la semaine patisserie\"\/><\/a><\/div>\n<p style=\"text-align: center;\"><span class=\"acheter\"><a href=\"https:\/\/www.iletaitunefoislapatisserie.com\/2014\/09\/brioches-a-tete.html\" target=\"_blank\" rel=\"noopener\">Voir la recette <i class=\"fa-light fa-cake-slice\"\/><\/a><\/span><\/p>\n<p style=\"text-align: left;\">\u00a0<\/p>\n<h3 style=\"text-align: left;\">Id\u00e9e \u00e0 grignoter <br \/><\/h3>\n<p><i class=\"fa-solid fa-circle-arrow-right\"\/> <a href=\"https:\/\/www.iletaitunefoislapatisserie.com\/2018\/09\/biscuits-confiture.html\" target=\"_blank\" rel=\"noopener\">Biscuits confiture<\/a><\/p>\n<p>Si vous avez fait des confitures cet \u00e9t\u00e9<\/p>\n<p>\u00a0<\/p>\n<div style=\"text-align: center;\"><a href=\"https:\/\/www.iletaitunefoislapatisserie.com\/2018\/09\/biscuits-confiture.html\" style=\"margin-left: 1em; margin-right: 1em;\" target=\"_blank\" rel=\"noopener\"><img decoding=\"async\" alt=\"biscuits \u00e9t\u00e9\" border=\"0\" data-original-height=\"528\" data-original-width=\"650\" src=\"https:\/\/blogger.googleusercontent.com\/img\/b\/R29vZ2xl\/AVvXsEjuXsJTAQE2cCKGeh5GcX8Dwc7UKUvaMSBfKcris7x4EW1SO4kQVb95GRkJCpSi_sbgo7eiIF3gjPBz9-rfpLqzenBt2_PQQCJIYd2qxERwYO3td0KZRQOTpGO4WdMszNEF2E5_iSuTb35UXf4zcVaaa8gSxO4G34FCxAke8NdkfgxMGGtAoUsUhkkX\/s16000\/biscuits-confiture-sucre-coco.jpg\" title=\"biscuits d'\u00e9t\u00e9\"\/><\/a><\/div>\n<p style=\"text-align: center;\"><span class=\"acheter\"><a href=\"https:\/\/www.iletaitunefoislapatisserie.com\/2018\/09\/biscuits-confiture.html\" target=\"_blank\" rel=\"noopener\">Voir la recette <i class=\"fa-light fa-cake-slice\"\/><\/a><\/span><\/p>\n<p>\u00a0<\/p>\n<h3 style=\"text-align: left;\">Id\u00e9e du go\u00fbter<\/h3>\n<p><i class=\"fa-solid fa-circle-arrow-right\"\/> <a href=\"https:\/\/www.iletaitunefoislapatisserie.com\/2018\/09\/recette-des-churros-ou-chichis-sans-machine.html\">Churros<\/a><\/p>\n<p>Indispensables en \u00e9t\u00e9 !<a href=\"https:\/\/www.iletaitunefoislapatisserie.com\/2022\/08\/14-recettes-de-gouters-pour-la-plage.html\"\/><\/p>\n<div style=\"text-align: center;\"><a href=\"https:\/\/www.iletaitunefoislapatisserie.com\/2018\/09\/recette-des-churros-ou-chichis-sans-machine.html\" style=\"margin-left: 1em; margin-right: 1em;\"><img decoding=\"async\" alt=\"idee-gouter-ete\" border=\"0\" data-original-height=\"433\" data-original-width=\"650\" src=\"https:\/\/blogger.googleusercontent.com\/img\/b\/R29vZ2xl\/AVvXsEiulfCkO78Ad0kz4QrBn846TQdrDSWT6l5oefncyoBqARs8Qfq3rGKVaiwmxz4XG3uN6fzRQZ8PBjHSgui4WANPBguUTF3vEfyzqPKw8u4BlwKm_UyRAn4_YxNBGoo8TnFTXQu0R8xRxNPNDt7cCue_K9IB6msf6MUXgJz6P3k4jzAPlEcdb5-Kui_B\/s16000\/churros-sans-machine.jpg\" title=\"id\u00e9e du gouter pour l'\u00e9t\u00e9\"\/><\/a><\/div>\n<p style=\"text-align: center;\"><span class=\"acheter\"><a href=\"https:\/\/www.iletaitunefoislapatisserie.com\/2018\/09\/recette-des-churros-ou-chichis-sans-machine.html\">Voir la recette <i class=\"fa-light fa-cake-slice\"\/><\/a><\/span><\/p>\n<p style=\"text-align: left;\">\u00a0<\/p>\n<h3 style=\"text-align: left;\">Id\u00e9e de g\u00e2teau d&rsquo;anniversaire<\/h3>\n<p><i class=\"fa-solid fa-circle-arrow-right\"\/>\u00a0<a href=\"https:\/\/www.iletaitunefoislapatisserie.com\/2020\/09\/tarte-amande-et-myrtilles.html\">Tarte amande myrtilles<\/a><\/p>\n<p>Pas un g\u00e2teau mais une tarte bien fruit\u00e9e et de saison !<\/p>\n<div class=\"separator\" style=\"clear: both; text-align: center;\"><a href=\"https:\/\/www.iletaitunefoislapatisserie.com\/2020\/09\/tarte-amande-et-myrtilles.html\" imageanchor=\"1\" style=\"margin-left: 1em; margin-right: 1em;\" target=\"_blank\" rel=\"noopener\"><img decoding=\"async\" alt=\"tarte-myrtilles-aout\" border=\"0\" data-original-height=\"987\" data-original-width=\"650\" src=\"https:\/\/blogger.googleusercontent.com\/img\/b\/R29vZ2xl\/AVvXsEge58X89Nahc7oC6XoA0ptUlcYWpVn3H1K5UwXcOoK7SQizfKUuw_kJA4KQwU3zft8kcDtb50kzkpWnc_1rXhV8nzJwgjb5ywh4TJIcES1KeZpN5IuDHOnHTuOFe8Tf7l6UUtcGbKBtRWYdb8Fi9H57CN9Ptr3mp1d1gqxb5J5hymB3E3kOADpQdZue\/s16000\/tarte-myrtille-amande.jpg\" title=\"tarte du mois d'aout\"\/><\/a><\/div>\n<p style=\"text-align: center;\"><span class=\"acheter\"><a href=\"https:\/\/www.iletaitunefoislapatisserie.com\/2020\/09\/tarte-amande-et-myrtilles.html\" target=\"_blank\" rel=\"noopener\">Voir la recette <i class=\"fa-light fa-cake-slice\"\/><\/a><\/span><\/p>\n<p style=\"text-align: left;\">\u00a0<\/p>\n<h3 style=\"text-align: left;\">Id\u00e9e de saison<\/h3>\n<p><i class=\"fa-solid fa-circle-arrow-right\"\/>\u00a0<a href=\"https:\/\/www.iletaitunefoislapatisserie.com\/2018\/08\/sorbet-melon-maison-facile.html\" target=\"_blank\" rel=\"noopener\">Sorbet melon<\/a><\/p>\n<p>Un <a href=\"http:\/\/www.affinite.fr\/index.php\/2022\/11\/09\/formation-de-glacier-apprenez-le-metier-de-glacier-et-changez-votre-vie\/\">sorbet<\/a> super rafraichissant !<\/p>\n<div style=\"text-align: center;\"><a href=\"https:\/\/www.iletaitunefoislapatisserie.com\/2018\/08\/sorbet-melon-maison-facile.html\" target=\"_blank\" rel=\"noopener\"><img decoding=\"async\" alt=\"sorbet-melon\" border=\"0\" data-original-height=\"975\" data-original-width=\"650\" src=\"https:\/\/blogger.googleusercontent.com\/img\/b\/R29vZ2xl\/AVvXsEgIeQOrMfHVR05JRai0fHPUQE5ZTotP7oxT14vemhgAjPIckHECWLOrFsQRJpyExn9dtF9-Ebl53K-AsmXWEMP_PEWVku1ujRrzRYvmW6YefTxDhk3A144Hw1Ai4I_LWXvl34CSQIH5W4HBOCBa9hwADlxZrkdX1IuHkKvvb9OfLxGGtPjeXgEUigF0\/s16000\/sorbet-melon-facile.jpg\" title=\"id\u00e9e recette sorbet\"\/><\/a><\/div>\n<p style=\"text-align: center;\"><span class=\"acheter\"><a href=\"https:\/\/www.iletaitunefoislapatisserie.com\/2018\/08\/sorbet-melon-maison-facile.html\" target=\"_blank\" rel=\"noopener\">Voir la recette <i class=\"fa-light fa-cake-slice\"\/><\/a><\/span><\/p>\n<p>\u00a0<\/p>\n<h3 style=\"text-align: left;\">Id\u00e9e du dimanche<\/h3>\n<p><i class=\"fa-solid fa-circle-arrow-right\"\/> <a href=\"https:\/\/www.iletaitunefoislapatisserie.com\/2020\/05\/pasteis-de-nata-recette-portugaise.html\">Pasteis de nata<\/a><\/p>\n<p>Une recette portugaise pleine de soleil !<\/p>\n<div class=\"separator\" style=\"clear: both; text-align: center;\"><a href=\"https:\/\/www.iletaitunefoislapatisserie.com\/2020\/05\/pasteis-de-nata-recette-portugaise.html\" imageanchor=\"1\" style=\"margin-left: 1em; margin-right: 1em;\" target=\"_blank\" rel=\"noopener\"><img decoding=\"async\" alt=\"pasteis-de-nata-patisserie-de-la-semaine\" border=\"0\" data-original-height=\"982\" data-original-width=\"650\" src=\"https:\/\/blogger.googleusercontent.com\/img\/b\/R29vZ2xl\/AVvXsEhp75irO-Gi9Zz9Ox9VxoW8lk4wnoauJLMrBfgMSxgDWYzCCPa8q5dcfHqmYzqqwzIo99zEAo1-OeVXDoyPcWFmK2yHEYAALpRgudRr_iYicR3_WRQLiZzEjaeiOF1bLgLVHcf2TjfICI-PhDVDKtqg3F6WWEY73D2twLOe3-CLU3yIMv_jpqWZb870\/s16000\/pastel-de-nata.jpg\" title=\"patisserie de la semaine aout\"\/><\/a><\/div>\n<p style=\"text-align: center;\"><span class=\"acheter\"><a href=\"https:\/\/www.iletaitunefoislapatisserie.com\/2020\/05\/pasteis-de-nata-recette-portugaise.html\" target=\"_blank\" rel=\"noopener\">Voir la recette <i class=\"fa-light fa-cake-slice\"\/><\/a><\/span><\/p>\n<p style=\"text-align: left;\">\u00a0<\/p>\n<p style=\"text-align: left;\">Rendez-vous la semaine prochaine et bon app\u00e9tit d&rsquo;ici l\u00e0 !<\/p>\n<p style=\"text-align: left;\">Retrouvez par ici toutes mes recettes avec les <a href=\"https:\/\/www.iletaitunefoislapatisserie.com\/2019\/08\/les-fruits-du-mois-daout-120-recettes.html\">fruits du mois d&rsquo;ao\u00fbt<\/a>.<\/p>\n<p style=\"text-align: left;\">\u00a0<\/p>\n<\/div>\n<p>[ad_2]<br \/>\n<br \/><a href=\"https:\/\/www.iletaitunefoislapatisserie.com\/2022\/08\/idees-recettes-de-la-semaine.html\">Source link <\/a><\/p>\n","protected":false},"excerpt":{"rendered":"<p>[ad_1] Voici 6 id\u00e9es p\u00e2tisserie pour la semaine du 15 au 21 ao\u00fbt. Des desserts de saison pour toutes les &hellip; <a href=\"http:\/\/www.affinite.fr\/index.php\/2022\/08\/16\/il-etait-une-fois-la-patisserie-168\/\" class=\"more-link\">Plus <span class=\"screen-reader-text\">Il \u00e9tait une fois la p\u00e2tisserie<\/span> <span class=\"meta-nav\">&rarr;<\/span><\/a><\/p>\n","protected":false},"author":1,"featured_media":8174,"comment_status":"","ping_status":"open","sticky":false,"template":"","format":"standard","meta":{"_sitemap_exclude":false,"_sitemap_priority":"","_sitemap_frequency":"","footnotes":""},"categories":[1],"tags":[],"class_list":["post-8173","post","type-post","status-publish","format-standard","has-post-thumbnail","hentry","category-tous"],"_links":{"self":[{"href":"http:\/\/www.affinite.fr\/index.php\/wp-json\/wp\/v2\/posts\/8173"}],"collection":[{"href":"http:\/\/www.affinite.fr\/index.php\/wp-json\/wp\/v2\/posts"}],"about":[{"href":"http:\/\/www.affinite.fr\/index.php\/wp-json\/wp\/v2\/types\/post"}],"author":[{"embeddable":true,"href":"http:\/\/www.affinite.fr\/index.php\/wp-json\/wp\/v2\/users\/1"}],"replies":[{"embeddable":true,"href":"http:\/\/www.affinite.fr\/index.php\/wp-json\/wp\/v2\/comments?post=8173"}],"version-history":[{"count":0,"href":"http:\/\/www.affinite.fr\/index.php\/wp-json\/wp\/v2\/posts\/8173\/revisions"}],"wp:featuredmedia":[{"embeddable":true,"href":"http:\/\/www.affinite.fr\/index.php\/wp-json\/wp\/v2\/media\/8174"}],"wp:attachment":[{"href":"http:\/\/www.affinite.fr\/index.php\/wp-json\/wp\/v2\/media?parent=8173"}],"wp:term":[{"taxonomy":"category","embeddable":true,"href":"http:\/\/www.affinite.fr\/index.php\/wp-json\/wp\/v2\/categories?post=8173"},{"taxonomy":"post_tag","embeddable":true,"href":"http:\/\/www.affinite.fr\/index.php\/wp-json\/wp\/v2\/tags?post=8173"}],"curies":[{"name":"wp","href":"https:\/\/api.w.org\/{rel}","templated":true}]}}