{"id":8171,"date":"2022-08-15T21:30:36","date_gmt":"2022-08-15T21:30:36","guid":{"rendered":"https:\/\/www.affinite.fr\/index.php\/2022\/08\/15\/a-paris-une-maison-de-ville-qui-fleure-bon-la-campagne-2\/"},"modified":"2022-08-15T21:30:36","modified_gmt":"2022-08-15T21:30:36","slug":"a-paris-une-maison-de-ville-qui-fleure-bon-la-campagne-2","status":"publish","type":"post","link":"http:\/\/www.affinite.fr\/index.php\/2022\/08\/15\/a-paris-une-maison-de-ville-qui-fleure-bon-la-campagne-2\/","title":{"rendered":"A Paris, une maison de ville qui fleure bon la campagne"},"content":{"rendered":"<p> [ad_1]<br \/>\n<br \/><img decoding=\"async\" src=\"https:\/\/www.maison.com\/images\/medias\/000\/054\/000054871\/200.jpg\" \/><\/p>\n<div itemprop=\"articleBody\">\n<p>\n  <strong>Une restauration totale<\/strong>\n<\/p>\n<p>\n  Donnant sur une rue pav\u00e9e typique du quartier le plus romantique de Paris, <strong>cette maison, jadis inhabit\u00e9e, a \u00e9t\u00e9 compl\u00e8tement r\u00e9nov\u00e9e et exploit\u00e9e sur ces trois niveaux pour offrir une surface totale de 260 m\u00b2.<\/strong> Au premier niveau, le volume du rez-de-chauss\u00e9e a \u00e9t\u00e9 agrandi, gr\u00e2ce \u00e0 l\u2019implantation d\u2019une v\u00e9randa en aluminium enti\u00e8rement vitr\u00e9e qui accentue la profondeur de l\u2019espace, travaill\u00e9 en longueur, et qui offre d\u00e9sormais une surface de 77 m\u00b2. Au premier \u00e9tage, une surface de 56 m\u00b2 a \u00e9t\u00e9 am\u00e9nag\u00e9e et, <strong>sous les toits, 30 m\u00b2 ont pu encore \u00eatre r\u00e9habilit\u00e9s.<\/strong>\u00a0\u00a0\n<\/p>\n<p>\n  <strong>Des mat\u00e9riaux authentiques<\/strong>\n<\/p>\n<p>\n  <strong>Parquet en ch\u00eane<\/strong> massif \u00e0 lames larges, <strong>carreaux ciment au d\u00e9cor des ann\u00e9es 1920,<\/strong> carrelage fa\u00e7on carreaux m\u00e9tro, murs en brique chaleureux, on se croit en Province, loin du milieu urbain et d\u2019un contexte citadin. Cette atmosph\u00e8re est renforc\u00e9e par la v\u00e9g\u00e9tation qui entoure la maison d\u2019un cocon protecteur. Quant au mobilier et \u00e0 la d\u00e9coration, ils m\u00ealent des r\u00e9\u00e9ditions d\u2019ancien comme les <strong>luminaires Formes Noires de Serge Mouille,<\/strong> cr\u00e9\u00e9s dans les ann\u00e9es 1950, et des \u00e9l\u00e9ments de brocante dans un esprit vintage. Notamment, une <strong>magnifique collection de carafes<\/strong> en verre et cristal, int\u00e9gr\u00e9e dans une vitrine, s\u00e9pare la cuisine du coin repas. Tandis que <strong>les ouvertures, fa\u00e7on atelier d\u2019artiste,<\/strong> renouant avec les origines de la place du Tertre, rendent hommage \u00e0 l\u2019histoire de ce quartier mythique parisien.\n<\/p>\n<p>\n  <strong>Une v\u00e9g\u00e9tation omnipr\u00e9sente<\/strong>\n<\/p>\n<p>\n  La cour, autrefois d\u00e9laiss\u00e9e, a \u00e9t\u00e9 enti\u00e8rement replant\u00e9e comme <strong>un jardin de ville avec des arbustes et massifs foisonnants<\/strong> qui font oublier l\u2019environnement urbain dense. Ils repoussent les perspectives et agrandissent la profondeur de l\u2019espace int\u00e9rieur et ext\u00e9rieur, aux limites devenues floues. Dans la v\u00e9randa transparente, la v\u00e9g\u00e9tation compose ainsi un \u00e9crin isolant et protecteur qui permet aux occupants d\u2019oublier la densit\u00e9 urbaine.\n<\/p>\n<p>\n  <strong>Contact\u00a0:<\/strong> <a href=\"http:\/\/www.camillearchitectures.com\/\"><strong>www.camillearchitectures.com<\/strong><\/a>\u00a0\n<\/p>\n<\/p><\/div>\n<p><script async defer crossorigin=\"anonymous\" src=\"https:\/\/connect.facebook.net\/fr_FR\/sdk.js#xfbml=1&#038;version=v6.0&#038;appId=252025098257546&#038;autoLogAppEvents=1\"><\/script><br \/>\n<br \/>[ad_2]<br \/>\n<br \/><a href=\"https:\/\/www.maison.com\/architecture\/interieur\/paris-maison-ville-qui-fleure-bon-campagne-9736\/\">Source link <\/a><\/p>\n","protected":false},"excerpt":{"rendered":"<p>[ad_1] Une restauration totale Donnant sur une rue pav\u00e9e typique du quartier le plus romantique de Paris, cette maison, jadis &hellip; <a href=\"http:\/\/www.affinite.fr\/index.php\/2022\/08\/15\/a-paris-une-maison-de-ville-qui-fleure-bon-la-campagne-2\/\" class=\"more-link\">Plus <span class=\"screen-reader-text\">A Paris, une maison de ville qui fleure bon la campagne<\/span> <span class=\"meta-nav\">&rarr;<\/span><\/a><\/p>\n","protected":false},"author":1,"featured_media":8172,"comment_status":"","ping_status":"open","sticky":false,"template":"","format":"standard","meta":{"_sitemap_exclude":false,"_sitemap_priority":"","_sitemap_frequency":"","footnotes":""},"categories":[1],"tags":[],"class_list":["post-8171","post","type-post","status-publish","format-standard","has-post-thumbnail","hentry","category-tous"],"_links":{"self":[{"href":"http:\/\/www.affinite.fr\/index.php\/wp-json\/wp\/v2\/posts\/8171"}],"collection":[{"href":"http:\/\/www.affinite.fr\/index.php\/wp-json\/wp\/v2\/posts"}],"about":[{"href":"http:\/\/www.affinite.fr\/index.php\/wp-json\/wp\/v2\/types\/post"}],"author":[{"embeddable":true,"href":"http:\/\/www.affinite.fr\/index.php\/wp-json\/wp\/v2\/users\/1"}],"replies":[{"embeddable":true,"href":"http:\/\/www.affinite.fr\/index.php\/wp-json\/wp\/v2\/comments?post=8171"}],"version-history":[{"count":0,"href":"http:\/\/www.affinite.fr\/index.php\/wp-json\/wp\/v2\/posts\/8171\/revisions"}],"wp:featuredmedia":[{"embeddable":true,"href":"http:\/\/www.affinite.fr\/index.php\/wp-json\/wp\/v2\/media\/8172"}],"wp:attachment":[{"href":"http:\/\/www.affinite.fr\/index.php\/wp-json\/wp\/v2\/media?parent=8171"}],"wp:term":[{"taxonomy":"category","embeddable":true,"href":"http:\/\/www.affinite.fr\/index.php\/wp-json\/wp\/v2\/categories?post=8171"},{"taxonomy":"post_tag","embeddable":true,"href":"http:\/\/www.affinite.fr\/index.php\/wp-json\/wp\/v2\/tags?post=8171"}],"curies":[{"name":"wp","href":"https:\/\/api.w.org\/{rel}","templated":true}]}}