{"id":8161,"date":"2022-08-13T09:20:27","date_gmt":"2022-08-13T09:20:27","guid":{"rendered":"https:\/\/www.affinite.fr\/index.php\/2022\/08\/13\/demain-nous-appartient-manon-nordine-charlie-et-bart-en-danger-dans-la-prochaine-intrigue-news-series-a-la-tv\/"},"modified":"2022-08-13T09:20:27","modified_gmt":"2022-08-13T09:20:27","slug":"demain-nous-appartient-manon-nordine-charlie-et-bart-en-danger-dans-la-prochaine-intrigue-news-series-a-la-tv","status":"publish","type":"post","link":"http:\/\/www.affinite.fr\/index.php\/2022\/08\/13\/demain-nous-appartient-manon-nordine-charlie-et-bart-en-danger-dans-la-prochaine-intrigue-news-series-a-la-tv\/","title":{"rendered":"Demain nous appartient : Manon, Nordine, Charlie et Bart en danger dans la prochaine intrigue &#8211; News S\u00e9ries \u00e0 la TV"},"content":{"rendered":"<p> [ad_1]<br \/>\n<br \/><img decoding=\"async\" src=\"http:\/\/fr.web.img4.acsta.net\/newsv7\/22\/08\/12\/18\/41\/2019361.jpg\" \/><\/p>\n<p>Dans les prochains \u00e9pisodes de \u00ab\u00a0Demain nous appartient\u00a0\u00bb, un myst\u00e9rieux braqueur au masque de clown va semer la terreur dans les rues de S\u00e8te. Et autant dire qu\u2019il va donner du fil \u00e0 retordre \u00e0 la police\u00a0!<\/p>\n<div id=\"article-content\">\n<figure class=\"player player-auto-play js-player\" data-model=\"{&quot;videos&quot;:[{&quot;id&quot;:19593665,&quot;idDailymotion&quot;:&quot;x8a34aa&quot;,&quot;sources&quot;:{&quot;high&quot;:&quot;https:\/\/fr.vid.web.acsta.net\/nmedia\/33\/21\/08\/27\/14\/19593665_hd_013.mp4&quot;,&quot;low&quot;:&quot;https:\/\/fr.vid.web.acsta.net\/nmedia\/33\/21\/08\/27\/14\/19593665_l_013.mp4&quot;,&quot;medium&quot;:&quot;https:\/\/fr.vid.web.acsta.net\/nmedia\/33\/21\/08\/27\/14\/19593665_m_013.mp4&quot;,&quot;standard&quot;:&quot;https:\/\/fr.vid.web.acsta.net\/nmedia\/33\/21\/08\/27\/14\/19593665_sd_013.mp4&quot;},&quot;image&quot;:&quot;\/videothumbnails\/21\/08\/27\/10\/32\/2056037.jpg&quot;,&quot;title&quot;:&quot;Demain nous appartient - saison 5 Gu00e9nu00e9rique VF&quot;,&quot;trackingIdentifier&quot;:&quot;19593665-demain_nous_appartient_saison_5_generique_vf&quot;,&quot;embedUrl&quot;:&quot;ACraHRACr0cHM6Ly9wbGF5ZXIuYWxsb2NpbmUuZnIvMTk1OTM2NjUuaHRtbA==&quot;,&quot;file_type&quot;:&quot;CREDITS&quot;,&quot;description&quot;:&quot;Demain nous appartient - saison 5 Gu00e9nu00e9rique VF&quot;,&quot;duration&quot;:32,&quot;view_count&quot;:1042354,&quot;added_at&quot;:{&quot;date&quot;:&quot;2021-08-27 10:30:00.000000&quot;,&quot;timezone_type&quot;:3,&quot;timezone&quot;:&quot;Europe\/Paris&quot;},&quot;metas&quot;:{&quot;id_main_show&quot;:null,&quot;name_main_show&quot;:null,&quot;image_main_show&quot;:null,&quot;id_main_movie&quot;:null,&quot;name_main_movie&quot;:null,&quot;image_main_movie&quot;:null,&quot;id_main_series&quot;:22125,&quot;name_main_series&quot;:&quot;Demain nous appartient&quot;,&quot;image_main_series&quot;:null,&quot;id_main_season&quot;:43852,&quot;name_main_season&quot;:null,&quot;image_main_season&quot;:null,&quot;main_season_number&quot;:5,&quot;id_main_person&quot;:null,&quot;name_main_person&quot;:null,&quot;image_main_person&quot;:null,&quot;use_portal&quot;:null,&quot;release_date_main_movie&quot;:null,&quot;nb_days_release_main_movie&quot;:null,&quot;id_meta_category&quot;:null,&quot;name_meta_category&quot;:null,&quot;localized_file_type&quot;:null,&quot;trans_file_type&quot;:null,&quot;main_movie_type&quot;:null,&quot;main_season_rating&quot;:null,&quot;main_series_rating&quot;:null,&quot;main_season_user_note_count&quot;:null,&quot;genre_main_movie&quot;:null,&quot;genre_main_series&quot;:null,&quot;release_status_movie&quot;:null,&quot;release_status_series&quot;:null},&quot;is_emergence_inhibited&quot;:false,&quot;relatedEntityType&quot;:&quot;series&quot;,&quot;relatedEntityId&quot;:22125,&quot;relatedEntityTitle&quot;:&quot;Demain nous appartient&quot;,&quot;entityStatus&quot;:&quot;in_progress&quot;,&quot;relatedEntityTrackingIdentifier&quot;:&quot;22125-demain_nous_appartient&quot;}],&quot;disablePreroll&quot;:false,&quot;disablePostroll&quot;:false,&quot;endScreen&quot;:true,&quot;context&quot;:&quot;newspage_news&quot;,&quot;launch&quot;:&quot;auto-play&quot;,&quot;followScroll&quot;:true,&quot;editorialContent&quot;:&quot;18712893-demain_nous_appartient_manon_nordine_charlie_et_bart_en_danger_dans_la_prochaine_intrigue&quot;,&quot;disableAutoPause&quot;:true,&quot;player_position&quot;:&quot;playertop&quot;}\" data-thumb=\"https:\/\/fr.web.img6.acsta.net\/r_640_360\/videothumbnails\/21\/08\/27\/10\/32\/2056037.jpg\">\n<\/figure>\n<p><span><span><span><strong>Attention, cet article contient de nombreux spoilers sur les prochains \u00e9pisodes de Demain nous appartient. Si vous ne voulez rien savoir, ne lisez pas ce qui suit\u00a0!<\/strong><\/span><\/span><\/span><\/p>\n<p><span><span><span><a title=\"Demain nous appartient (France) (Drame,Thriller)\" href=\"http:\/\/www.allocine.fr\/series\/ficheserie_gen_cserie=22125.html\">Demain nous appartient<\/a>\u00a0ne laisse d\u00e9cid\u00e9ment aucun r\u00e9pit \u00e0 ses h\u00e9ros cet \u00e9t\u00e9.<\/span><\/span><\/span><\/p>\n<p><span><span><span>Alors que l\u2019intrigue centr\u00e9e sur la vengeance de Nicolas Barraud\u00a0 (<a title=\"Carl Vervier (France) (Acteur)\" href=\"http:\/\/www.allocine.fr\/personne\/fichepersonne_gen_cpersonne=917526.html\">Carl Vervier<\/a>) s\u2019ach\u00e8vera mardi 16 ao\u00fbt, les t\u00e9l\u00e9spectateurs de TF1 assisteront ce m\u00eame soir au lancement d\u2019une nouvelle arche \u00e0 suspense intitul\u00e9e \u00ab\u00a0R\u00e8glement de comptes\u00a0\u00bb. Qu\u2019on se le dise, un autre carnage risque bien de se produire au cours des prochains \u00e9pisodes du feuilleton quotidien.<\/span><\/span><\/span><\/p>\n<p><span><span><span>Dans <span class=\"ACraHRACr0cHM6Ly93d3cudGYxLmZyL3RmMS9kZW1haW4tbm91cy1hcHBhcnRpZW50L3ZpZGVvcy9kZW1haW4tbm91cy1hcHBhcnRpZW50LWJhbmRlLWFubm9uY2UtcmVnbGVtZW50LWRlLWNvbXB0ZXMtODA1OTQ1MzkuaHRtbA==\">la bande-annonce disponible sur MYTF1<\/span>, Manon (<a title=\"Louvia Bachelier (France) (Acteur)\" href=\"http:\/\/www.allocine.fr\/personne\/fichepersonne_gen_cpersonne=452442.html\">Louvia Bachelier<\/a>) et Nordine (<a title=\"Youcef Agal (Ind\u00e9fini) (Acteur)\" href=\"http:\/\/www.allocine.fr\/personne\/fichepersonne_gen_cpersonne=831941.html\">Youcef Agal<\/a>) se retrouvent au bord de la plage. Au moment o\u00f9 ils s\u2019appr\u00eatent \u00e0 s\u2019embrasser, un myst\u00e9rieux individu au masque de clown pointe son arme sur la nuque du policier. Apr\u00e8s s\u2019\u00eatre retourn\u00e9 pour prot\u00e9ger la jeune femme, Nordine d\u00e9pose finalement son arme \u00e0 ses pieds. Une fois qu\u2019il l\u2019a r\u00e9cup\u00e9r\u00e9e, l\u2019inconnu les tient en joue avec les deux r\u00e9volvers.<\/span><\/span><\/span><\/p>\n<p><span><span><span>En r\u00e9alit\u00e9, l&rsquo;homme au masque de clown a utilis\u00e9 une arme factice et il ne s\u2019agissait donc l\u00e0 que d\u2019un stratag\u00e8me pour obtenir l\u2019arme bien r\u00e9elle de Nordine. Si Manon et Nordine s\u2019en sortiront fort heureusement sans la moindre \u00e9gratignure, la police va se lancer dans une course contre la montre pour retrouver ce malfaiteur au plus vite. Et la t\u00e2che s\u2019annonce compliqu\u00e9e.<\/span><\/span><\/span><\/p>\n<p><span><span><span>Lors de l\u2019enqu\u00eate, l\u2019\u00e9quipe du commandant Constant (<a title=\"Franck Monsigny (France) (Acteur)\" href=\"http:\/\/www.allocine.fr\/personne\/fichepersonne_gen_cpersonne=441231.html\">Franck Monsigny<\/a>) va d\u00e9couvrir que pas moins de six autres braquages \u00e0 main arm\u00e9e ont eu lieu dans la ville. Chaque fois, l\u2019auteur portait un masque de clown. <\/span><\/span><\/span><\/p>\n<p><span><span><span>De son c\u00f4t\u00e9, le braqueur a bien l\u2019intention de monter en puissance et de s\u2019en prendre \u00e0 plusieurs h\u00e9ros de la s\u00e9rie, \u00e0 commencer par Charlie (<a title=\"Cl\u00e9mence Lassalas (France) (Acteur)\" href=\"http:\/\/www.allocine.fr\/personne\/fichepersonne_gen_cpersonne=194123.html\">Cl\u00e9mence Lassalas<\/a>).\u00a0<\/span><\/span><\/span><span><span>En effet, cette derni\u00e8re est en train de compter sa caisse lorsqu\u2019il braque une arme sur elle en exigeant qu\u2019elle lui remette l\u2019argent.<\/span><\/span><\/p>\n<p><span><span><span>Mais ce n\u2019est pas tout. Victor Brunet (<a title=\"Farouk Bermouga (France) (Acteur)\" href=\"http:\/\/www.allocine.fr\/personne\/fichepersonne_gen_cpersonne=18480.html\">Farouk Bermouga<\/a>) comptera lui aussi parmi ses victimes et se fera subtiliser sa voiture. Toutefois, l\u2019homme d\u2019affaires avait fait installer une balise GPS sur son v\u00e9hicule, ce qui permettra \u00e0 Martin d\u2019engager une filature. Au moment de l\u2019arrestation, il va alors tomber sur Emma (<a title=\"Luna Lou (France) (Acteur)\" href=\"http:\/\/www.allocine.fr\/personne\/fichepersonne_gen_cpersonne=741060.html\">Luna Lou<\/a>) et Milan (<a title=\"F\u00e9lix Guibal (France) (Acteur)\" href=\"http:\/\/www.allocine.fr\/personne\/fichepersonne_gen_cpersonne=929761.html\">F\u00e9lix Guibal<\/a>), le DJ qu\u2019elle avait engag\u00e9 lors de soir\u00e9e rose.<\/span><\/span><\/span><\/p>\n<p><span><span><span>\u00c9videmment, il ne faudra pas bien longtemps \u00e0 la police pour soup\u00e7onner Milan d\u2019\u00eatre le braqueur au masque de clown. Grand, jeune, mince et v\u00eatu de noir, il coche toutes les cases du parfait suspect. Pendant qu\u2019il est interrog\u00e9 entre les murs du commissariat, le v\u00e9ritable coupable court toujours et est sur le point de s\u2019en prendre au Spoon.<\/span><\/span><\/span><\/p>\n<p><span><span><span>Tandis que Bart (<a title=\"Hector Langevin (France) (Acteur,R\u00e9alisateur,Sc\u00e9nariste)\" href=\"http:\/\/www.allocine.fr\/personne\/fichepersonne_gen_cpersonne=782172.html\">Hector Langevin<\/a>) compte la recette du jour, l\u2019individu le menace. Seulement, le fils Vallorta ne se laisse pas faire et tente de le d\u00e9sarmer avec l\u2019aide de Tristan (<a title=\"Mathieu Alexandre (France) (Acteur,Cr\u00e9ateur)\" href=\"http:\/\/www.allocine.fr\/personne\/fichepersonne_gen_cpersonne=623348.html\">Mathieu Alexandre<\/a>). Pendant la lutte, un coup de feu retentit\u2026<\/span><\/span><\/span><\/p>\n<p><span><span><span>Qui est ce myst\u00e9rieux braqueur au masque de clown et que cherche-t-il\u00a0? R\u00e9ponse prochainement dans Demain nous appartient\u00a0!<\/span><\/span><\/span><\/p>\n<\/div>\n<p>[ad_2]<br \/>\n<br \/><a href=\"http:\/\/www.allocine.fr\/article\/fichearticle_gen_carticle=18712893.html\">Source link <\/a><\/p>\n","protected":false},"excerpt":{"rendered":"<p>[ad_1] Dans les prochains \u00e9pisodes de \u00ab\u00a0Demain nous appartient\u00a0\u00bb, un myst\u00e9rieux braqueur au masque de clown va semer la terreur &hellip; <a href=\"http:\/\/www.affinite.fr\/index.php\/2022\/08\/13\/demain-nous-appartient-manon-nordine-charlie-et-bart-en-danger-dans-la-prochaine-intrigue-news-series-a-la-tv\/\" class=\"more-link\">Plus <span class=\"screen-reader-text\">Demain nous appartient : Manon, Nordine, Charlie et Bart en danger dans la prochaine intrigue &#8211; News S\u00e9ries \u00e0 la TV<\/span> <span class=\"meta-nav\">&rarr;<\/span><\/a><\/p>\n","protected":false},"author":1,"featured_media":8162,"comment_status":"","ping_status":"open","sticky":false,"template":"","format":"standard","meta":{"_sitemap_exclude":false,"_sitemap_priority":"","_sitemap_frequency":"","footnotes":""},"categories":[1],"tags":[],"class_list":["post-8161","post","type-post","status-publish","format-standard","has-post-thumbnail","hentry","category-tous"],"_links":{"self":[{"href":"http:\/\/www.affinite.fr\/index.php\/wp-json\/wp\/v2\/posts\/8161"}],"collection":[{"href":"http:\/\/www.affinite.fr\/index.php\/wp-json\/wp\/v2\/posts"}],"about":[{"href":"http:\/\/www.affinite.fr\/index.php\/wp-json\/wp\/v2\/types\/post"}],"author":[{"embeddable":true,"href":"http:\/\/www.affinite.fr\/index.php\/wp-json\/wp\/v2\/users\/1"}],"replies":[{"embeddable":true,"href":"http:\/\/www.affinite.fr\/index.php\/wp-json\/wp\/v2\/comments?post=8161"}],"version-history":[{"count":0,"href":"http:\/\/www.affinite.fr\/index.php\/wp-json\/wp\/v2\/posts\/8161\/revisions"}],"wp:featuredmedia":[{"embeddable":true,"href":"http:\/\/www.affinite.fr\/index.php\/wp-json\/wp\/v2\/media\/8162"}],"wp:attachment":[{"href":"http:\/\/www.affinite.fr\/index.php\/wp-json\/wp\/v2\/media?parent=8161"}],"wp:term":[{"taxonomy":"category","embeddable":true,"href":"http:\/\/www.affinite.fr\/index.php\/wp-json\/wp\/v2\/categories?post=8161"},{"taxonomy":"post_tag","embeddable":true,"href":"http:\/\/www.affinite.fr\/index.php\/wp-json\/wp\/v2\/tags?post=8161"}],"curies":[{"name":"wp","href":"https:\/\/api.w.org\/{rel}","templated":true}]}}