{"id":8146,"date":"2022-08-09T03:01:37","date_gmt":"2022-08-09T03:01:37","guid":{"rendered":"https:\/\/www.affinite.fr\/index.php\/2022\/08\/09\/alerte-en-france-carte-vigilance-orange\/"},"modified":"2022-08-09T03:01:37","modified_gmt":"2022-08-09T03:01:37","slug":"alerte-en-france-carte-vigilance-orange","status":"publish","type":"post","link":"http:\/\/www.affinite.fr\/index.php\/2022\/08\/09\/alerte-en-france-carte-vigilance-orange\/","title":{"rendered":"alerte en France, carte, vigilance orange"},"content":{"rendered":"<p> [ad_1]<br \/>\n<\/p>\n<p>\n                CANICULE FRANCE 2022.\u00a0Le 3\u00e8me \u00e9pisode de canicule en France se poursuit encore en cette 2\u00e8me semaine d&rsquo;ao\u00fbt. Les temp\u00e9ratures vont se maintenir \u00e0 un niveau \u00e9lev\u00e9 dans le Sud-Ouest. Quels sont les effets de la canicule sur le corps\u00a0? Quels d\u00e9partements sont en alerte canicule\u00a0? En vigilance orange\u00a0? Cartes et infos.            <\/p>\n<div>\n<ol>\n<\/ol>\n<aside class=\"ccmsummary marqueur_module ccmcss_cms_summary ccmcss_cms_summary--right\">\n<p>Sommaire<\/p>\n<\/aside>\n<p><strong>[Mis \u00e0 jour le 8 ao\u00fbt\u00a0<\/strong><b>2022\u00a0\u00e0 16h14]\u00a0<\/b>La France enregistre <strong>un nouvel \u00e9pisode caniculaire en ce d\u00e9but du mois d&rsquo;ao\u00fbt,<\/strong> le troisi\u00e8me de la saison apr\u00e8s ceux de juin et juillet. \u00ab\u00a0<em>L&rsquo;\u00e9pisode caniculaire se poursuit autour de la <strong>basse vall\u00e9e du Rh\u00f4ne<\/strong>.\u00a0Les fortes chaleurs progresseront vers le Sud-ouest mardi 9 ao\u00fbt, entra\u00eenant le passage en vigilance orange pour la Gironde et le Lot-Et-Garonne. Elles<strong> se renforceront mercredi (40\u00b0C dans le Sud-Ouest) tout en gagnant le Nord-Ouest<\/strong><\/em>\u00a0\u00bb\u00a0<span style=\"display: none;\">\u00a0<\/span><span style=\"display: none;\">\u00a0<\/span><span style=\"display: none;\">\u00a0<\/span>indique <a href=\"https:\/\/vigilance.meteofrance.fr\/fr\" target=\"_blank\" rel=\"noopener\">M\u00e9t\u00e9o France<\/a> dans son dernier bulletin canicule. <strong>4 d\u00e9partements (Gard, Lot-et-Garonne, Gironde et Vaucluse) sont maintenus en vigilance orange<\/strong> canicule et 29 d\u00e9partements en vigilance jaune. On recense\u00a0<strong>45\u00a0vagues de chaleur en France depuis 1947, <\/strong>indique <a href=\"https:\/\/meteofrance.com\/actualites-et-dossiers\/actualites\/canicule-intense-et-durable-de-juillet-2022-que-faut-il-retenir\" target=\"_blank\" rel=\"noopener\">M\u00e9t\u00e9o France<\/a>.\u00a0Sur les 35\u00a0derni\u00e8res ann\u00e9es, elles ont \u00e9t\u00e9 3\u00a0fois plus nombreuses que sur les 35\u00a0ann\u00e9es pr\u00e9c\u00e9dentes.\u00a0<strong>Le nombre de jours de vagues de chaleur a \u00e9t\u00e9 multipli\u00e9 par 9<\/strong>.<em> \u00ab\u00a0La fr\u00e9quence et l&rsquo;intensit\u00e9 des vagues de chaleur sont amen\u00e9es \u00e0 augmenter dans les prochaines d\u00e9cennies.<strong> La fr\u00e9quence des \u00e9v\u00e9nements devrait doubler d&rsquo;ici \u00e0 2050<\/strong>.\u00a0\u00bb\u00a0<\/em>Le\u00a0<b>\u00ab\u00a0Plan canicule\u00a0\u00bb <\/b>reste activ\u00e9 par le gouvernement fran\u00e7ais durant tout l&rsquo;\u00e9t\u00e9 2022. Le <strong>num\u00e9ro vert Canicule info service<\/strong>\u00a0est joignable au<strong> 0800\u00a006\u00a066\u00a066\u00a0<\/strong>de 9h \u00e0 19h (gratuit). De fortes chaleurs de jour comme de nuit, pendant plusieurs jours, mettent le corps \u00e0 rude \u00e9preuve.\u00a0<span style=\"font-size: 1rem;\">Les enfants et les<\/span><strong style=\"font-size: 1rem;\"> personnes \u00e2g\u00e9es sont tr\u00e8s vuln\u00e9rables <\/strong><span style=\"font-size: 1rem;\">aux fortes chaleurs et\u00a0une attention particuli\u00e8re doit leur \u00eatre port\u00e9e. Voici les <strong>consignes et recommandations du gouvernement <\/strong>en cas de canicule pour \u00e9viter <strong>coup de chaleur, d\u00e9shydratation<\/strong>&#8230; <\/span><strong style=\"font-size: 1rem;\">\u00a0<\/strong><\/p>\n<div style=\"text-align:center\">\n<figure class=\"image\" style=\"display:inline-block\"><a class=\"fancy\" href=\"https:\/\/img-3.journaldesfemmes.fr\/NYzsGixIjX8ES--roiNy4T6XZ1Q=\/1080x\/smart\/0edd03c6b7ef42afb7d17de2210b2276\/ccmcms-jdf\/36760184.jpg\"><img decoding=\"async\" alt=\"Carte vigilance canicule par d\u00e9partement \" src=\"https:\/\/img-3.journaldesfemmes.fr\/hlgF2VTgVbc8XG8HBjS1i0UQ_Uk=\/450x\/smart\/0edd03c6b7ef42afb7d17de2210b2276\/ccmcms-jdf\/36760184.jpg\"\/><\/a><figcaption data-credit=\"M\u00e9t\u00e9o France\" data-legend=\"Carte vigilance canicule par d\u00e9partement 8 ao\u00fbt 2022\">Carte vigilance canicule par d\u00e9partement 8 ao\u00fbt 2022 <small>\u00a9\u00a0M\u00e9t\u00e9o France<\/small><\/figcaption><\/figure>\n<\/div>\n<h2 id=\"canicule-aout-2022-en-france\">Canicule ao\u00fbt 2022 en France<\/h2>\n<p>La France connait un <strong>troisi\u00e8me \u00e9pisode caniculaire en ao\u00fbt 2022<\/strong> : la canicule s&rsquo;est install\u00e9e en France <strong>le 31 juillet <\/strong>avec la mise en place de vigilance orange canicule dans 5 d\u00e9partements dans 3 r\u00e9gions du Sud Est (Auvergne Rh\u00f4ne-Alpes, Occitanie et Provence-Alpes-C\u00f4te-d&rsquo;Azur), soit 4% de la population fran\u00e7aise r\u00e9sidante concern\u00e9e par au moins un jour de vigilance orange. Le 2 ao\u00fbt, la canicule s&rsquo;\u00e9tend et M\u00e9t\u00e9o France ajoute <strong>22 d\u00e9partements en vigilance orange<\/strong> dans les r\u00e9gions Auvergne Rh\u00f4ne-Alpes, Bourgogne-Franche-Comt\u00e9, Grand Est, Nouvelle Aquitaine, Occitanie et Provence-Alpes-C\u00f4te-d&rsquo;Azur. Le pic de cette vague de chaleur est pass\u00e9 le mercredi 3 ao\u00fbt.\u00a0\u00ab\u00a0<em>L&rsquo;\u00e9pisode caniculaire se poursuit autour de la basse vall\u00e9e du Rh\u00f4ne le lundi 8 ao\u00fbt. Sur le Sud-Ouest, la hausse de temp\u00e9rature commence lundi 8\u00a0ao\u00fbt apr\u00e8s-midi\u00a0\u00bb<\/em>\u00a0\u00bb indique <a href=\"https:\/\/vigilance.meteofrance.fr\/fr\/canicule\" target=\"_blank\" rel=\"noopener\">M\u00e9t\u00e9o France<\/a> dans son dernier bulletin canicule. <strong>4 d\u00e9partements (Gard, Lot-et-Garonne, Gironde et Vaucluse) sont maintenus en vigilance orange<\/strong> canicule et 29 d\u00e9partements en vigilance jaune.<\/p>\n<h2 id=\"duree-record-des-canicules-2022\">Dur\u00e9e et record des canicules de juin et juillet 2022<\/h2>\n<p>\u25ba Une premi\u00e8re canicule a eu lieu en <strong>juin 2022<\/strong> : le pic a eu lieu le<strong> samedi 18\u00a0juin <\/strong>avec des records dans l&rsquo;ouest et au sud-ouest (<strong>43\u00b0C \u00e0 Biarritz<\/strong>). Dimanche 19\u00a0juin, la chaleur a r\u00e9gress\u00e9 \u00e0 l&rsquo;ouest mais s&rsquo;est renforc\u00e9e entre le centre-est et l&rsquo;Alsace (38\u00b0C \u00e0 Strasbourg). \u25ba Une <strong>deuxi\u00e8me\u00a0vague de chaleur s&rsquo;est install\u00e9e en France le 12\u00a0juillet<\/strong> 2022 et s&rsquo;est termin\u00e9e le 25 juillet, avec des <strong>pics extr\u00eames les 18 et 19 juillet.<\/strong>\u00a0Le bulletin national de <a href=\"https:\/\/www.santepubliquefrance.fr\/determinants-de-sante\/climat\/fortes-chaleurs-canicule\/documents\/bulletin-national\/systeme-d-alerte-canicule-et-sante.-point-national-au-26-juillet-2022\" target=\"_blank\" rel=\"noopener\">Sant\u00e9 publique France<\/a> du 27 juillet 2022 indique cette vague a concern\u00e9 la majeure partie du territoire, 96\u00a0% de la population a connu au moins un jour de vigilance orange et <strong>16,5\u00a0% un jour de vigilance rouge<\/strong>. \u00ab\u00a0<em>Cet \u00e9pisode s&rsquo;est install\u00e9 dans la dur\u00e9e pour plusieurs d\u00e9partements du Sud Est, avec plus de 7\u00a0jours d&rsquo;alerte<\/em>.\u00a0\u00bb\u00a0Cet \u00e9pisode se caract\u00e9rise par des temp\u00e9ratures maximales exceptionnelles et des records battus sur la c\u00f4te Atlantique du pays, conduisant \u00e0 la vigilance rouge. Mais, \u00e0 l&rsquo;exception du Sud-Est, cet \u00e9pisode est rest\u00e9 de courte dur\u00e9e (moins de 4\u00a0jours) dans la majorit\u00e9 des d\u00e9partements.\u00a0Pour la p\u00e9riode de vigilance, <strong>4\u00a0d\u00e9c\u00e8s<\/strong> en lien possible avec la chaleur ont \u00e9t\u00e9 notifi\u00e9s \u00e0 Sant\u00e9 publique France par le syst\u00e8me d&rsquo;inspection du travail. Ces 4\u00a0d\u00e9c\u00e8s ont eu lieu durant une vigilance canicule orange ou rouge.<\/p>\n<div style=\"text-align:center\">\n<figure class=\"image\" style=\"display:inline-block\"><a class=\"fancy\" href=\"https:\/\/img-3.journaldesfemmes.fr\/ujDzT_daWhhrsYf8-b8gP_uLn-Q=\/1080x\/smart\/4917f7b30c9648348b47d32129c2febd\/ccmcms-jdf\/36456459.jpg\"><img decoding=\"async\" alt=\" Dur\u00e9e de la vigilance orange (ou rouge) entre le 12\/07\/2022 et le 25\/07\/2022. Sources : G\u00e9oFLA, M\u00e9t\u00e9o France\" src=\"https:\/\/img-3.journaldesfemmes.fr\/8cUAxzJPyMkNokzJZBc5vJwOJvg=\/600x\/smart\/4917f7b30c9648348b47d32129c2febd\/ccmcms-jdf\/36456459.jpg\"\/><\/a><figcaption data-credit=\"G\u00e9oFLA, M\u00e9t\u00e9o France\" data-legend=\" Dur\u00e9e de la vigilance orange (ou rouge) entre le 12\/07\/2022 et le 25\/07\/2022 \">Dur\u00e9e de la vigilance orange (ou rouge) entre le 12\/07\/2022 et le 25\/07\/2022 <small>\u00a9\u00a0G\u00e9oFLA, M\u00e9t\u00e9o France<\/small><\/figcaption><\/figure>\n<\/div>\n<div style=\"text-align:center\">\n<figure class=\"image\" style=\"display:inline-block\"><a class=\"fancy\" href=\"https:\/\/img-3.journaldesfemmes.fr\/uoRvccD4fE_HkR1mGDHuOCi8roA=\/1080x\/smart\/338a9f07330348b2930235470517679a\/ccmcms-jdf\/36256993.jpg\"><img decoding=\"async\" alt=\"Record de chaleur canicule juillet 2022\" src=\"https:\/\/img-3.journaldesfemmes.fr\/hLInerw4jEFGr5HhV3t1BLWTRgI=\/600x\/smart\/338a9f07330348b2930235470517679a\/ccmcms-jdf\/36256993.jpg\"\/><\/a><figcaption data-credit=\"M\u00e9t\u00e9o France\" data-legend=\"Record de chaleur canicule juillet 2022\">Record de chaleur canicule juillet 2022 <small>\u00a9\u00a0M\u00e9t\u00e9o France<\/small><\/figcaption><\/figure>\n<\/div>\n<h2 id=\"quels-sont-les-departements-en-alerte-canicule\">Quelles sont les consignes pour les d\u00e9partements en vigilance rouge ?<\/h2>\n<p>En plus des recommandations anti chaleur (boire de l&rsquo;eau, manger suffisamment, se mouiller le corps, \u00e9viter de sortir..), en vigilance rouge :<\/p>\n<p>\u25ba Ne vous exposez pas du tout au soleil.<\/p>\n<p>\u25ba Arr\u00eatez toute activit\u00e9 physique et sportive<\/p>\n<p>\u25ba<strong> Le num\u00e9ro vert Canicule info service est joignable au 0800\u00a006\u00a066\u00a066\u00a0de 9h \u00e0 19h<\/strong> pour toute question (appel gratuit depuis un poste fixe en France).<\/p>\n<p>\u25ba <strong>En cas de malaise, composez le 15<\/strong><\/p>\n<div style=\"text-align:center\">\n<figure class=\"image\" style=\"display:inline-block\"><a class=\"fancy\" href=\"https:\/\/img-3.journaldesfemmes.fr\/kV0UchGeu6yY4l_sj_LqoCoaLVk=\/1080x\/smart\/2a723f8b676b412cb400e2043eb10ee4\/ccmcms-jdf\/35380296.png\"><img decoding=\"async\" alt=\"consignes canicule \" src=\"https:\/\/img-3.journaldesfemmes.fr\/QfJWC89OKSUOiZBLkLUpzLzF_4c=\/600x\/smart\/2a723f8b676b412cb400e2043eb10ee4\/ccmcms-jdf\/35380296.png\"\/><\/a><figcaption data-credit=\"Minist\u00e8re de la Sant\u00e9\" data-legend=\"Consignes canicule\">Consignes canicule <small>\u00a9\u00a0Minist\u00e8re de la Sant\u00e9<\/small><\/figcaption><\/figure>\n<\/div>\n<h2 id=\"quelle-est-la-definition-de-la-canicule-\">Recommandations : que faire en cas de canicule ?<\/h2>\n<p>En cas de canicule, le gouvernement recommande :<\/p>\n<ul>\n<li><strong>Boire de l&rsquo;eau et rester au frais<\/strong><\/li>\n<li><strong>Eviter l&rsquo;alcool<\/strong><\/li>\n<li><strong>Manger en quantit\u00e9 suffisante<\/strong><\/li>\n<li><strong>Fermer les volets et fen\u00eatres le jour, a\u00e9rer la nuit.<\/strong><\/li>\n<li><strong>Se mouiller le corps (douche ti\u00e8de mais pas froide)<\/strong><\/li>\n<li><strong>Donner et prendre des nouvelles de ses proches.<\/strong><\/li>\n<\/ul>\n<div style=\"text-align:center\">\n<figure class=\"image\" style=\"display:inline-block\"><a class=\"fancy\" href=\"https:\/\/img-3.journaldesfemmes.fr\/bolW_4O1qXT1olifyvXmhgyQCtk=\/1080x\/smart\/6cb43870d91943dfa70f5f9247bb540d\/ccmcms-jdf\/35304943.jpg\"><img decoding=\"async\" alt=\"Recommandations de la Croix-Rouge en cas de fortes chaleurs\" src=\"https:\/\/img-3.journaldesfemmes.fr\/Oe6TEw0RZ_E796MiNiUeDoTAcYc=\/450x\/smart\/6cb43870d91943dfa70f5f9247bb540d\/ccmcms-jdf\/35304943.jpg\"\/><\/a><figcaption data-credit=\"Croix-Rouge\" data-legend=\"Recommandations de la Croix-Rouge en cas de fortes chaleurs\">Recommandations de la Croix-Rouge en cas de fortes chaleurs <small>\u00a9\u00a0Croix-Rouge<\/small><\/figcaption><\/figure>\n<\/div>\n<h2 id=\"quel-est-le-numero-vert-en-cas-de-canicule-\">Quel est le num\u00e9ro vert en cas de canicule ?<\/h2>\n<p>Le <strong>num\u00e9ro vert Canicule info service<\/strong>\u00a0est joignable au<strong> 0800\u00a006\u00a066\u00a066\u00a0<\/strong>de 9h \u00e0 19h (gratuit).<\/p>\n<h2 id=\"quelle-est-la-definition-de-la-canicule-\">Quelle est la d\u00e9finition de la canicule\u00a0?<\/h2>\n<p>Le mot <strong>\u00ab\u00a0canicule\u00a0\u00bb<\/strong>\u00a0vient du latin \u00ab\u00a0canicula\u00a0\u00bb\u00a0qui signifie \u00ab\u00a0petite chienne\u00a0\u00bb. Canicula est le nom donn\u00e9\u00a0\u00e0 l&rsquo;\u00e9toile\u00a0Sirius (qui vient du grec \u00ab\u00a0seirius\u00a0\u00bb, signifiant \u00ab\u00a0br\u00fblant\u00a0\u00bb, \u00ab\u00a0ardent\u00a0\u00bb). qui se trouve dans\u00a0la constellation du Grand Chien.<strong> Etoile qui\u00a0se l\u00e8ve et se couche avec le soleil du 22\u00a0juillet au 22\u00a0ao\u00fbt, p\u00e9riode caract\u00e9ristique des fortes chaleurs<\/strong>.\u00a0La canicule est associ\u00e9e \u00e0\u00a0de <strong>tr\u00e8s fortes temp\u00e9ratures\u00a0la journ\u00e9e comme\u00a0la nuit pendant une p\u00e9riode prolong\u00e9e, <\/strong>habituellement d&rsquo;<strong>au moins 3\u00a0jours cons\u00e9cutifs<\/strong>.<\/p>\n<h2 id=\"jaune-orange-rouge--que-veulent-dire-les-niveaux-de-vigilance-\">Que signifie vigilance jaune, orange et rouge en cas de canicule\u00a0?<\/h2>\n<p>Les pr\u00e9visions m\u00e9t\u00e9orologiques d\u00e9partementales sont analys\u00e9es chaque jour pendant l&rsquo;\u00e9t\u00e9 par M\u00e9t\u00e9o-France. Les r\u00e9sultats de cette analyse permettent \u00e0 M\u00e9t\u00e9o-France d&rsquo;\u00e9tablir la carte de vigilance m\u00e9t\u00e9orologique qui est diffus\u00e9e tous les jours \u00e0 16h.<\/p>\n<p><strong>\u25ba Le niveau de vigilance jaune\u00a0correspond \u00e0 deux situations\u00a0:<\/strong><\/p>\n<ul>\n<li>un pic de chaleur\u00a0: exposition de courte dur\u00e9e (1\u00a0ou 2\u00a0jours) \u00e0 une chaleur intense<\/li>\n<li>un \u00e9pisode persistant de chaleur mais qui reste sous les seuils d&rsquo;alerte<\/li>\n<\/ul>\n<p>Ces deux situations pr\u00e9sentent un risque pour la sant\u00e9 humaine, pour les populations fragiles ou surexpos\u00e9es notamment du fait de leurs conditions de travail ou de leur activit\u00e9 physique.<\/p>\n<p><strong>\u25ba Le niveau de vigilance orange\u00a0correspond \u00e0 une canicule\u00a0: <\/strong>p\u00e9riode de chaleur intense pour laquelle les moyennes sur 3\u00a0jours cons\u00e9cutifs des temp\u00e9ratures de nuit et de journ\u00e9e atteignent ou d\u00e9passent les seuils d\u00e9partementaux, et qui est susceptible de constituer un risque sanitaire notamment pour les personnes fragiles ou surexpos\u00e9es.<\/p>\n<p><strong>\u25ba\u00a0Le niveau de vigilance rouge\u00a0correspond \u00e0 une canicule extr\u00eame<\/strong>\u00a0: canicule exceptionnelle par sa dur\u00e9e, son intensit\u00e9, son extension g\u00e9ographique, \u00e0 fort impact sanitaire pour tout type de population, et qui peut entra\u00eener l&rsquo;apparition d&rsquo;effets collat\u00e9raux notamment en termes de continuit\u00e9 d&rsquo;activit\u00e9.<\/p>\n<h2 id=\"quels-sont-les-dangers-de-la-canicule-sur-la-sante-\">Quels sont les dangers de la canicule sur la sant\u00e9 ?<\/h2>\n<p>L&rsquo;exposition prolong\u00e9e \u00e0 la chaleur est un stress important pour l&rsquo;organisme, rappelle le <a href=\"https:\/\/solidarites-sante.gouv.fr\/IMG\/pdf\/Les_recommandations_canicule_.pdf\" target=\"_blank\" rel=\"noopener\">minist\u00e8re de la Sant\u00e9<\/a>. Le <strong>corps humain essaie de s&rsquo;y adapter<\/strong>. Il <strong>transpire plus<\/strong> et les <strong>vaisseaux sanguins se dilatent<\/strong>. S&rsquo;il n&rsquo;arrive pas \u00e0 maintenir sa temp\u00e9rature autour de 37\u00b0C quand il fait tr\u00e8s chaud ou si les fluides ou sels corporels ne sont pas remplac\u00e9s de fa\u00e7on ad\u00e9quate, plusieurs probl\u00e8mes peuvent survenir :<\/p>\n<ul>\n<li>crampes de chaleur,<\/li>\n<li>insolation,<\/li>\n<li>\u00e9puisement d\u00fb \u00e0 la chaleur,<\/li>\n<li>coup de chaleur.<\/li>\n<\/ul>\n<p>Les fortes chaleurs peuvent aussi aggraver des maladies pr\u00e9existantes, \u00eatre responsables de maladies associ\u00e9es \u00e0 la chaleur. La prise de certains m\u00e9dicaments peut aggraver les effets li\u00e9s \u00e0 la chaleur, en particulier chez des personnes \u00e0 risques.\u00a0<\/p>\n<p>\u25ba<strong> Crampes, naus\u00e9es, \u00e9tat de fatigue inexplicable, maux de t\u00eate important, propos incoh\u00e9rents ou forte fi\u00e8vre\u00a0:\u00a0Appelez le 15<\/strong><\/p>\n<h2 id=\"coup-de-chaleur-et-canicule\">Coup de chaleur et canicule<\/h2>\n<p>Le coup de chaleur ou \u00ab\u00a0hypothermie\u00a0\u00bb correspond \u00e0 une surchauffe de l&rsquo;organisme\u00a0: celui-ci n&rsquo;arrive plus \u00e0\u00a0faire face \u00e0 l&rsquo;augmentation de la temp\u00e9rature interne li\u00e9e aux fortes temp\u00e9ratures. Il\u00a0touche surtout les sportifs, mais aussi les personnes \u00e2g\u00e9es, les travailleurs en ext\u00e9rieur\u00a0et les jeunes enfants pendant les pics de chaleur. Cela concerne \u00e9galement les adultes qui restent trop longtemps dans des pi\u00e8ces confin\u00e9es et mal ventil\u00e9es. Par exemple, rester des heures dans une voiture ou dans un RER\u00a0en pleine chaleur pr\u00e9sente un gros risque. <strong>Crampes, maux de t\u00eate, peau chaude, rouge<\/strong>&#8230; Les premiers signes d&rsquo;alerte qui doivent pousser <strong>\u00e0 appeler le 15<\/strong>.<\/p>\n<h2 id=\"deshydratation-et-canicule\">D\u00e9shydratation et canicule<\/h2>\n<p>Bouff\u00e9es de sueur en buvant un verre d&rsquo;eau, absence d&rsquo;urine depuis 5\u00a0heures ou urines fonc\u00e9es, s\u00e9cheresse des l\u00e8vres&#8230; Gare \u00e0 la d\u00e9shydratation particuli\u00e8rement fr\u00e9quente en cas de canicule. Concr\u00e8tement\u00a0:\u00a0\u00a0une personne qui transpire et ne boit pas assez se d\u00e9shydrate. Son\u00a0corps manque d&rsquo;eau et se d\u00e9shydrate. Les personnes \u00e2g\u00e9es sont les plus expos\u00e9es.<\/p>\n<h2 id=\"hyponatremie\">Hyponatr\u00e9mie<\/h2>\n<p>Pour les personnes \u00e2g\u00e9es, les patients atteints de maladies chroniques (insuffisance r\u00e9nale, cardiaque, h\u00e9patique, respiratoire, diab\u00e8te, cancers&#8230;), les patients qui prennent certains m\u00e9dicaments (diur\u00e9tiques, neuroleptiques, antid\u00e9presseurs)\u00a0: <strong>l&rsquo;hyponatr\u00e9mie <\/strong>(<strong>diminution de la concentration de sel dans le sang<\/strong>) est un risque<strong> major\u00e9 en cas de fortes chaleurs.<\/strong> Pour les personnes \u00e0 risque\u00a0: <strong>ne pas d\u00e9passer un apport de 1.5\u00a0litres d&rsquo;eau <\/strong>en plus d&rsquo;aliments riches en eau, manger \u00e9quilibr\u00e9, \u00e9viter les sorties ext\u00e9rieures aux heures les plus chaudes et voir avec le m\u00e9decin en cas de suivi d&rsquo;un r\u00e9gime appauvri\u00a0en sel.<\/p>\n<h2 id=\"pourquoi-il-faut-eviter-de-boire-de-lalcool-quand-il-fait-chaud-\">Pourquoi faut-il \u00e9viter de boire de l&rsquo;alcool quand il fait chaud ?<\/h2>\n<p>Consommer des <a href=\"http:\/\/www.affinite.fr\/index.php\/2022\/11\/20\/gros-glacons-pour-les-cocktails\/\">boissons<\/a> alcoolis\u00e9es lorsqu&rsquo;il fait chaud aggrave potentiellement les\u00a0effets de l&rsquo;alcool\u00a0et ceux de la chaleur sur l&rsquo;organisme.\u00a0\u00a0<\/p>\n<ul>\n<li>Une boisson alcoolis\u00e9e ne <strong>permet pas de se d\u00e9salt\u00e9rer<\/strong>. Au contraire, l&rsquo;alcool <strong>amplifie le risque de d\u00e9shydratation <\/strong>en raison de son action\u00a0diur\u00e9tique.<\/li>\n<li>L&rsquo;alcool fait <strong>perdre une plus grande quantit\u00e9 de liquide<\/strong> \u00e0 l&rsquo;organisme, ce qui expose plus rapidement le corps au\u00a0coup de chaleur.\u00a0<\/li>\n<\/ul>\n<p><strong>Le mieux\u00a0:<\/strong>\u00a0La\u00a0pr\u00e9vention\u00a0des risques li\u00e9s \u00e0 l&rsquo;interaction entre alcool et forte chaleur passe par une consommation ma\u00eetris\u00e9e, l&rsquo;id\u00e9al \u00e9tant de boire le moins d&rsquo;alcool possible, voire pas du tout. La limite est fix\u00e9e \u00e0 deux verres standard par jour pour les femmes et \u00e0 trois verres standard par jour pour les hommes. En cas de consommation ponctuelle, mieux vaut ne pas d\u00e9passer quatre verres standard en une fois et ne pas h\u00e9siter \u00e0\u00a0boire de l&rsquo;eau\u00a0entre chaque verre. Les personnes atteintes de\u00a0maladies chroniques\u00a0et les\u00a0femmes enceintes\u00a0sont invit\u00e9es \u00e0 ne pas boire d&rsquo;alcool.\u00a0<\/p>\n<table border=\"1\" cellpadding=\"1\" cellspacing=\"1\" style=\"width:100%;\">\n<thead>\n<tr>\n<th scope=\"col\">\n<p style=\"text-align: center;\"><strong>La plateforme t\u00e9l\u00e9phonique du public,\u00a0 \u00ab\u00a0Canicule info service\u00a0\u00bb au 0800\u00a006\u00a066\u00a066 (gratuit depuis un t\u00e9l\u00e9phone fixe)<\/strong>,\u00a0 permet d&rsquo;obtenir des conseils pour s<strong>e prot\u00e9ger et prot\u00e9ger son entourage, en particulier les plus fragiles.\u00a0<\/strong>Ouvert de 9\u00a0h \u00e0 19\u00a0h.<\/p>\n<\/th>\n<\/tr>\n<\/thead>\n<tbody>\n\t<\/tbody>\n<\/table>\n<h2 id=\"a-partir-de-quelle-temperature-parle-t-on-de-canicule\">A partir de quelle temp\u00e9rature parle-t-on de canicule\u00a0?<\/h2>\n<p>La canicule est associ\u00e9e \u00e0\u00a0de <strong>tr\u00e8s fortes temp\u00e9ratures\u00a0la journ\u00e9e comme\u00a0la nuit pendant une p\u00e9riode prolong\u00e9e, <\/strong>habituellement d&rsquo;<strong>au moins 3\u00a0jours cons\u00e9cutifs<\/strong>. Sur le plan m\u00e9t\u00e9orologique, c&rsquo;est le<strong> caract\u00e8re exceptionnel des temp\u00e9ratures nocturnes \u00e9lev\u00e9es <\/strong>qui marque\u00a0la dur\u00e9e d&rsquo;un \u00e9pisode de canicule. Des seuils de temp\u00e9rature et de dur\u00e9e sont d\u00e9finis et varient selon les d\u00e9partements, explique <a href=\"http:\/\/www.meteofrance.fr\/prevoir-le-temps\/meteo-et-sante\/canicules#:~:text=Une%20canicule%2C%20c'est%20un%20%C3%A9pisode%20de%20temp%C3%A9ratures%20%C3%A9lev%C3%A9es%2C,nuit%2C%20sur%20une%20p%C3%A9riode%20prolong%C3%A9e.&amp;text=Par%20exemple%2C%20%C3%A0%20Toulouse%2C%20M%C3%A9t%C3%A9o,%C2%B0C%20max%20le%20jour.\" target=\"_blank\" rel=\"noopener\">M\u00e9t\u00e9o France<\/a>.<br \/><strong>Par exemple\u00a0:\u00a0<\/strong>\u00e0 Toulouse, M\u00e9t\u00e9o-France parle\u00a0de canicule d\u00e8s lors que pendant 3\u00a0jours et 3\u00a0nuits on ne redescend pas en-dessous des 21\u00b0C mini et qu&rsquo;on d\u00e9passe 36\u00b0C max le jour.<\/p>\n<p>Les personnes les plus \u00e0 risque en cas de canicule sont\u00a0: <strong>les personnes \u00e2g\u00e9es de plus de 65\u00a0ans (lorsque l&rsquo;on est \u00e2g\u00e9<\/strong>, le corps transpire peu et il a du mal \u00e0 se maintenir \u00e0 37\u00b0C).\u00a0<strong>et les nourrissons et enfants de moins de 4\u00a0ans (<\/strong>le corps transpire beaucoup pour se maintenir \u00e0 la bonne temp\u00e9rature, l&rsquo;enfant perd\u00a0de l&rsquo;eau et risque la\u00a0<strong>d\u00e9shydratation)<\/strong>. Viennent ensuite\u00a0: les personnes ayant une forte activit\u00e9 physique, celles travaillant \u00e0 la chaleur (boulangerie, pressing, BTP&#8230;) et les sans-abri.<\/p>\n<h2 id=\"plan-canicule\">Plan Canicule<\/h2>\n<p>Chaque ann\u00e9e, le plan canicule est\u00a0activ\u00e9 en France le 1er juin et jusqu&rsquo;au 15\u00a0septembre. Son objectif est d&rsquo;anticiper l&rsquo;arriv\u00e9e d&rsquo;une canicule, de d\u00e9finir les actions \u00e0 mettre en oeuvre aux niveaux local et national pour pr\u00e9venir et limiter les effets sanitaires et d&rsquo;adapter au mieux les mesures de pr\u00e9vention et de gestion au niveau territorial en portant une attention particuli\u00e8re aux populations sp\u00e9cifiques<\/p>\n<h3>Les diff\u00e9rents niveaux d&rsquo;activation du plan canicule\u00a0s&rsquo;articulent avec les 4\u00a0couleurs de vigilance m\u00e9t\u00e9orologique de M\u00e9t\u00e9o France:<\/h3>\n<ol>\n<li>Le niveau 1\u00a0&#8211; veille saisonni\u00e8re (vigilance verte)<\/li>\n<li>Le\u00a0niveau 2\u00a0&#8211; avertissement chaleur (vigilance jaune)<\/li>\n<li>Le niveau 3\u00a0&#8211; alerte canicule (vigilance orange)<\/li>\n<li>Le niveau 4\u00a0&#8211; mobilisation maximale (vigilance rouge)<\/li>\n<\/ol>\n<h2 id=\"quand-a-eu-lieu-la-derniere-canicule-en-france\">Quelles sont les dates des canicules en France\u00a0?<\/h2>\n<p><span style=\"font-size: 1rem;\">Depuis 2015, les <\/span><strong style=\"font-size: 1rem;\">canicules <\/strong><span style=\"font-size: 1rem;\">ont <\/span><strong style=\"font-size: 1rem;\">augment\u00e9 <\/strong><span style=\"font-size: 1rem;\">en fr\u00e9quence et en intensit\u00e9 dans l&rsquo;hexagone avec une\u00a0survenue<\/span><strong style=\"font-size: 1rem;\"> plus pr\u00e9coce<\/strong><span style=\"font-size: 1rem;\"> (en juin) ou<\/span><strong style=\"font-size: 1rem;\"> plus tardives <\/strong><span style=\"font-size: 1rem;\">(fin ao\u00fbt-d\u00e9but septembre) au cours de la p\u00e9riode estivale. Parmi les principales <\/span><strong style=\"font-size: 1rem;\">canicules survenues en juin en France<\/strong><span style=\"font-size: 1rem;\">, celles\u00a0de<\/span><strong style=\"font-size: 1rem;\"> juin 1947<\/strong><span style=\"font-size: 1rem;\">, <strong>1976<\/strong>, <\/span><strong style=\"font-size: 1rem;\">2003<\/strong><span style=\"font-size: 1rem;\">, 2005, 2006<\/span><span style=\"font-size: 1rem;\">.\u00a0<\/span><b>Il n&rsquo;y a pas eu de canicule en France durant l&rsquo;\u00e9t\u00e9 2021.\u00a0<\/b><\/p>\n<p><strong>\u25ba Juillet 2022 :<\/strong> un \u00e9pisode caniculaire a touch\u00e9 la France entre le 12 et le 20 juillet.<\/p>\n<p><strong>\u25ba Juin 2022 : <\/strong>l&rsquo;\u00e9pisode de canicule a commenc\u00e9 le 15\u00a0juin 2022\u00a0et a concern\u00e9 71\u00a0d\u00e9partements. 70\u00a0% de la population m\u00e9tropolitaine a connu au moins un jour de vigilance canicule orange. 14\u00a0d\u00e9partements ont \u00e9galement \u00e9t\u00e9 plac\u00e9s au moins un jour en vigilance canicule rouge, soit 12,5\u00a0% de la population.\u00a0Cet \u00e9pisode a \u00e9t\u00e9<strong> in\u00e9dit de par sa pr\u00e9cocit\u00e9 et son intensit\u00e9.<\/strong> Plusieurs records de temp\u00e9ratures pour un mois de juin et \u00e9galement en absolu ont \u00e9t\u00e9 enregistr\u00e9s.<\/p>\n<p><b>\u25ba 2019\u00a0<\/b>entre le 24\u00a0juin et le 7\u00a0juillet et le 21\u00a0et le 27\u00a0juillet. Selon le <a href=\"https:\/\/www.santepubliquefrance.fr\/determinants-de-sante\/climat\/fortes-chaleurs-canicule\/documents\/bulletin-national\/systeme-d-alerte-canicule-et-sante.-bilan-de-mortalite-des-episodes-de-chaleur-de-juin-et-juillet-2019\" target=\"_blank\" rel=\"noopener\">bulletin publi\u00e9 par Sant\u00e9 Publique France<\/a> en septembre, <strong>1435\u00a0d\u00e9c\u00e8s<\/strong> ont \u00e9t\u00e9 observ\u00e9s durant cette canicule. Les plus touch\u00e9s ont les plus de 75\u00a0ans mais les <strong>tranches d&rsquo;\u00e2ge 15-44\u00a0et 65-74 <\/strong>ont \u00e9galement \u00e9t\u00e9 impact\u00e9es.<\/p>\n<p><b>\u25ba J<\/b><strong>uin 2005\u00a0et 2006 avec des temp\u00e9ratures souvent comprises entre 35\u00a0et 40\u00b0C<\/strong>, en particulier au sud-est et en vall\u00e9e du Rh\u00f4ne (plus de 30\u00b0C tous les jours \u00e0 Lyon en 2006).\u00a0<\/p>\n<p><b>\u25ba A<\/b><strong>o\u00fbt 2003. <\/strong>Son intensit\u00e9, sa dur\u00e9e et son \u00e9tendue g\u00e9ographique\u00a0avaient \u00e9t\u00e9 exceptionnelles. Elle avait caus\u00e9<strong> 15\u00a0000\u00a0d\u00e9c\u00e8s suppl\u00e9mentaires <\/strong>par rapport \u00e0 la mortalit\u00e9 habituelle de cette p\u00e9riode de l&rsquo;ann\u00e9e en France.<\/p>\n<p><b>\u25ba <\/b>Autres canicules m\u00e9morables\u00a0:\u00a0celle de<strong> juillet 1983<em> \u00ab\u00a0la plus longue observ\u00e9e\u00a0\u00bb<\/em><\/strong> rappelle <a href=\"http:\/\/www.meteofrance.fr\/climat-passe-et-futur\/impacts-du-changement-climatique-sur-les-phenomenes-hydrometeorologiques\/changement-climatique-et-canicules\" target=\"_blank\" rel=\"noopener\">M\u00e9t\u00e9o France<\/a>, et<strong> celles de l&rsquo;\u00e9t\u00e9 1947 et 1976<\/strong>.\u00a0<\/p>\n<div style=\"text-align:center\">\n<figure class=\"image\" style=\"display:inline-block\"><a class=\"fancy\" href=\"https:\/\/img-3.journaldesfemmes.fr\/QrcINcFf6roWl8vVX7GhRGmR5DM=\/1080x\/smart\/05c6e51d9fc24b1eaf3fa051bb66569f\/ccmcms-jdf\/11432128.png\" target=\"_blank\" rel=\"noopener\"><img decoding=\"async\" alt=\"vague de chaleur france canicule\" src=\"https:\/\/img-3.journaldesfemmes.fr\/1i56puLmgiciOE_LWUfpSqUiP0M=\/600x\/smart\/05c6e51d9fc24b1eaf3fa051bb66569f\/ccmcms-jdf\/11432128.png\"\/><\/a><figcaption data-credit=\"M\u00e9t\u00e9o France\"><small>\u00a9\u00a0M\u00e9t\u00e9o France<\/small><\/figcaption><\/figure>\n<\/div>\n<h2 id=\"a-quelle-periode-survient-la-canicule-en-france\">A quelle p\u00e9riode survient la canicule en France\u00a0?<\/h2>\n<p>La canicule survient \u00e0\u00a0diff\u00e9rentes p\u00e9riodes\u00a0en fonction des pays. En France, la p\u00e9riode des fortes chaleurs pouvant entra\u00eener une canicule peut d\u00e9buter de la<strong> fin du mois de juin et se poursuivre jusqu&rsquo;au 15\u00a0ao\u00fbt<\/strong>.\u00a0<\/p>\n<h2 id=\"combien-de-morts-de-la-canicule-en-2003-\">Morts, temp\u00e9rature\u00a0: comment \u00e9tait la canicule en 2003\u00a0?<\/h2>\n<p>La canicule d&rsquo;ao\u00fbt 2003\u00a0a \u00e9t\u00e9 <strong>exceptionnelle <\/strong>par sa<strong> dur\u00e9e <\/strong>(<strong>deux semaines<\/strong>) entre le 1er et le 15\u00a0ao\u00fbt, son intensit\u00e9 et son extension g\u00e9ographique. L&rsquo;\u00e9t\u00e9 2003\u00a0est le plus chaud jamais observ\u00e9 depuis 1950, rappelle <a href=\"https:\/\/meteofrance.com\/magazine\/meteo-histoire\/les-grands-evenements\/la-canicule-daout-2003\" target=\"_blank\" rel=\"noopener\">M\u00e9t\u00e9o France<\/a>. Les <strong>temp\u00e9ratures sont mont\u00e9es de 24\u00a0\u00e0 37\u00a0degr\u00e9s les 5\u00a0premiers jours <\/strong>d&rsquo;ao\u00fbt puis ont <strong>plafonn\u00e9 \u00e0 36-37\u00a0degr\u00e9s jusqu&rsquo;au 13\u00a0ao\u00fbt<\/strong>. Le <strong>record de temp\u00e9rature<\/strong> a \u00e9t\u00e9 enregistr\u00e9 aux stations de Saint-Christol-les-Al\u00e8s et \u00e0 Conqueyrac<strong> dans le Gard, avec 44,1\u00a0\u00b0C.<\/strong> En France m\u00e9tropolitaine, 47\u00a0000\u00a0d\u00e9c\u00e8s toutes causes confondues ont \u00e9t\u00e9 enregistr\u00e9s pendant la canicule de 2003\u00a0contre 31\u00a0700\u00a0en moyenne sur la m\u00eame p\u00e9riode au cours des\u00a0ann\u00e9es 1999-2002, soit un <strong>exc\u00e9dent de\u00a0d\u00e9c\u00e8s de 15\u00a0300<\/strong>, rapporte l&rsquo;<a href=\"https:\/\/www.insee.fr\/fr\/statistiques\/4764693\" target=\"_blank\" rel=\"noopener\">Insee<\/a>.\u00a0La surmortalit\u00e9 a touch\u00e9 l&rsquo;ensemble de la France, m\u00eame dans les d\u00e9partements o\u00f9 le nombre de jours caniculaires \u00e9tait faible.\u00a0<\/p>\n<table border=\"1\" cellpadding=\"1\" cellspacing=\"1\" style=\"width:100%;\">\n<thead>\n<tr>\n<th scope=\"col\" style=\"text-align: center;\">Num\u00e9ros d&rsquo;Urgence :\u00a0<\/th>\n<\/tr>\n<\/thead>\n<tbody>\n<tr>\n<td>\n<ul>\n<li>Un num\u00e9ro d&rsquo;information est disponible en cas d&rsquo;\u00e9pisode de forte chaleur Canicule-info-service :\u00a0<strong>0\u00a0800\u00a006\u00a066\u00a066\u00a0<\/strong>(appel gratuit depuis un poste fixe), tous les jours de 09\u00a0h \u00e0 19\u00a0h.<\/li>\n<li>Le 15\u00a0: le num\u00e9ro \u00e0 composer en cas de malaise ou d&rsquo;urgence.<\/li>\n<li>Le 18\u00a0(Pompiers),<\/li>\n<li>Le 112\u00a0(num\u00e9ro d&rsquo;urgence unique europ\u00e9en).<\/li>\n<\/ul>\n<\/td>\n<\/tr>\n<\/tbody>\n<\/table><\/div>\n<p>[ad_2]<br \/>\n<br \/><a href=\"https:\/\/sante.journaldesfemmes.fr\/fiches-sante-du-quotidien\/2539136-canicule-2022-aout-france-carte-vigilance-alerte-orange-hydratation\/\">Source link <\/a><\/p>\n","protected":false},"excerpt":{"rendered":"<p>[ad_1] CANICULE FRANCE 2022.\u00a0Le 3\u00e8me \u00e9pisode de canicule en France se poursuit encore en cette 2\u00e8me semaine d&rsquo;ao\u00fbt. Les temp\u00e9ratures &hellip; <a href=\"http:\/\/www.affinite.fr\/index.php\/2022\/08\/09\/alerte-en-france-carte-vigilance-orange\/\" class=\"more-link\">Plus <span class=\"screen-reader-text\">alerte en France, carte, vigilance orange<\/span> <span class=\"meta-nav\">&rarr;<\/span><\/a><\/p>\n","protected":false},"author":1,"featured_media":8147,"comment_status":"","ping_status":"open","sticky":false,"template":"","format":"standard","meta":{"_sitemap_exclude":false,"_sitemap_priority":"","_sitemap_frequency":"","footnotes":""},"categories":[1],"tags":[],"class_list":["post-8146","post","type-post","status-publish","format-standard","has-post-thumbnail","hentry","category-tous"],"_links":{"self":[{"href":"http:\/\/www.affinite.fr\/index.php\/wp-json\/wp\/v2\/posts\/8146"}],"collection":[{"href":"http:\/\/www.affinite.fr\/index.php\/wp-json\/wp\/v2\/posts"}],"about":[{"href":"http:\/\/www.affinite.fr\/index.php\/wp-json\/wp\/v2\/types\/post"}],"author":[{"embeddable":true,"href":"http:\/\/www.affinite.fr\/index.php\/wp-json\/wp\/v2\/users\/1"}],"replies":[{"embeddable":true,"href":"http:\/\/www.affinite.fr\/index.php\/wp-json\/wp\/v2\/comments?post=8146"}],"version-history":[{"count":0,"href":"http:\/\/www.affinite.fr\/index.php\/wp-json\/wp\/v2\/posts\/8146\/revisions"}],"wp:featuredmedia":[{"embeddable":true,"href":"http:\/\/www.affinite.fr\/index.php\/wp-json\/wp\/v2\/media\/8147"}],"wp:attachment":[{"href":"http:\/\/www.affinite.fr\/index.php\/wp-json\/wp\/v2\/media?parent=8146"}],"wp:term":[{"taxonomy":"category","embeddable":true,"href":"http:\/\/www.affinite.fr\/index.php\/wp-json\/wp\/v2\/categories?post=8146"},{"taxonomy":"post_tag","embeddable":true,"href":"http:\/\/www.affinite.fr\/index.php\/wp-json\/wp\/v2\/tags?post=8146"}],"curies":[{"name":"wp","href":"https:\/\/api.w.org\/{rel}","templated":true}]}}