{"id":8144,"date":"2022-08-09T02:01:04","date_gmt":"2022-08-09T02:01:04","guid":{"rendered":"https:\/\/www.affinite.fr\/index.php\/2022\/08\/09\/idees-recettes-de-la-semaine-patisseries-du-8-au-14-aout-2022\/"},"modified":"2022-08-09T02:01:04","modified_gmt":"2022-08-09T02:01:04","slug":"idees-recettes-de-la-semaine-patisseries-du-8-au-14-aout-2022","status":"publish","type":"post","link":"http:\/\/www.affinite.fr\/index.php\/2022\/08\/09\/idees-recettes-de-la-semaine-patisseries-du-8-au-14-aout-2022\/","title":{"rendered":"Id\u00e9es recettes de la semaine : p\u00e2tisseries du 8 au 14 ao\u00fbt 2022"},"content":{"rendered":"<p> [ad_1]<br \/>\n<\/p>\n<p>J&#039;inaugure une nouvelle rubrique sur le blog : les <b>p\u00e2tisseries de la semaine<\/b> ! Vous me demandez tr\u00e8s souvent des id\u00e9es recettes, alors je me suis dit que ce serait sympa de vous donner des id\u00e9es pour toutes les occasions, en fonction de la <b>saison<\/b>.<\/p>\n<p>\u00a0<\/p>\n<div class=\"separator\" style=\"clear: both;text-align: center\"><a href=\"https:\/\/www.iletaitunefoislapatisserie.com\/2022\/08\/idees-patisserie-semaine-8-aout.html\"><img decoding=\"async\" alt=\"id\u00e9e patisseries semaine aout\" border=\"0\" data-original-height=\"960\" data-original-width=\"1200\" src=\"https:\/\/blogger.googleusercontent.com\/img\/b\/R29vZ2xl\/AVvXsEgWAmbGbEgTtVNzOM0LQUZDNcAEg1WLdgWO2TtFdgXk186t3zmSbXwKNEEUoQOEKwCYfSJ7Mk_hUmWo7BQFpV6FUrqDC9Sj-QnBSZyrpt7WD3P1aNDvxRW4brHT-97BO7l-OF2LMq65YRDfZDM3r6Y8_GeBhgpNj_Wqc1gHt9ic71Os7kIALZZ8rmZU\/s16000\/P%C3%A2tisseries-de-la-semaine-8-aout.jpg\" title=\"id\u00e9e recette patisserie semaine aout\" width=\"100%\"><\/a><\/div>\n<p><\/p>\n<p>Si \u00e7a vous plait, je continuerai, sinon la rubrique prendra fin. A suivre !<\/p>\n<p><\/p>\n<p><span><\/span><a href=\"https:\/\/www.iletaitunefoislapatisserie.com\/2022\/08\/idees-patisserie-semaine-8-aout.html#more\">&#8230; la suite par ici !<\/a><br \/>\n<br \/>[ad_2]<br \/>\n<br \/><a href=\"https:\/\/www.iletaitunefoislapatisserie.com\/2022\/08\/idees-patisserie-semaine-8-aout.html\">Source link <\/a><\/p>\n","protected":false},"excerpt":{"rendered":"<p>[ad_1] J&#039;inaugure une nouvelle rubrique sur le blog : les p\u00e2tisseries de la semaine ! Vous me demandez tr\u00e8s souvent &hellip; <a href=\"http:\/\/www.affinite.fr\/index.php\/2022\/08\/09\/idees-recettes-de-la-semaine-patisseries-du-8-au-14-aout-2022\/\" class=\"more-link\">Plus <span class=\"screen-reader-text\">Id\u00e9es recettes de la semaine : p\u00e2tisseries du 8 au 14 ao\u00fbt 2022<\/span> <span class=\"meta-nav\">&rarr;<\/span><\/a><\/p>\n","protected":false},"author":1,"featured_media":8145,"comment_status":"","ping_status":"open","sticky":false,"template":"","format":"standard","meta":{"_sitemap_exclude":false,"_sitemap_priority":"","_sitemap_frequency":"","footnotes":""},"categories":[1],"tags":[],"class_list":["post-8144","post","type-post","status-publish","format-standard","has-post-thumbnail","hentry","category-tous"],"_links":{"self":[{"href":"http:\/\/www.affinite.fr\/index.php\/wp-json\/wp\/v2\/posts\/8144"}],"collection":[{"href":"http:\/\/www.affinite.fr\/index.php\/wp-json\/wp\/v2\/posts"}],"about":[{"href":"http:\/\/www.affinite.fr\/index.php\/wp-json\/wp\/v2\/types\/post"}],"author":[{"embeddable":true,"href":"http:\/\/www.affinite.fr\/index.php\/wp-json\/wp\/v2\/users\/1"}],"replies":[{"embeddable":true,"href":"http:\/\/www.affinite.fr\/index.php\/wp-json\/wp\/v2\/comments?post=8144"}],"version-history":[{"count":0,"href":"http:\/\/www.affinite.fr\/index.php\/wp-json\/wp\/v2\/posts\/8144\/revisions"}],"wp:featuredmedia":[{"embeddable":true,"href":"http:\/\/www.affinite.fr\/index.php\/wp-json\/wp\/v2\/media\/8145"}],"wp:attachment":[{"href":"http:\/\/www.affinite.fr\/index.php\/wp-json\/wp\/v2\/media?parent=8144"}],"wp:term":[{"taxonomy":"category","embeddable":true,"href":"http:\/\/www.affinite.fr\/index.php\/wp-json\/wp\/v2\/categories?post=8144"},{"taxonomy":"post_tag","embeddable":true,"href":"http:\/\/www.affinite.fr\/index.php\/wp-json\/wp\/v2\/tags?post=8144"}],"curies":[{"name":"wp","href":"https:\/\/api.w.org\/{rel}","templated":true}]}}