{"id":8134,"date":"2022-08-05T21:14:15","date_gmt":"2022-08-05T21:14:15","guid":{"rendered":"https:\/\/www.affinite.fr\/index.php\/2022\/08\/05\/plus-belle-la-vie-en-avance-resume-de-lepisode-du-lundi-8-aout-2022-spoilers-news-series-a-la-tv\/"},"modified":"2022-08-05T21:14:15","modified_gmt":"2022-08-05T21:14:15","slug":"plus-belle-la-vie-en-avance-resume-de-lepisode-du-lundi-8-aout-2022-spoilers-news-series-a-la-tv","status":"publish","type":"post","link":"http:\/\/www.affinite.fr\/index.php\/2022\/08\/05\/plus-belle-la-vie-en-avance-resume-de-lepisode-du-lundi-8-aout-2022-spoilers-news-series-a-la-tv\/","title":{"rendered":"Plus belle la vie en avance : r\u00e9sum\u00e9 de l&rsquo;\u00e9pisode du lundi 8 ao\u00fbt 2022 [SPOILERS] &#8211; News S\u00e9ries \u00e0 la TV"},"content":{"rendered":"<p> [ad_1]<br \/>\n<br \/><img decoding=\"async\" src=\"http:\/\/fr.web.img1.acsta.net\/newsv7\/22\/08\/05\/16\/56\/3364618.jpg\" \/><\/p>\n<p>Dans les prochains \u00e9pisodes de \u00ab\u00a0Plus belle la vie\u00a0\u00bb&#8230; Kevin et Emma sont pr\u00eats \u00e0 tout pour faire avouer Camille. Luc redonne espoir \u00e0 Mirta, qui retrouve le sourire. Vidal et Vanessa, quant \u00e0 eux, partagent une premi\u00e8re soir\u00e9e romantique.<\/p>\n<div id=\"article-content\">\n<figure class=\"player player-auto-play js-player\" data-model=\"{&quot;videos&quot;:[{&quot;id&quot;:19597139,&quot;idDailymotion&quot;:&quot;x8bxe4m&quot;,&quot;sources&quot;:{&quot;high&quot;:&quot;https:\/\/fr.vid.web.acsta.net\/nmedia\/33\/22\/06\/23\/10\/19597139_hd_013.mp4&quot;,&quot;low&quot;:&quot;https:\/\/fr.vid.web.acsta.net\/nmedia\/33\/22\/06\/23\/10\/19597139_l_013.mp4&quot;,&quot;medium&quot;:&quot;https:\/\/fr.vid.web.acsta.net\/nmedia\/33\/22\/06\/23\/10\/19597139_m_013.mp4&quot;,&quot;standard&quot;:&quot;https:\/\/fr.vid.web.acsta.net\/nmedia\/33\/22\/06\/23\/10\/19597139_sd_013.mp4&quot;},&quot;image&quot;:&quot;\/videothumbnails\/22\/06\/23\/10\/21\/0291985.jpg&quot;,&quot;title&quot;:&quot;Plus belle la vie : la fin de la su00e9rie, le grand amour de Romain... Les ru00e9vu00e9lations d'Elodie Varlet et Simon Ehrlacher&quot;,&quot;trackingIdentifier&quot;:&quot;19597139-plus_belle_la_vie_la_fin_de_la_serie_le_grand_amour_de_romain_les_revelations_d_elodie_varlet_et_simon_ehrlacher&quot;,&quot;embedUrl&quot;:&quot;ACraHRACr0cHM6Ly9wbGF5ZXIuYWxsb2NpbmUuZnIvMTk1OTcxMzkuaHRtbA==&quot;,&quot;file_type&quot;:&quot;INTERVIEW&quot;,&quot;description&quot;:&quot;Plus belle la vie : la fin de la su00e9rie, le grand amour de Romain... Les ru00e9vu00e9lations d'Elodie Varlet et Simon Ehrlacher&quot;,&quot;duration&quot;:106,&quot;view_count&quot;:69686,&quot;added_at&quot;:{&quot;date&quot;:&quot;2022-06-23 10:19:00.000000&quot;,&quot;timezone_type&quot;:3,&quot;timezone&quot;:&quot;Europe\/Paris&quot;},&quot;metas&quot;:{&quot;id_main_show&quot;:null,&quot;name_main_show&quot;:null,&quot;image_main_show&quot;:null,&quot;id_main_movie&quot;:null,&quot;name_main_movie&quot;:null,&quot;image_main_movie&quot;:null,&quot;id_main_series&quot;:322,&quot;name_main_series&quot;:&quot;Plus belle la vie&quot;,&quot;image_main_series&quot;:null,&quot;id_main_season&quot;:44231,&quot;name_main_season&quot;:null,&quot;image_main_season&quot;:null,&quot;main_season_number&quot;:18,&quot;id_main_person&quot;:null,&quot;name_main_person&quot;:null,&quot;image_main_person&quot;:null,&quot;use_portal&quot;:null,&quot;release_date_main_movie&quot;:null,&quot;nb_days_release_main_movie&quot;:null,&quot;id_meta_category&quot;:null,&quot;name_meta_category&quot;:null,&quot;localized_file_type&quot;:null,&quot;trans_file_type&quot;:null,&quot;main_movie_type&quot;:null,&quot;main_season_rating&quot;:null,&quot;main_series_rating&quot;:null,&quot;main_season_user_note_count&quot;:null,&quot;genre_main_movie&quot;:null,&quot;genre_main_series&quot;:null,&quot;release_status_movie&quot;:null,&quot;release_status_series&quot;:null},&quot;is_emergence_inhibited&quot;:false,&quot;relatedEntityType&quot;:&quot;series&quot;,&quot;relatedEntityId&quot;:322,&quot;relatedEntityTitle&quot;:&quot;Plus belle la vie&quot;,&quot;entityStatus&quot;:&quot;in_progress&quot;,&quot;relatedEntityTrackingIdentifier&quot;:&quot;322-plus_belle_la_vie&quot;}],&quot;disablePreroll&quot;:false,&quot;disablePostroll&quot;:false,&quot;endScreen&quot;:true,&quot;context&quot;:&quot;newspage_news&quot;,&quot;launch&quot;:&quot;auto-play&quot;,&quot;followScroll&quot;:true,&quot;editorialContent&quot;:&quot;18712616-plus_belle_la_vie_en_avance_resume_de_l_episode_du_lundi_8_aout_2022_spoilers&quot;,&quot;disableAutoPause&quot;:true,&quot;player_position&quot;:&quot;playertop&quot;}\" data-thumb=\"https:\/\/fr.web.img4.acsta.net\/r_640_360\/videothumbnails\/22\/06\/23\/10\/21\/0291985.jpg\">\n<\/figure>\n<p>Camille avoue tout \u00e0 Kevin<\/p>\n<p>Kevin fait une surprise \u00e0 Camille et lui fait d\u00e9couvrir le mobile home qu\u2019il a lou\u00e9 pour leurs premi\u00e8res vacances ensemble. Mais c\u2019est un pi\u00e8ge, Emma est \u00e9galement pr\u00e9sente. Camille croit alors que Kevin a invit\u00e9 sa s\u0153ur pour qu\u2019ils se r\u00e9concilient. Mais le jeune homme lui explique que ce n\u2019est pas le cas.<\/p>\n<p>Emma avoue \u00e0 sa s\u0153ur qu\u2019ils l\u2019ont suivie jusqu\u2019\u00e0 la carri\u00e8re et la pousse \u00e0 leur dire toute la v\u00e9rit\u00e9. La jeune fille continue cependant \u00e0 s\u2019enfoncer dans son mensonge et de pr\u00e9tendre qu\u2019elle n\u2019a rien fait. Furieuse, Emma lui montre la carte d\u2019identit\u00e9 de C\u00e9sar que Camille a tent\u00e9 de br\u00fbler la veille.<\/p>\n<p>Cette derni\u00e8re panique et veut partir, mais Emma refuse de la laisser passer.\u00a0Elle ne sortira pas tant qu\u2019elle ne parlera pas.\u00a0Et malgr\u00e9 toutes les preuves qu\u2019ont Emma et Kevin, Camille continue de mentir. Elle pr\u00e9tend que ce n\u2019\u00e9tait pas elle, ce qui rend furieuse sa s\u0153ur qui lui montre la vid\u00e9o qu\u2019elle a prise d\u2019elle.<\/p>\n<p>La jeune femme pr\u00e9tend qu\u2019elle ne sait pas o\u00f9 est le corps de C\u00e9sar, et que Jacob lui a juste dit o\u00f9 se trouvaient les affaires du jeune homme. Elle a eu peur, et ne voulait pas que Jacob l\u2019accuse. Emma commence \u00e0 perdre son sang-froid et quitte la pi\u00e8ce en claquant la porte derri\u00e8re elle. Kevin lui embo\u00eete le pas.<\/p>\n<p>\u00c0 son retour, il fait croire \u00e0 Camille qu\u2019il a demand\u00e9 \u00e0 Emma de partir. Puis il manipule la jeune fille en lui avouant qu\u2019il lui a dit des choses qu\u2019il n\u2019a jamais dites \u00e0 personne et qu\u2019il voulait que ce soit r\u00e9ciproque. Il lui fait croire que \u00e7a le rendrait heureux s\u2019ils n\u2019avaient plus aucun secret l\u2019un envers l\u2019autre.<\/p>\n<p>Apr\u00e8s que Kevin lui a jur\u00e9 qu\u2019il ne r\u00e9p\u00e9tera rien \u00e0 Emma, Camille lui raconte tout : comment ils l\u2019ont manipul\u00e9 avec Jacob en Croatie pour qu\u2019il tombe amoureux d\u2019elle, pourquoi elle a laiss\u00e9 Jacob tuer Alice et pourquoi ils ont tu\u00e9 C\u00e9sar. Camille avoue aussi le meurtre du professeur de parachutisme d\u2019Emma.<\/p>\n<p>Kevin a du mal \u00e0 croire tout ce qu\u2019il entend. La jeune femme lui assure avoir agi de la sorte pour prot\u00e9ger sa s\u0153ur. Emma, qui \u00e9tait cach\u00e9e \u00e0 l\u2019ext\u00e9rieur, a enregistr\u00e9 ses aveux. Elle appelle alors le commandant Nebout pour lui dire qu\u2019elle a la preuve que Camille est complice de Jacob et qu\u2019elle d\u00e9sire la d\u00e9noncer. Camille s\u2019effondre en larmes et mart\u00e8le qu\u2019elle est d\u00e9sol\u00e9e.<\/p>\n<p>Olivier Jourdan sur la sellette<\/p>\n<p><strong>\u00a0<\/strong>Dans le cadre de l\u2019enqu\u00eate sur les incendies, Olivier Jourdan a \u00e9t\u00e9 plac\u00e9 en garde \u00e0 vue et est auditionn\u00e9 par le commandant Nebout. Le gourou explique au policier les raisons qui expliquent la pr\u00e9sence des coquilles d\u2019ormeau retrouv\u00e9es dans sa villa. Elles sont en effet utilis\u00e9es dans les rituels chamaniques de purification, la coquille symbolisant l\u2019eau.<\/p>\n<p>Mais le commandant Nebout n\u2019est pas convaincu. Il explique ainsi \u00e0 Olivier Jourdan que son empreinte a \u00e9t\u00e9 retrouv\u00e9e sur une coquille ayant servi \u00e0 allumer un feu de for\u00eat. Pour le gourou, cette empreinte est une erreur. Il explique qu\u2019il pr\u00e9pare des dizaines de coquillage par semaine et que certains ont justement \u00e9t\u00e9 vol\u00e9s quelques jours plus t\u00f4t.<\/p>\n<p>Patrick fait ensuite \u00e9couter \u00e0 Olivier l\u2019enregistrement de Baptiste et Justine mais ce dernier sait pertinemment que l\u2019enregistrement n\u2019a aucune valeur juridique. Par ailleurs, il est sous bracelet \u00e9lectronique et n\u2019a donc pas pu avoir d\u00e9clench\u00e9 ces incendies. Pour lui, Patrick s\u2019acharne sur lui, et se demande si le policier ne cherche pas \u00e0 se rapprocher de lui.<\/p>\n<p>Patrick choisit de ne pas r\u00e9pondre \u00e0 cette provocation. Le commandant Nebout soup\u00e7onne Jourdan de demander \u00e0 ses adeptes de d\u00e9clencher les incendies \u00e0 sa place. L\u2019homme lui rappelle que la communaut\u00e9 pr\u00f4ne l\u2019inverse de la destruction, puis il met sa main sur celle du commandant Nebout tout en lui martelant que sa place est parmi eux. Patrick menace alors Jourdan de le faire plonger 10 ans de plus s\u2019il s\u2019avise de recommencer.<\/p>\n<p>Le commandant Nebout et Baptiste tentent ensuite de convaincre le procureur Revel de faire lib\u00e9rer Jourdan pour tenter un flagrant d\u00e9lit. Le jeune homme pense en effet savoir o\u00f9 se trouve le lieu du prochain d\u00e9part d\u2019incendie. Il suffit donc juste de mettre en place un dispositif policier \u00e0 cet endroit pour attraper le coupable. Revel accepte de lib\u00e9rer Jourdan et fait promettre \u00e0 Patrick et Baptiste de ne pas le d\u00e9cevoir.<\/p>\n<p>Mirta sous le charme du p\u00e8re Luc<\/p>\n<p><strong>\u00a0<\/strong>Le p\u00e8re Luc passe au Z\u00e9phyr, chercher Nelson, car il doit l\u2019emmener \u00e0 un entretien d\u2019embauche. C\u2019est enfin l\u2019occasion pour le pr\u00eatre de rencontrer Mirta en vrai. Il est certain de l\u2019avoir d\u00e9j\u00e0 vu en dehors du confessionnal, mais Mirta fait mine de ne pas s\u2019en souvenir. Leur conversation est interrompue par l\u2019arriv\u00e9e de Nelson, qui les remercie pour l\u2019aide qu\u2019ils lui ont apport\u00e9e.<\/p>\n<p>Si le p\u00e8re Luc se r\u00e9jouit de ce nouveau d\u00e9part, il ne peut s\u2019emp\u00eacher de se demander qui va l\u2019aider avec les sinistr\u00e9s des incendies si Nelson d\u00e9croche un travail. Luna propose les services de sa m\u00e8re. Un brin g\u00ean\u00e9e, Mirta explique au P\u00e8re Luc qu\u2019elle doit r\u00e9fl\u00e9chir, car elle a d\u00e9j\u00e0 des engagements.<\/p>\n<p>Plus tard dans la journ\u00e9e, Mirta se rend \u00e0 l\u2019\u00c9glise et confesse au P\u00e8re Luc qu\u2019elle \u00e9prouve des sentiments pour un homme beaucoup plus jeune qu\u2019elle. \u00ab L\u2019amour n\u2019a pas d\u2019\u00e2ge ni de pr\u00e9jug\u00e9s \u00bb lui r\u00e9pond-il. Il lui avoue que, maintenant qu\u2019il l\u2019a rencontr\u00e9, il peut dire qu\u2019elle est une femme rayonnante. Il encourage alors Mirta \u00e0 ouvrir son c\u0153ur \u00e0 cet homme que Dieu a mis sur son chemin.<\/p>\n<p>Vanessa et Romain, unis par le destin ?<\/p>\n<p><strong>\u00a0<\/strong>Romain invite Vanessa \u00e0 d\u00e9jeuner au Marci. Tous les deux sortent d\u2019une p\u00e9riode compliqu\u00e9e sentimentalement. Un point commun qu\u2019ils voient comme un nouveau signe du destin. Apr\u00e8s avoir termin\u00e9 leur repas, ils font une promenade au bord de la plage.<\/p>\n<p>Sous le charme, Romain propose \u00e0 Vanessa qu\u2019ils se revoient le soir m\u00eame, mais la jeune femme re\u00e7oit un texto au m\u00eame moment et d\u00e9cline son invitation. Ils se promettent cependant de bient\u00f4t se revoir.<\/p>\n<\/div>\n<p>[ad_2]<br \/>\n<br \/><a href=\"http:\/\/www.allocine.fr\/article\/fichearticle_gen_carticle=18712616.html\">Source link <\/a><\/p>\n","protected":false},"excerpt":{"rendered":"<p>[ad_1] Dans les prochains \u00e9pisodes de \u00ab\u00a0Plus belle la vie\u00a0\u00bb&#8230; Kevin et Emma sont pr\u00eats \u00e0 tout pour faire avouer &hellip; <a href=\"http:\/\/www.affinite.fr\/index.php\/2022\/08\/05\/plus-belle-la-vie-en-avance-resume-de-lepisode-du-lundi-8-aout-2022-spoilers-news-series-a-la-tv\/\" class=\"more-link\">Plus <span class=\"screen-reader-text\">Plus belle la vie en avance : r\u00e9sum\u00e9 de l&rsquo;\u00e9pisode du lundi 8 ao\u00fbt 2022 [SPOILERS] &#8211; News S\u00e9ries \u00e0 la TV<\/span> <span class=\"meta-nav\">&rarr;<\/span><\/a><\/p>\n","protected":false},"author":1,"featured_media":8135,"comment_status":"","ping_status":"open","sticky":false,"template":"","format":"standard","meta":{"_sitemap_exclude":false,"_sitemap_priority":"","_sitemap_frequency":"","footnotes":""},"categories":[1],"tags":[],"class_list":["post-8134","post","type-post","status-publish","format-standard","has-post-thumbnail","hentry","category-tous"],"_links":{"self":[{"href":"http:\/\/www.affinite.fr\/index.php\/wp-json\/wp\/v2\/posts\/8134"}],"collection":[{"href":"http:\/\/www.affinite.fr\/index.php\/wp-json\/wp\/v2\/posts"}],"about":[{"href":"http:\/\/www.affinite.fr\/index.php\/wp-json\/wp\/v2\/types\/post"}],"author":[{"embeddable":true,"href":"http:\/\/www.affinite.fr\/index.php\/wp-json\/wp\/v2\/users\/1"}],"replies":[{"embeddable":true,"href":"http:\/\/www.affinite.fr\/index.php\/wp-json\/wp\/v2\/comments?post=8134"}],"version-history":[{"count":0,"href":"http:\/\/www.affinite.fr\/index.php\/wp-json\/wp\/v2\/posts\/8134\/revisions"}],"wp:featuredmedia":[{"embeddable":true,"href":"http:\/\/www.affinite.fr\/index.php\/wp-json\/wp\/v2\/media\/8135"}],"wp:attachment":[{"href":"http:\/\/www.affinite.fr\/index.php\/wp-json\/wp\/v2\/media?parent=8134"}],"wp:term":[{"taxonomy":"category","embeddable":true,"href":"http:\/\/www.affinite.fr\/index.php\/wp-json\/wp\/v2\/categories?post=8134"},{"taxonomy":"post_tag","embeddable":true,"href":"http:\/\/www.affinite.fr\/index.php\/wp-json\/wp\/v2\/tags?post=8134"}],"curies":[{"name":"wp","href":"https:\/\/api.w.org\/{rel}","templated":true}]}}