{"id":8123,"date":"2022-08-03T02:43:22","date_gmt":"2022-08-03T02:43:22","guid":{"rendered":"https:\/\/www.affinite.fr\/index.php\/2022\/08\/03\/carla-bruni-sarkozy-totalement-blonde-photo-surprenante\/"},"modified":"2022-08-03T02:43:22","modified_gmt":"2022-08-03T02:43:22","slug":"carla-bruni-sarkozy-totalement-blonde-photo-surprenante","status":"publish","type":"post","link":"http:\/\/www.affinite.fr\/index.php\/2022\/08\/03\/carla-bruni-sarkozy-totalement-blonde-photo-surprenante\/","title":{"rendered":"Carla Bruni-Sarkozy, totalement blonde\u00a0: PHOTO surprenante"},"content":{"rendered":"<p> [ad_1]<br \/>\n<br \/><img decoding=\"async\" src=\"https:\/\/img-3.journaldesfemmes.fr\/E90qVlAhS2pRniYLKQObQQhpe9s=\/1280x\/smart\/eae3f1d367ea42f986fe7f13e65f6b72\/ccmcms-jdf\/36592726.jpg\" \/><\/p>\n<p>\n                Le photographe Jean-Marie P\u00e9rier a publi\u00e9 une photo sur laquelle l&rsquo;on aper\u00e7oit Carla Bruni-Sarkozy&#8230; en blonde\u00a0! Voyez plut\u00f4t.            <\/p>\n<div>\n<p><strong>Jean-Marie P\u00e9rier<\/strong> a \u00e9t\u00e9 LE photographe des stars des ann\u00e9es Y\u00e9-y\u00e9. Alors aujourd&rsquo;hui, l&rsquo;artiste de 82 ans poss\u00e8de une myriade de tr\u00e9sors captur\u00e9s par son objectif. Sur son compte Instagram, l&rsquo;ex-compagnon de <a href=\"https:\/\/www.journaldesfemmes.fr\/people\/personnalites\/2706899-francoise-hardy-age-anniversaire\/\" title=\"Fran\u00e7oise Hardy\">Fran\u00e7oise Hardy<\/a> n&rsquo;h\u00e9site pas \u00e0 poster r\u00e9guli\u00e8rement des clich\u00e9s de ses amis stars qu&rsquo;il d\u00e9terre pour le plus grand plaisir de ses abonn\u00e9s. Le 1er ao\u00fbt, c&rsquo;est <strong><a href=\"https:\/\/www.journaldesfemmes.fr\/people\/carla-bruni-sarkozy\/\" title=\"Carla Bruni Sarkozi\">Carla Bruni-Sarkozy<\/a><\/strong> qu&rsquo;il met \u00e0 l&rsquo;honneur sur son compte Instagram.\u00a0Jean-Marie P\u00e9rier a publi\u00e9 le clich\u00e9 d&rsquo;un shooting photo r\u00e9alis\u00e9 dans les ann\u00e9es 90 pour le magazine <em>ELLE<\/em>, sur lequel l&rsquo;on aper\u00e7oit<strong> la femme de <a href=\"https:\/\/www.journaldesfemmes.fr\/people\/nicolas-sarkozy\/\" title=\"Nicolas Sarkozi\">Nicolas Sarkozy<\/a>, souriante et blonde<\/strong>, et l&rsquo;ancien mannequin <strong>Karen Mulder<\/strong>.<\/p>\n<h2>Jean-Marie P\u00e9rier fait l&rsquo;\u00e9loge de mannequins \u00ab\u00a0belles\u00a0\u00bb et \u00ab\u00a0dou\u00e9es\u00a0\u00bb<\/h2>\n<p>\u00ab\u00a0<em>Lorsqu&rsquo;elles se sentaient en s\u00e9curit\u00e9, ce que l&rsquo;on appelait des &lsquo;mannequins&rsquo; dans les ann\u00e9es 50\u00a0vous faisaient <a href=\"http:\/\/www.affinite.fr\/index.php\/2024\/12\/08\/chere-maman-et-si-ce-noel-vous-offriez-a-votre-ado-un-avenir-%f0%9f%8e%84%e2%9c%a8\/\">cadeau<\/a> de leur talent. Mais dans les ann\u00e9es 90\u00a0ce fut l&rsquo;apog\u00e9e <strong>voire l&rsquo;explosion d&rsquo;une kyrielle de jeunes femmes aussi belles que dou\u00e9es<\/strong>. Et soyons clair, une fois l&rsquo;\u00e9clairage mis en place dans son studio le photographe n&rsquo;avait pas grand-chose \u00e0 faire, ce qu&rsquo;elles offraient s&rsquo;apparentait \u00e0 un <strong>spectacle ou \u00e0 la danse classique<\/strong><\/em>\u00ab\u00a0, a simplement comment\u00e9 le photographe, toujours \u00e9pris par la gr\u00e2ce de ces nymphes, trente ans plus tard.<\/p>\n<\/p><\/div>\n<p>[ad_2]<br \/>\n<br \/><a href=\"https:\/\/www.journaldesfemmes.fr\/people\/actus\/2838997-carla-bruni-sarkozy-blonde-jean-marie-perier-karen-mulder\/\">Source link <\/a><\/p>\n","protected":false},"excerpt":{"rendered":"<p>[ad_1] Le photographe Jean-Marie P\u00e9rier a publi\u00e9 une photo sur laquelle l&rsquo;on aper\u00e7oit Carla Bruni-Sarkozy&#8230; en blonde\u00a0! Voyez plut\u00f4t. Jean-Marie &hellip; <a href=\"http:\/\/www.affinite.fr\/index.php\/2022\/08\/03\/carla-bruni-sarkozy-totalement-blonde-photo-surprenante\/\" class=\"more-link\">Plus <span class=\"screen-reader-text\">Carla Bruni-Sarkozy, totalement blonde\u00a0: PHOTO surprenante<\/span> <span class=\"meta-nav\">&rarr;<\/span><\/a><\/p>\n","protected":false},"author":1,"featured_media":8124,"comment_status":"","ping_status":"open","sticky":false,"template":"","format":"standard","meta":{"_sitemap_exclude":false,"_sitemap_priority":"","_sitemap_frequency":"","footnotes":""},"categories":[1],"tags":[],"class_list":["post-8123","post","type-post","status-publish","format-standard","has-post-thumbnail","hentry","category-tous"],"_links":{"self":[{"href":"http:\/\/www.affinite.fr\/index.php\/wp-json\/wp\/v2\/posts\/8123"}],"collection":[{"href":"http:\/\/www.affinite.fr\/index.php\/wp-json\/wp\/v2\/posts"}],"about":[{"href":"http:\/\/www.affinite.fr\/index.php\/wp-json\/wp\/v2\/types\/post"}],"author":[{"embeddable":true,"href":"http:\/\/www.affinite.fr\/index.php\/wp-json\/wp\/v2\/users\/1"}],"replies":[{"embeddable":true,"href":"http:\/\/www.affinite.fr\/index.php\/wp-json\/wp\/v2\/comments?post=8123"}],"version-history":[{"count":0,"href":"http:\/\/www.affinite.fr\/index.php\/wp-json\/wp\/v2\/posts\/8123\/revisions"}],"wp:featuredmedia":[{"embeddable":true,"href":"http:\/\/www.affinite.fr\/index.php\/wp-json\/wp\/v2\/media\/8124"}],"wp:attachment":[{"href":"http:\/\/www.affinite.fr\/index.php\/wp-json\/wp\/v2\/media?parent=8123"}],"wp:term":[{"taxonomy":"category","embeddable":true,"href":"http:\/\/www.affinite.fr\/index.php\/wp-json\/wp\/v2\/categories?post=8123"},{"taxonomy":"post_tag","embeddable":true,"href":"http:\/\/www.affinite.fr\/index.php\/wp-json\/wp\/v2\/tags?post=8123"}],"curies":[{"name":"wp","href":"https:\/\/api.w.org\/{rel}","templated":true}]}}