{"id":8106,"date":"2022-07-29T09:04:28","date_gmt":"2022-07-29T09:04:28","guid":{"rendered":"https:\/\/www.affinite.fr\/index.php\/2022\/07\/29\/fabriquer-un-banc-en-bois-de-palette\/"},"modified":"2022-07-29T09:04:28","modified_gmt":"2022-07-29T09:04:28","slug":"fabriquer-un-banc-en-bois-de-palette","status":"publish","type":"post","link":"http:\/\/www.affinite.fr\/index.php\/2022\/07\/29\/fabriquer-un-banc-en-bois-de-palette\/","title":{"rendered":"Fabriquer un banc en bois de palette"},"content":{"rendered":"<p> [ad_1]<br \/>\n<br \/><img decoding=\"async\" src=\"https:\/\/www.maison.com\/images\/medias\/000\/055\/000055429\/200.jpg\" \/><\/p>\n<div itemprop=\"articleBody\">\n<p>\n  De la <strong>table \u00e0 l\u2019\u00e9tag\u00e8re en passant par le canap\u00e9, presque tout est possible avec quelques palettes<\/strong> d\u00e9coup\u00e9es et assembl\u00e9es. Pour rendre la conception de <strong>meubles en palettes accessible \u00e0 tous,<\/strong> une entreprise fran\u00e7aise a d\u00e9velopp\u00e9 des accessoires exclusifs. Le concept est simple\u00a0: des accessoires en acier, esth\u00e9tiques et pratiques pour la conception rapide de mobilier en palettes.\n<\/p>\n<p>\n  D\u2019une mani\u00e8re g\u00e9n\u00e9rale, lorsque l\u2019on veut <strong>fabriquer un meuble en palettes<\/strong> que l\u2019on souhaite rendre esth\u00e9tique et qualitatif, il est n\u00e9cessaire d\u2019avoir des connaissances en bricolage, ainsi qu\u2019un minimum de mat\u00e9riel. Il faut \u00e9galement le prot\u00e9ger dans le cas o\u00f9 le produit irait en ext\u00e9rieur, afin qu\u2019il ne s\u2019use pas et puisse \u00eatre r\u00e9utilis\u00e9. Alors qu\u2019avec <strong>cette solution astucieuse d\u2019accessoires en acier fabriqu\u00e9s<\/strong> en France, la fabrication est beaucoup plus simple et plus rapide.\n<\/p>\n<p>\n  Con\u00e7us <strong>en acier avec traitement sp\u00e9cifique anticorrosion<\/strong> haute performance, les produits peuvent \u00eatre install\u00e9s en ext\u00e9rieur sans aucun souci et durer de nombreuses ann\u00e9es. Ces <strong>accessoires sont d\u00e9clinables en plusieurs coloris<\/strong> pour \u00e9gailler et s\u2019int\u00e9grer au mieux dans l\u2019esprit de votre int\u00e9rieur ou de votre ext\u00e9rieur. Des couleurs standards et douces pour une d\u00e9co \u00e0 l\u2019esprit boh\u00e8me, r\u00e9cup, industrielle ou scandinave.\n<\/p>\n<p>\n  A titre d\u2019exemple, <strong>un banc en palette peut s\u2019installer dans une entr\u00e9e, dans un jardin,<\/strong> au bord d\u2019un plan d\u2019eau ou d\u2019un terrain de p\u00e9tanque par exemple. Plus petit que le canap\u00e9 en palette, il est fabriqu\u00e9 \u00e0 partir d\u2019une demi-palette (d\u00e9coup\u00e9e dans la longueur). Pour fabriquer un banc ou un canap\u00e9 en palette avec les accessoires ID Palett, rien de plus simple. <strong>Il suffit d\u2019une palette, de 2 planches, de 4 pieds et d\u2019un kit de montants.<\/strong> L\u2019installation des pieds et des montants se fait rapidement \u00e0 l\u2019aide d\u2019une visseuse. En quelques minutes vous pouvez monter un banc esth\u00e9tique, confortable et original \u00e0 venir installer o\u00f9 vous le souhaitez.\n<\/p>\n<p>\n  <strong>Du Pass\u00e9 au Pr\u00e9sent est le<\/strong> <strong>premier fabricant Fran\u00e7ais d\u2019accessoires design pour concevoir soi-m\u00eame du mobilier palette.<\/strong> Ces accessoires pour palettes innovants ont \u00e9t\u00e9 imagin\u00e9s et fabriqu\u00e9s par une entreprise industrielle fran\u00e7aise. Sous-traitant industriel depuis 1947, cette entreprise d\u00e9veloppe en parall\u00e8le de son activit\u00e9 industrielle des innovations design \u00e0 partir d\u2019acier. De la chemin\u00e9e \u00e9thanol, aux accessoires pour palette.\n<\/p>\n<p>\n  <strong style=\"text-decoration: underline\">Pour de plus amples informations<\/strong>\u00a0:\u00a0 \u00a0<a href=\"http:\/\/www.dupasse-aupresent.com\/\">www.dupasse-aupresent.com<\/a>\n<\/p>\n<\/p><\/div>\n<p><script async defer crossorigin=\"anonymous\" src=\"https:\/\/connect.facebook.net\/fr_FR\/sdk.js#xfbml=1&#038;version=v6.0&#038;appId=252025098257546&#038;autoLogAppEvents=1\"><\/script><br \/>\n<br \/>[ad_2]<br \/>\n<br \/><a href=\"https:\/\/www.maison.com\/brico-travaux\/menuiserie\/fabriquer-banc-bois-palette-9796\/\">Source link <\/a><\/p>\n","protected":false},"excerpt":{"rendered":"<p>[ad_1] De la table \u00e0 l\u2019\u00e9tag\u00e8re en passant par le canap\u00e9, presque tout est possible avec quelques palettes d\u00e9coup\u00e9es et &hellip; <a href=\"http:\/\/www.affinite.fr\/index.php\/2022\/07\/29\/fabriquer-un-banc-en-bois-de-palette\/\" class=\"more-link\">Plus <span class=\"screen-reader-text\">Fabriquer un banc en bois de palette<\/span> <span class=\"meta-nav\">&rarr;<\/span><\/a><\/p>\n","protected":false},"author":1,"featured_media":8107,"comment_status":"","ping_status":"open","sticky":false,"template":"","format":"standard","meta":{"_sitemap_exclude":false,"_sitemap_priority":"","_sitemap_frequency":"","footnotes":""},"categories":[1],"tags":[],"class_list":["post-8106","post","type-post","status-publish","format-standard","has-post-thumbnail","hentry","category-tous"],"_links":{"self":[{"href":"http:\/\/www.affinite.fr\/index.php\/wp-json\/wp\/v2\/posts\/8106"}],"collection":[{"href":"http:\/\/www.affinite.fr\/index.php\/wp-json\/wp\/v2\/posts"}],"about":[{"href":"http:\/\/www.affinite.fr\/index.php\/wp-json\/wp\/v2\/types\/post"}],"author":[{"embeddable":true,"href":"http:\/\/www.affinite.fr\/index.php\/wp-json\/wp\/v2\/users\/1"}],"replies":[{"embeddable":true,"href":"http:\/\/www.affinite.fr\/index.php\/wp-json\/wp\/v2\/comments?post=8106"}],"version-history":[{"count":0,"href":"http:\/\/www.affinite.fr\/index.php\/wp-json\/wp\/v2\/posts\/8106\/revisions"}],"wp:featuredmedia":[{"embeddable":true,"href":"http:\/\/www.affinite.fr\/index.php\/wp-json\/wp\/v2\/media\/8107"}],"wp:attachment":[{"href":"http:\/\/www.affinite.fr\/index.php\/wp-json\/wp\/v2\/media?parent=8106"}],"wp:term":[{"taxonomy":"category","embeddable":true,"href":"http:\/\/www.affinite.fr\/index.php\/wp-json\/wp\/v2\/categories?post=8106"},{"taxonomy":"post_tag","embeddable":true,"href":"http:\/\/www.affinite.fr\/index.php\/wp-json\/wp\/v2\/tags?post=8106"}],"curies":[{"name":"wp","href":"https:\/\/api.w.org\/{rel}","templated":true}]}}