{"id":8101,"date":"2022-07-28T02:32:31","date_gmt":"2022-07-28T02:32:31","guid":{"rendered":"https:\/\/www.affinite.fr\/index.php\/2022\/07\/28\/laam-brisee-par-la-mort-de-son-mari-je-sors-du-cimetiere\/"},"modified":"2022-07-28T02:32:31","modified_gmt":"2022-07-28T02:32:31","slug":"laam-brisee-par-la-mort-de-son-mari-je-sors-du-cimetiere","status":"publish","type":"post","link":"http:\/\/www.affinite.fr\/index.php\/2022\/07\/28\/laam-brisee-par-la-mort-de-son-mari-je-sors-du-cimetiere\/","title":{"rendered":"L\u00e2\u00e2m, bris\u00e9e par la mort de son mari\u00a0: \u00ab\u00a0Je sors du cimeti\u00e8re\u00a0\u00bb"},"content":{"rendered":"<p> [ad_1]<br \/>\n<br \/><img decoding=\"async\" src=\"https:\/\/img-3.journaldesfemmes.fr\/-YHMMkQDSMrU1tQN6L4UEtGgkmk=\/1280x\/smart\/9fbd742799bc40c5a240e51714350e0d\/ccmcms-jdf\/36421282.jpg\" \/><\/p>\n<p>\n                L&rsquo;impossible deuil. Neuf\u00a0mois apr\u00e8s avoir perdu son mari, la chanteuse L\u00e2\u00e2m partage sa peine \u00e0 travers des messages inqui\u00e9tants post\u00e9s sur Instagram.            <\/p>\n<div>\n<p>Elle est inconsolable. <strong>L\u00e2\u00e2m<\/strong>\u00a0est envahie par le chagrin. Tr\u00e8s active sur son compte Instagram, l&rsquo;\u00e9ternelle interpr\u00e8te de <em>Petite\u00a0<\/em><i>S\u0153ur, <\/i>\u00e2g\u00e9e de 50\u00a0ans,\u00a0cherche un peu de r\u00e9confort aupr\u00e8s de sa communaut\u00e9 en partageant des clich\u00e9s de son mari <strong>Robert Suber<\/strong>, tragiquement emport\u00e9 par la maladie.\u00a0<strong>Alors que son cancer du pancr\u00e9as s&rsquo;est d\u00e9clar\u00e9 en ao\u00fbt 2021, l&rsquo;ex-DJ des nuits parisiennes s&rsquo;est \u00e9teint\u00a0le 25\u00a0octobre,<\/strong> moins de deux mois plus tard. Un drame pour la chanteuse L\u00e2\u00e2m, qui a partag\u00e9 sa vie durant 25\u00a0ans.<\/p>\n<h2>L\u00e2\u00e2m : son mari emport\u00e9 par un cancer du pancr\u00e9as fulgurant<\/h2>\n<p>Depuis, son compte Instagram est rempli d&rsquo;hommages \u00e0 son amour perdu et de messages inqui\u00e9tants. <strong>L\u00e2\u00e2m a l&rsquo;\u00e2me en peine et ne s&rsquo;en cache pas. <\/strong>En f\u00e9vrier, elle partageait sa nouvelle coupe: ras\u00e9e de pr\u00e8s, elle n&rsquo;h\u00e9sitait pas \u00e0 se comparer \u00e0 Britney Spears: \u00ab\u00a0<em>Vous allez me voir me raser la t\u00eate comme Britney Spears<\/em>\u00ab\u00a0, commentait-elle alors.<\/p>\n<h2>L\u00e2\u00e2m, bris\u00e9e par la mort de son mari : \u00ab\u00a0Je sors du cimeti\u00e8re\u00a0\u00bb<\/h2>\n<p>Alors qu&rsquo;elle entame son premier \u00e9t\u00e9 sans l&rsquo;amour de sa vie, Lamia Naoui, de son vrai nom, est toujours accabl\u00e9e par la peine. Sur son compte Instagram, elle a r\u00e9cemment multipli\u00e9 les clich\u00e9s d\u00e9di\u00e9s \u00e0 la m\u00e9moire de son mari, sa tombe couverte de fleurs, de c\u0153urs et de cadeaux.\u00a0<strong><em>\u00ab\u00a09 mois d\u00e9j\u00e0, mon mari pour toujours. Merci! Tu me manques trop, je t&rsquo;aime boubou<\/em>\u00a0(&#8230;)\u00a0<em>Je sors du cimeti\u00e8re, c&rsquo;est la mort dans L\u00e2\u00e2m!<\/em>\u00ab\u00a0,\u00a0<\/strong>a-t-elle l\u00e9gend\u00e9 le 25 juillet.\u00a0<\/p>\n<h2>L\u00e2\u00e2m : \u00ab\u00a0On a juste envie de crever rapidement!\u00a0\u00bb<\/h2>\n<p><em>\u00ab\u00a0Il veillera \u00e0 jamais sur vous\u00a0\u00bb, \u00ab\u00a0Nous souffrons ensemble ma L\u00e2\u00e2m\u00a0\u00bb, \u00ab\u00a0Votre \u00e9toile \u00e0 tout jamais\u00a0\u00bb, \u00ab\u00a0Courage ma belle\u00a0\u00bb.<\/em>.. Solidaire, sa communaut\u00e9 fait front pour apporter du soutien \u00e0 la chanteuse endeuill\u00e9e. Des attentions touchantes, mais qui n&#8217;emp\u00eachent pas L\u00e2\u00e2m de multiplier les messages inqui\u00e9tants. \u00ab\u00a0<em>La vie est une merde<\/em>\u00ab\u00a0, commente la chanteuse. Ou encore plus effrayant: \u00ab\u00a0<em>On a juste envie de crever rapidement!<\/em>\u00a0\u00bb M\u00eame si elle a pr\u00e9cis\u00e9 ne pas envisager le suicide mais plut\u00f4t attendre la mort pour enfin retrouver son mari, la chanteuse sait qu&rsquo;elle doit tenir et a confi\u00e9 au sujet du deuil: \u00ab\u00a0<strong><em>Chaque jour est un combat.<\/em><\/strong>\u00ab\u00a0<\/p>\n<\/p><\/div>\n<p>[ad_2]<br \/>\n<br \/><a href=\"https:\/\/www.journaldesfemmes.fr\/people\/actus\/2838023-laam-accablee-par-la-mort-de-son-mari-je-sors-du-cimetiere-c-est-dur\/\">Source link <\/a><\/p>\n","protected":false},"excerpt":{"rendered":"<p>[ad_1] L&rsquo;impossible deuil. Neuf\u00a0mois apr\u00e8s avoir perdu son mari, la chanteuse L\u00e2\u00e2m partage sa peine \u00e0 travers des messages inqui\u00e9tants &hellip; <a href=\"http:\/\/www.affinite.fr\/index.php\/2022\/07\/28\/laam-brisee-par-la-mort-de-son-mari-je-sors-du-cimetiere\/\" class=\"more-link\">Plus <span class=\"screen-reader-text\">L\u00e2\u00e2m, bris\u00e9e par la mort de son mari\u00a0: \u00ab\u00a0Je sors du cimeti\u00e8re\u00a0\u00bb<\/span> <span class=\"meta-nav\">&rarr;<\/span><\/a><\/p>\n","protected":false},"author":1,"featured_media":8102,"comment_status":"","ping_status":"open","sticky":false,"template":"","format":"standard","meta":{"_sitemap_exclude":false,"_sitemap_priority":"","_sitemap_frequency":"","footnotes":""},"categories":[1],"tags":[],"class_list":["post-8101","post","type-post","status-publish","format-standard","has-post-thumbnail","hentry","category-tous"],"_links":{"self":[{"href":"http:\/\/www.affinite.fr\/index.php\/wp-json\/wp\/v2\/posts\/8101"}],"collection":[{"href":"http:\/\/www.affinite.fr\/index.php\/wp-json\/wp\/v2\/posts"}],"about":[{"href":"http:\/\/www.affinite.fr\/index.php\/wp-json\/wp\/v2\/types\/post"}],"author":[{"embeddable":true,"href":"http:\/\/www.affinite.fr\/index.php\/wp-json\/wp\/v2\/users\/1"}],"replies":[{"embeddable":true,"href":"http:\/\/www.affinite.fr\/index.php\/wp-json\/wp\/v2\/comments?post=8101"}],"version-history":[{"count":0,"href":"http:\/\/www.affinite.fr\/index.php\/wp-json\/wp\/v2\/posts\/8101\/revisions"}],"wp:featuredmedia":[{"embeddable":true,"href":"http:\/\/www.affinite.fr\/index.php\/wp-json\/wp\/v2\/media\/8102"}],"wp:attachment":[{"href":"http:\/\/www.affinite.fr\/index.php\/wp-json\/wp\/v2\/media?parent=8101"}],"wp:term":[{"taxonomy":"category","embeddable":true,"href":"http:\/\/www.affinite.fr\/index.php\/wp-json\/wp\/v2\/categories?post=8101"},{"taxonomy":"post_tag","embeddable":true,"href":"http:\/\/www.affinite.fr\/index.php\/wp-json\/wp\/v2\/tags?post=8101"}],"curies":[{"name":"wp","href":"https:\/\/api.w.org\/{rel}","templated":true}]}}