{"id":8099,"date":"2022-07-27T02:31:49","date_gmt":"2022-07-27T02:31:49","guid":{"rendered":"https:\/\/www.affinite.fr\/index.php\/2022\/07\/27\/obseques-de-dani-gerard-lanvin-cali-et-anthony-delon-lui-rendent-hommage\/"},"modified":"2022-07-27T02:31:49","modified_gmt":"2022-07-27T02:31:49","slug":"obseques-de-dani-gerard-lanvin-cali-et-anthony-delon-lui-rendent-hommage","status":"publish","type":"post","link":"http:\/\/www.affinite.fr\/index.php\/2022\/07\/27\/obseques-de-dani-gerard-lanvin-cali-et-anthony-delon-lui-rendent-hommage\/","title":{"rendered":"Obs\u00e8ques de Dani\u00a0: G\u00e9rard Lanvin, Cali et Anthony Delon lui rendent hommage"},"content":{"rendered":"<p> [ad_1]<br \/>\n<\/p>\n<p>\n                Les obs\u00e8ques de la chanteuse Dani se d\u00e9roulent le 26\u00a0juillet \u00e0 Perpignan. Un hommage devrait \u00e9galement lui \u00eatre rendu \u00e0 Paris, en octobre prochain.            <\/p>\n<div>\n<p>Adieu l&rsquo;artiste. Les <strong>obs\u00e8ques de la chanteuse Dani<\/strong>, d\u00e9c\u00e9d\u00e9e le 18 juillet \u00e0 77 ans, se sont d\u00e9roul\u00e9es le 26 juillet \u00e0 Perpignan, une ville qu&rsquo;elle a bien connue. C&rsquo;est en la Cath\u00e9drale Saint Jean-Baptiste que la c\u00e9r\u00e9monie a eu lieu d\u00e8s 14h. V\u00e9ronique Graule, la s\u0153ur de la chanteuse, a expliqu\u00e9 au <em>ELLE<\/em>: \u00ab\u00a0<em><strong>Dani a fait sa communion dans cette cath\u00e9drale<\/strong> et on a toutes \u00e9t\u00e9 baptis\u00e9es l\u00e0.\u00a0Notre p\u00e8re, notre m\u00e8re et notre s\u0153ur ont tous \u00e9t\u00e9 enterr\u00e9s ici. Ce n&rsquo;\u00e9tait pas pensable de lui dire adieu autre part<\/em>\u00ab\u00a0.<\/p>\n<h2>Dani, enterr\u00e9e dans le caveau familial<\/h2>\n<p>\u00ab\u00a0<em>Ce sera une <strong>c\u00e9r\u00e9monie plut\u00f4t classique.<\/strong> On d\u00e9corera la cath\u00e9drale de mille roses multicolores, des chansons ouvriront et cl\u00f4tureront la c\u00e9l\u00e9bration<\/em>\u00ab\u00a0, a expliqu\u00e9 la famille de Dani selon <a href=\"https:\/\/www.lindependant.fr\/2022\/07\/25\/perpignan-1-000-roses-pour-ladieu-a-lartiste-dani-dont-les-obseques-seront-celebrees-ce-mardi-a-14-heures-en-la-cathedrale-saint-jean-baptiste-10454780.php\" target=\"_blank\" rel=\"noopener\"><em>L&rsquo;Ind\u00e9pendant<\/em><\/a>. <strong>Anthony Delon et le chanteur Cali<\/strong>, qui \u00e9taient les amis de Dani, comptaient parmi les pr\u00e9sents. Selon <em>L&rsquo;Ind\u00e9pendant<\/em>, <strong>G\u00e9rard Lanvin<\/strong> a \u00e9t\u00e9 aper\u00e7u dans la foule devant l&rsquo;\u00e9glise, tout comme l&rsquo;ancien manager de l&rsquo;\u00e9quipe de France de rugby, <strong>Jo Maso<\/strong>. La c\u00e9r\u00e9monie a \u00e9t\u00e9 suivie de<strong> l&rsquo;inhumation au cimeti\u00e8re Saint-Martin<\/strong> de la ville. La chanteuse a \u00e9t\u00e9\u00a0<strong>enterr\u00e9e dans le caveau familial<\/strong>.<\/p>\n<div class=\"ccminsert\">\n<aside class=\"app_widget_fo app_widget_fo--call\">\n<ul>\n<li>\n                <a href=\"https:\/\/www.journaldesfemmes.fr\/people\/actus\/2836461-mort-chanteuse-dani-chansons-compagnon-mari-enfants\/\" class=\"jGTMWidgetGAEventClick\" data-gtmwidgetgaeventaction=\"clickWidgetCall\" data-gtmwidgetgaeventlabel=\"Mort de la chanteuse Dani\u00a0: Amour, Succ\u00e8s, Jobs, Drogue, Enfants...\"><\/p>\n<figure>\n                                                                        <picture><source media=\"(max-width: 480px)\" srcset=\"https:\/\/img-3.journaldesfemmes.fr\/77ac-1-1wREW2EVBfVUC2jkGu2c=\/160x105\/smart\/f0f00385ece2484e9649c96e8092aff4\/ccmcms-jdf\/36210450.jpg\" width=\"160\" height=\"105\"><img decoding=\"async\" src=\"https:\/\/img-3.journaldesfemmes.fr\/QfxaB1BEnW3obhhn0aURzqGc4wA=\/200x132\/smart\/f0f00385ece2484e9649c96e8092aff4\/ccmcms-jdf\/36210450.jpg\" alt=\"\" width=\"200\" height=\"132\" loading=\"lazy\"\/><br \/>\n                            <\/source><\/picture><figcaption>\n<h3>Mort de la chanteuse Dani\u00a0: Amour, Succ\u00e8s, Jobs, Drogue, Enfants&#8230;<\/h3>\n<p>La chanteuse Dani est morte dans la nuit du 18\u00a0au 19\u00a0juillet, \u00e0 77\u00a0ans. Sa folle histoire d&rsquo;amour, ses succ\u00e8s, ses mille et une vies, sa r\u00e9putation de reine de la nuit, ses enfants, la drogue, l&rsquo;Eurovision&#8230; Retour sur l&rsquo;incroyable parcours de l&rsquo;artiste aux multiples visages.<\/p>\n<\/figcaption><\/figure>\n<p>                <\/a>\n            <\/li>\n<\/ul>\n<\/aside>\n<\/div>\n<p>La m\u00e9moire de la d\u00e9funte artiste, qui aurait d\u00fb f\u00eater ses 78 ans le 1er octobre prochain, sera \u00e9galement c\u00e9l\u00e9br\u00e9e \u00e0 l&rsquo;automne<strong> pour son anniversaire, \u00e0 Paris.<\/strong> Une c\u00e9r\u00e9monie devrait se d\u00e9rouler en l&rsquo;\u00e9glise Saint-Roch, dans le 1er arrondissement de la capitale.<\/p>\n<\/p><\/div>\n<p>[ad_2]<br \/>\n<br \/><a href=\"https:\/\/www.journaldesfemmes.fr\/people\/actus\/2837795-obseques-chanteuse-dani-invites-enterree-gerard-lanvin-anthony-delon-cali\/\">Source link <\/a><\/p>\n","protected":false},"excerpt":{"rendered":"<p>[ad_1] Les obs\u00e8ques de la chanteuse Dani se d\u00e9roulent le 26\u00a0juillet \u00e0 Perpignan. Un hommage devrait \u00e9galement lui \u00eatre rendu &hellip; <a href=\"http:\/\/www.affinite.fr\/index.php\/2022\/07\/27\/obseques-de-dani-gerard-lanvin-cali-et-anthony-delon-lui-rendent-hommage\/\" class=\"more-link\">Plus <span class=\"screen-reader-text\">Obs\u00e8ques de Dani\u00a0: G\u00e9rard Lanvin, Cali et Anthony Delon lui rendent hommage<\/span> <span class=\"meta-nav\">&rarr;<\/span><\/a><\/p>\n","protected":false},"author":1,"featured_media":8100,"comment_status":"","ping_status":"open","sticky":false,"template":"","format":"standard","meta":{"_sitemap_exclude":false,"_sitemap_priority":"","_sitemap_frequency":"","footnotes":""},"categories":[1],"tags":[],"class_list":["post-8099","post","type-post","status-publish","format-standard","has-post-thumbnail","hentry","category-tous"],"_links":{"self":[{"href":"http:\/\/www.affinite.fr\/index.php\/wp-json\/wp\/v2\/posts\/8099"}],"collection":[{"href":"http:\/\/www.affinite.fr\/index.php\/wp-json\/wp\/v2\/posts"}],"about":[{"href":"http:\/\/www.affinite.fr\/index.php\/wp-json\/wp\/v2\/types\/post"}],"author":[{"embeddable":true,"href":"http:\/\/www.affinite.fr\/index.php\/wp-json\/wp\/v2\/users\/1"}],"replies":[{"embeddable":true,"href":"http:\/\/www.affinite.fr\/index.php\/wp-json\/wp\/v2\/comments?post=8099"}],"version-history":[{"count":0,"href":"http:\/\/www.affinite.fr\/index.php\/wp-json\/wp\/v2\/posts\/8099\/revisions"}],"wp:featuredmedia":[{"embeddable":true,"href":"http:\/\/www.affinite.fr\/index.php\/wp-json\/wp\/v2\/media\/8100"}],"wp:attachment":[{"href":"http:\/\/www.affinite.fr\/index.php\/wp-json\/wp\/v2\/media?parent=8099"}],"wp:term":[{"taxonomy":"category","embeddable":true,"href":"http:\/\/www.affinite.fr\/index.php\/wp-json\/wp\/v2\/categories?post=8099"},{"taxonomy":"post_tag","embeddable":true,"href":"http:\/\/www.affinite.fr\/index.php\/wp-json\/wp\/v2\/tags?post=8099"}],"curies":[{"name":"wp","href":"https:\/\/api.w.org\/{rel}","templated":true}]}}