{"id":809,"date":"2020-03-18T18:31:36","date_gmt":"2020-03-18T18:31:36","guid":{"rendered":"https:\/\/www.affinite.fr\/index.php\/2020\/03\/18\/les-etats-unis-envisagent-de-localiser-les-smartphones-des-malades-du-coronavirus\/"},"modified":"2020-03-18T18:31:36","modified_gmt":"2020-03-18T18:31:36","slug":"les-etats-unis-envisagent-de-localiser-les-smartphones-des-malades-du-coronavirus","status":"publish","type":"post","link":"http:\/\/www.affinite.fr\/index.php\/2020\/03\/18\/les-etats-unis-envisagent-de-localiser-les-smartphones-des-malades-du-coronavirus\/","title":{"rendered":"Les Etats-Unis envisagent de localiser les smartphones des malades du coronavirus"},"content":{"rendered":"<p> [ad_1]<br \/>\n<br \/><img decoding=\"async\" src=\"https:\/\/img.bfmtv.com\/i\/0\/0\/2f4\/ed5643b2c995913e2074d0fa91b98.png\" \/><\/p>\n<div itemprop=\"articleBody\">\n<p>Apr\u00e8s <a href=\"https:\/\/www.01net.com\/actualites\/coronavirus-faut-il-geolocaliser-les-malades-par-le-biais-de-leurs-smartphones-1876666.html\" target=\"_blank\" rel=\"noopener noreferrer\">la Chine et Isra\u00ebl<\/a>, au tour des Etats-Unis ? La Maison-Blanche est en discussion active avec les entreprises technologiques du pays pour mettre sur pied un syst\u00e8me g\u00e9n\u00e9ralis\u00e9 de localisation des smartphones.\u00a0<\/p>\n<p>Le principe g\u00e9n\u00e9ral est de r\u00e9colter anonymement ces donn\u00e9es g\u00e9ographiques pour d\u2019abord constater o\u00f9 se trouve la population et analyser ses d\u00e9placements. Cela permettrait ensuite de pr\u00e9voir ses futurs mouvements, ses regroupements et ainsi la propagation du virus \u00e0 travers le territoire am\u00e9ricain.\u00a0<\/p>\n<h3 style=\"color:#333; font-family:arial,helvetica,sans-serif; font-size:23px; font-weight:700\">Une fonctionnalit\u00e9 d\u00e9j\u00e0 utilis\u00e9e dans Google Maps<\/h3>\n<p>Le syst\u00e8me n\u2019est finalement pas si \u00e9loign\u00e9 de ce que Google propose d\u00e9j\u00e0 dans Maps. Son service de cartographie affiche effectivement la fr\u00e9quentation des lieux (mus\u00e9es, bars, boutiques) en temps r\u00e9el et les pr\u00e9visions de leur fr\u00e9quentation en fonction des heures.\u00a0<\/p>\n<p>En plus des mesures de sant\u00e9 publique qui seraient prises en fonction de ces informations, la Maison-Blanche estime qu\u2019elles pourraient \u00e9galement aider la recherche. Les \u00e9pid\u00e9miologistes en tireraient des analyses des processus de contagion particuliers de ce coronavirus.\u00a0<\/p>\n<aside class=\"bg-color-0 padding-inside-all-s bloc border-s\">\n<h4 class=\"box-txt-normal\">\n<p><strong>A d\u00e9couvrir aussi en vid\u00e9o<\/strong><\/p>\n<\/h4>\n<\/aside>\n<p>Pour l\u2019instant, rien n\u2019est arr\u00eat\u00e9 du c\u00f4t\u00e9 du gouvernement am\u00e9ricain et tout est encore en discussion, non seulement pour l\u2019aspect technique du syst\u00e8me, mais aussi l\u00e9gal. M\u00eame avec des donn\u00e9es anonymis\u00e9es, la r\u00e9action de la population face \u00e0 une mesure aussi contraire aux libert\u00e9s individuelles risquerait d\u2019\u00eatre hostile.\u00a0<\/p>\n<p><strong>Source : <a data-cke-saved-href=\"https:\/\/www.washingtonpost.com\/technology\/2020\/03\/17\/white-house-location-data-coronavirus\/\" target=\"_blank\" href=\"https:\/\/www.washingtonpost.com\/technology\/2020\/03\/17\/white-house-location-data-coronavirus\/\" rel=\"noopener noreferrer\">The Washington Post<\/a><\/strong><\/p>\n<\/p><\/div>\n<p><script>\n         !function(f,b,e,v,n,t,s){if(f.fbq)return;n=f.fbq=function()\n         {n.callMethod? n.callMethod.apply(n,arguments):n.queue.push(arguments)}\n         ;if(!f._fbq)f._fbq=n;\n             n.push=n;n.loaded=!0;n.version='2.0';n.queue=[];t=b.createElement(e);t.async=!0;\n             t.src=v;s=b.getElementsByTagName(e)[0];s.parentNode.insertBefore(t,s)}(window,\n                 document,'script','https:\/\/connect.facebook.net\/en_US\/fbevents.js');\n         fbq('init', '1065890633454496');\n         fbq('track', 'PageView');\n     <\/script><br \/>\n<br \/>[ad_2]<br \/>\n<br \/><a href=\"https:\/\/www.01net.com\/actualites\/les-etats-unis-envisagent-de-localiser-les-smartphones-des-malades-du-coronavirus-1877044.html\">Source link <\/a><\/p>\n","protected":false},"excerpt":{"rendered":"<p>[ad_1] Apr\u00e8s la Chine et Isra\u00ebl, au tour des Etats-Unis ? La Maison-Blanche est en discussion active avec les entreprises &hellip; <a href=\"http:\/\/www.affinite.fr\/index.php\/2020\/03\/18\/les-etats-unis-envisagent-de-localiser-les-smartphones-des-malades-du-coronavirus\/\" class=\"more-link\">Plus <span class=\"screen-reader-text\">Les Etats-Unis envisagent de localiser les smartphones des malades du coronavirus<\/span> <span class=\"meta-nav\">&rarr;<\/span><\/a><\/p>\n","protected":false},"author":1,"featured_media":810,"comment_status":"open","ping_status":"open","sticky":false,"template":"","format":"standard","meta":{"_sitemap_exclude":false,"_sitemap_priority":"","_sitemap_frequency":"","footnotes":""},"categories":[1],"tags":[],"class_list":["post-809","post","type-post","status-publish","format-standard","has-post-thumbnail","hentry","category-tous"],"_links":{"self":[{"href":"http:\/\/www.affinite.fr\/index.php\/wp-json\/wp\/v2\/posts\/809"}],"collection":[{"href":"http:\/\/www.affinite.fr\/index.php\/wp-json\/wp\/v2\/posts"}],"about":[{"href":"http:\/\/www.affinite.fr\/index.php\/wp-json\/wp\/v2\/types\/post"}],"author":[{"embeddable":true,"href":"http:\/\/www.affinite.fr\/index.php\/wp-json\/wp\/v2\/users\/1"}],"replies":[{"embeddable":true,"href":"http:\/\/www.affinite.fr\/index.php\/wp-json\/wp\/v2\/comments?post=809"}],"version-history":[{"count":0,"href":"http:\/\/www.affinite.fr\/index.php\/wp-json\/wp\/v2\/posts\/809\/revisions"}],"wp:featuredmedia":[{"embeddable":true,"href":"http:\/\/www.affinite.fr\/index.php\/wp-json\/wp\/v2\/media\/810"}],"wp:attachment":[{"href":"http:\/\/www.affinite.fr\/index.php\/wp-json\/wp\/v2\/media?parent=809"}],"wp:term":[{"taxonomy":"category","embeddable":true,"href":"http:\/\/www.affinite.fr\/index.php\/wp-json\/wp\/v2\/categories?post=809"},{"taxonomy":"post_tag","embeddable":true,"href":"http:\/\/www.affinite.fr\/index.php\/wp-json\/wp\/v2\/tags?post=809"}],"curies":[{"name":"wp","href":"https:\/\/api.w.org\/{rel}","templated":true}]}}