{"id":8077,"date":"2022-07-21T01:18:16","date_gmt":"2022-07-21T01:18:16","guid":{"rendered":"https:\/\/www.affinite.fr\/index.php\/2022\/07\/21\/bouchees-fraise-basilic\/"},"modified":"2022-07-21T01:18:16","modified_gmt":"2022-07-21T01:18:16","slug":"bouchees-fraise-basilic","status":"publish","type":"post","link":"http:\/\/www.affinite.fr\/index.php\/2022\/07\/21\/bouchees-fraise-basilic\/","title":{"rendered":"Bouch\u00e9es fraise basilic"},"content":{"rendered":"<p> [ad_1]<br \/>\n<\/p>\n<div dir=\"ltr\" style=\"text-align: left\">\n<div class=\"hrecipe\">Une recette d&#039;\u00e9t\u00e9 qui sera parfaite pour terminer un repas en l\u00e9g\u00e8ret\u00e9 : les <span style=\"font-size: large\"><b><span class=\"fn\">bouch\u00e9es fraise basilic<\/span><\/b><\/span> ! Des petites mignardises \u00e0 d\u00e9vorer sans mod\u00e9ration.<\/p>\n<div class=\"separator\" style=\"clear: both;text-align: center\"><\/div>\n<div class=\"separator\" style=\"clear: both;text-align: center\"><a href=\"https:\/\/www.iletaitunefoislapatisserie.com\/2022\/07\/bouchees-fraise-basilic.html\" style=\"margin-left: 1em;margin-right: 1em\"><img decoding=\"async\" alt=\"panna cotta fraise basilic\" border=\"0\" class=\"photo\" data-original-height=\"1196\" data-original-width=\"1200\" src=\"https:\/\/blogger.googleusercontent.com\/img\/b\/R29vZ2xl\/AVvXsEhcq8IV8erSF229OA6wNM3SPnXaW9ym4zknvklIcQ9a10j8mnRnJmQdHl6-wSK9c41D2UVZmBinufFyv3Ob3b2nMUn7Pb0QaVhKIizVyQuZHCIrSdLo7CjcmHrkSM7Rm_z8Egf1S0UZ8Uw8Vr-Wr5N8MEadVgQfHlBPVWHUmzwtlTqBL4rfB2RzwsRC\/s16000\/panna-cotta-fraise.jpg\" title=\"recette panna cotta fraise basilic\" width=\"100%\"><\/a><\/div>\n<p><\/div>\n<\/div>\n<p><a href=\"https:\/\/www.iletaitunefoislapatisserie.com\/2022\/07\/bouchees-fraise-basilic.html#more\">&#8230; la suite par ici !<\/a><br \/>\n<br \/>[ad_2]<br \/>\n<br \/><a href=\"https:\/\/www.iletaitunefoislapatisserie.com\/2022\/07\/bouchees-fraise-basilic.html\">Source link <\/a><\/p>\n","protected":false},"excerpt":{"rendered":"<p>[ad_1] Une recette d&#039;\u00e9t\u00e9 qui sera parfaite pour terminer un repas en l\u00e9g\u00e8ret\u00e9 : les bouch\u00e9es fraise basilic ! Des &hellip; <a href=\"http:\/\/www.affinite.fr\/index.php\/2022\/07\/21\/bouchees-fraise-basilic\/\" class=\"more-link\">Plus <span class=\"screen-reader-text\">Bouch\u00e9es fraise basilic<\/span> <span class=\"meta-nav\">&rarr;<\/span><\/a><\/p>\n","protected":false},"author":1,"featured_media":8078,"comment_status":"","ping_status":"open","sticky":false,"template":"","format":"standard","meta":{"_sitemap_exclude":false,"_sitemap_priority":"","_sitemap_frequency":"","footnotes":""},"categories":[1],"tags":[],"class_list":["post-8077","post","type-post","status-publish","format-standard","has-post-thumbnail","hentry","category-tous"],"_links":{"self":[{"href":"http:\/\/www.affinite.fr\/index.php\/wp-json\/wp\/v2\/posts\/8077"}],"collection":[{"href":"http:\/\/www.affinite.fr\/index.php\/wp-json\/wp\/v2\/posts"}],"about":[{"href":"http:\/\/www.affinite.fr\/index.php\/wp-json\/wp\/v2\/types\/post"}],"author":[{"embeddable":true,"href":"http:\/\/www.affinite.fr\/index.php\/wp-json\/wp\/v2\/users\/1"}],"replies":[{"embeddable":true,"href":"http:\/\/www.affinite.fr\/index.php\/wp-json\/wp\/v2\/comments?post=8077"}],"version-history":[{"count":0,"href":"http:\/\/www.affinite.fr\/index.php\/wp-json\/wp\/v2\/posts\/8077\/revisions"}],"wp:featuredmedia":[{"embeddable":true,"href":"http:\/\/www.affinite.fr\/index.php\/wp-json\/wp\/v2\/media\/8078"}],"wp:attachment":[{"href":"http:\/\/www.affinite.fr\/index.php\/wp-json\/wp\/v2\/media?parent=8077"}],"wp:term":[{"taxonomy":"category","embeddable":true,"href":"http:\/\/www.affinite.fr\/index.php\/wp-json\/wp\/v2\/categories?post=8077"},{"taxonomy":"post_tag","embeddable":true,"href":"http:\/\/www.affinite.fr\/index.php\/wp-json\/wp\/v2\/tags?post=8077"}],"curies":[{"name":"wp","href":"https:\/\/api.w.org\/{rel}","templated":true}]}}