{"id":8062,"date":"2022-07-20T02:10:49","date_gmt":"2022-07-20T02:10:49","guid":{"rendered":"https:\/\/www.affinite.fr\/index.php\/2022\/07\/20\/laurence-boccolini-face-a-linfertilite-sa-grande-detresse\/"},"modified":"2022-07-20T02:10:49","modified_gmt":"2022-07-20T02:10:49","slug":"laurence-boccolini-face-a-linfertilite-sa-grande-detresse","status":"publish","type":"post","link":"http:\/\/www.affinite.fr\/index.php\/2022\/07\/20\/laurence-boccolini-face-a-linfertilite-sa-grande-detresse\/","title":{"rendered":"Laurence Boccolini, face \u00e0 l&rsquo;infertilit\u00e9\u00a0: sa \u00ab\u00a0grande d\u00e9tresse\u00a0\u00bb"},"content":{"rendered":"<p> [ad_1]<br \/>\n<br \/><img decoding=\"async\" src=\"https:\/\/img-3.journaldesfemmes.fr\/_0jFT9Rs--dXQK5lpK6xWEcn7vc=\/1280x\/smart\/4337a08283104ae29e92c4ce5d6bc8fc\/ccmcms-jdf\/36215848.jpg\" \/><\/p>\n<p>\n                Laurence Boccolini a men\u00e9 un long et rude combat pour avoir un enfant. L&rsquo;animatrice de 59\u00a0ans a fait de bouleversantes confidences&#8230;            <\/p>\n<div>\n<p>Depuis de nombreuses ann\u00e9es, <strong>Laurence Boccolini<\/strong> est l&rsquo;un des visages embl\u00e9matiques de la t\u00e9l\u00e9vision fran\u00e7aise. En ao\u00fbt dernier, elle a m\u00eame succ\u00e9d\u00e9 \u00e0 Nagui \u00e0 la pr\u00e9sentation d&rsquo;un programme phare de<em> France 2,\u00a0Tout le monde veut prendre sa place<\/em>. Une \u00e9mission diffus\u00e9e tous les jours \u00e0 11h55, qui continue de battre des records d&rsquo;audience, m\u00eame pendant les vacances d&rsquo;\u00e9t\u00e9!\u00a0<\/p>\n<h2>Laurence Boccolini\u00a0: son \u00ab\u00a0tr\u00e8s long parcours\u00a0\u00bb pour avoir un enfant<\/h2>\n<p>Ce 18\u00a0juillet, <strong>Laurence Boccolini pr\u00e9sentait un \u00e9pisode in\u00e9dit de son \u00e9mission de midi<\/strong>. Alors qu&rsquo;elle discutait avec un candidat, Jean-Fran\u00e7ois, agent de ma\u00eetrise au CHU de Toulouse, <strong>celui-ci a pris la parole au sujet d&rsquo;une \u00e9tude m\u00e9dicale sur la <a href=\"https:\/\/sante.journaldesfemmes.fr\/fiches-sexo-gyneco\/2537018-fertilite-femme-test-examens-age\/\" title=\"Fertilit\u00e9\">fertilit\u00e9<\/a> \u00e0 laquelle il a particip\u00e9<\/strong>. Il a expliqu\u00e9 qu&rsquo;il avait \u00e9t\u00e9 prouv\u00e9 que l&rsquo;infertilit\u00e9 et la contraception n&rsquo;\u00e9taient \u00e9videmment pas qu&rsquo;une histoire de femmes. Bien au contraire! <em>\u00ab\u00a0Le r\u00e9chauffement des testicules agit directement sur la qualit\u00e9 et le nombre des spermatozo\u00efde\u00a0\u00bb<\/em>, a rapport\u00e9 le candidat.\u00a0<em>\u00ab\u00a0Apr\u00e8s, lorsque les testicules reviennent \u00e0 temp\u00e9rature normale, tout revient \u00e0 la normale\u00a0\u00bb<\/em>, a-t-il racont\u00e9.<\/p>\n<p>Une prise de parole \u00e0 laquelle la pr\u00e9sentatrice a imm\u00e9diatement r\u00e9agit: <em>\u00ab\u00a0C&rsquo;est int\u00e9ressant! C&rsquo;est bien d&rsquo;avoir fait \u00e7a, c&rsquo;est utile! Merci Jean-Fran\u00e7ois\u00a0\u00bb<\/em>. Et qui lui a aussi permis de parler de sa propre exp\u00e9rience personnelle.\u00a0<strong> <em>\u00ab\u00a0Je le dis avec le c\u0153ur parce que je suis pass\u00e9e par un tr\u00e8s long parcours sur la fertilit\u00e9. J&rsquo;en ai m\u00eame fait un <a href=\"http:\/\/www.affinite.fr\/index.php\/2023\/08\/24\/lart-de-la-glace-transforme-en-business-la-vision-unique-de-fabien-gris\/\">livre<\/a>, pour vous dire \u00e0 quel point\u00a0\u00bb<\/em><\/strong>, a-t-elle confi\u00e9.<\/p>\n<p><em>\u00ab\u00a0C&rsquo;est ce genre d&rsquo;\u00e9tudes qui fait que l&rsquo;on peut aider <strong>les couples qui sont en grande, grande d\u00e9tresse<\/strong>. Parce que souvent <strong>on ne comprend pas pourquoi \u00e7a ne marche pas<\/strong>\u00ab\u00a0<\/em>. Laurence Boccolini a conclu en qualifiant Jean-Fran\u00e7ois de\u00a0<em>\u00ab\u00a0h\u00e9ros du jour\u00a0\u00bb<\/em>.\u00a0<\/p>\n<h2>Laurence Boccolini : son combat pour devenir maman\u00a0<\/h2>\n<p><strong>L&rsquo;animatrice, aujourd&rsquo;hui \u00e2g\u00e9e de 59\u00a0ans, a travers\u00e9 de nombreuses \u00e9preuves douloureuses avant de devenir m\u00e8re<\/strong>. Alors mari\u00e9e \u00e0 Micka\u00ebl Faka\u00eflo, Mister Tahiti 2001, qu&rsquo;elle a rencontr\u00e9 lorsqu&rsquo;elle pr\u00e9sentait l&rsquo;\u00e9lection Mister France en 2002, Laurence Boccolini n&rsquo;a pas pu <a href=\"https:\/\/sante.journaldesfemmes.fr\/sexo-gyneco\/2525880-comment-avoir-un-bebe-rapidement-age-seule\/\" title=\"Avoir un b\u00e9b\u00e9\">tomber enceinte<\/a>. Ce n&rsquo;est qu&rsquo;en 2013\u00a0que l&rsquo;ancienne pr\u00e9sentatrice du <em>Maillon Faible<\/em> et son ex-mari ont finalement adopt\u00e9 une petite\u00a0<strong>Willow<\/strong>.<\/p>\n<p><strong>Un parcours du combattant qu&rsquo;elle n&rsquo;a pas h\u00e9sit\u00e9 \u00e0 raconter dans un livre<\/strong> intitul\u00e9 <em>Puisque les cigognes ont perdu mon adresse,<\/em>\u00a0paru en 2008. Aujourd&rsquo;hui m\u00e8re combl\u00e9e, elle se d\u00e9crit comme \u00e9tant une <strong>vraie m\u00e8re poule<\/strong>&#8211; en atteste sa description Instagram qui pr\u00e9cise <em>\u00ab\u00a0Maman \u00e0 100%\u00a0\u00bb<\/em>-, et partage tous ses moments de bonheur sur ses r\u00e9seaux sociaux.\u00a0<\/p>\n<\/p><\/div>\n<p>[ad_2]<br \/>\n<br \/><a href=\"https:\/\/www.journaldesfemmes.fr\/people\/actus\/2836623-laurence-boccolini-se-confie-sur-son-tres-long-parcours-pour-tomber-enceinte\/\">Source link <\/a><\/p>\n","protected":false},"excerpt":{"rendered":"<p>[ad_1] Laurence Boccolini a men\u00e9 un long et rude combat pour avoir un enfant. L&rsquo;animatrice de 59\u00a0ans a fait de &hellip; <a href=\"http:\/\/www.affinite.fr\/index.php\/2022\/07\/20\/laurence-boccolini-face-a-linfertilite-sa-grande-detresse\/\" class=\"more-link\">Plus <span class=\"screen-reader-text\">Laurence Boccolini, face \u00e0 l&rsquo;infertilit\u00e9\u00a0: sa \u00ab\u00a0grande d\u00e9tresse\u00a0\u00bb<\/span> <span class=\"meta-nav\">&rarr;<\/span><\/a><\/p>\n","protected":false},"author":1,"featured_media":8063,"comment_status":"","ping_status":"open","sticky":false,"template":"","format":"standard","meta":{"_sitemap_exclude":false,"_sitemap_priority":"","_sitemap_frequency":"","footnotes":""},"categories":[1],"tags":[],"class_list":["post-8062","post","type-post","status-publish","format-standard","has-post-thumbnail","hentry","category-tous"],"_links":{"self":[{"href":"http:\/\/www.affinite.fr\/index.php\/wp-json\/wp\/v2\/posts\/8062"}],"collection":[{"href":"http:\/\/www.affinite.fr\/index.php\/wp-json\/wp\/v2\/posts"}],"about":[{"href":"http:\/\/www.affinite.fr\/index.php\/wp-json\/wp\/v2\/types\/post"}],"author":[{"embeddable":true,"href":"http:\/\/www.affinite.fr\/index.php\/wp-json\/wp\/v2\/users\/1"}],"replies":[{"embeddable":true,"href":"http:\/\/www.affinite.fr\/index.php\/wp-json\/wp\/v2\/comments?post=8062"}],"version-history":[{"count":0,"href":"http:\/\/www.affinite.fr\/index.php\/wp-json\/wp\/v2\/posts\/8062\/revisions"}],"wp:featuredmedia":[{"embeddable":true,"href":"http:\/\/www.affinite.fr\/index.php\/wp-json\/wp\/v2\/media\/8063"}],"wp:attachment":[{"href":"http:\/\/www.affinite.fr\/index.php\/wp-json\/wp\/v2\/media?parent=8062"}],"wp:term":[{"taxonomy":"category","embeddable":true,"href":"http:\/\/www.affinite.fr\/index.php\/wp-json\/wp\/v2\/categories?post=8062"},{"taxonomy":"post_tag","embeddable":true,"href":"http:\/\/www.affinite.fr\/index.php\/wp-json\/wp\/v2\/tags?post=8062"}],"curies":[{"name":"wp","href":"https:\/\/api.w.org\/{rel}","templated":true}]}}