{"id":8043,"date":"2022-07-14T08:52:20","date_gmt":"2022-07-14T08:52:20","guid":{"rendered":"https:\/\/www.affinite.fr\/index.php\/2022\/07\/14\/mort-de-charlotte-valandrey-les-images-du-premier-casting-de-lactrice-news-series\/"},"modified":"2022-07-14T08:52:20","modified_gmt":"2022-07-14T08:52:20","slug":"mort-de-charlotte-valandrey-les-images-du-premier-casting-de-lactrice-news-series","status":"publish","type":"post","link":"http:\/\/www.affinite.fr\/index.php\/2022\/07\/14\/mort-de-charlotte-valandrey-les-images-du-premier-casting-de-lactrice-news-series\/","title":{"rendered":"Mort de Charlotte Valandrey : les images du premier casting de l&rsquo;actrice &#8211; News S\u00e9ries"},"content":{"rendered":"<p> [ad_1]<br \/>\n<br \/><img decoding=\"async\" src=\"http:\/\/fr.web.img3.acsta.net\/newsv7\/22\/07\/14\/10\/02\/5080165.jpg\" \/><\/p>\n<p>Charlotte Valandrey s&rsquo;est \u00e9teinte ce mercredi 13 juillet \u00e0 l&rsquo;\u00e2ge de 53 ans, un mois apr\u00e8s une nouvelle greffe du c\u0153ur. D\u00e9couvrez les tout premiers essais de la com\u00e9dienne \u00e0 15 ans, qui la conduiront au palmar\u00e8s de la Berlinale avec \u00ab\u00a0Rouge Baiser\u00a0\u00bb.<\/p>\n<div id=\"article-content\">\n<figure class=\"player player-auto-play js-player\" data-model=\"{&quot;videos&quot;:[{&quot;id&quot;:19597411,&quot;idDailymotion&quot;:&quot;x8cgg6t&quot;,&quot;sources&quot;:{&quot;high&quot;:&quot;https:\/\/fr.vid.web.acsta.net\/nmedia\/33\/22\/07\/13\/22\/19597411_hd_013.mp4&quot;,&quot;low&quot;:&quot;https:\/\/fr.vid.web.acsta.net\/nmedia\/33\/22\/07\/13\/22\/19597411_l_013.mp4&quot;,&quot;medium&quot;:&quot;https:\/\/fr.vid.web.acsta.net\/nmedia\/33\/22\/07\/13\/22\/19597411_m_013.mp4&quot;,&quot;standard&quot;:&quot;https:\/\/fr.vid.web.acsta.net\/nmedia\/33\/22\/07\/13\/22\/19597411_sd_013.mp4&quot;},&quot;image&quot;:&quot;\/videothumbnails\/22\/07\/13\/22\/23\/3646879.jpg&quot;,&quot;title&quot;:&quot;Bande-annonce VF&quot;,&quot;trackingIdentifier&quot;:&quot;19597411-bande_annonce_vf&quot;,&quot;embedUrl&quot;:&quot;ACraHRACr0cHM6Ly9wbGF5ZXIuYWxsb2NpbmUuZnIvMTk1OTc0MTEuaHRtbA==&quot;,&quot;file_type&quot;:&quot;TRAILER&quot;,&quot;description&quot;:&quot;Bande-annonce VF&quot;,&quot;duration&quot;:146,&quot;view_count&quot;:124,&quot;added_at&quot;:{&quot;date&quot;:&quot;2022-07-13 22:23:00.000000&quot;,&quot;timezone_type&quot;:3,&quot;timezone&quot;:&quot;Europe\/Paris&quot;},&quot;metas&quot;:{&quot;id_main_show&quot;:null,&quot;name_main_show&quot;:null,&quot;image_main_show&quot;:null,&quot;id_main_movie&quot;:1004,&quot;name_main_movie&quot;:&quot;Rouge Baiser&quot;,&quot;image_main_movie&quot;:&quot;\/medias\/nmedia\/images\/affiches\/001934.jpg&quot;,&quot;id_main_series&quot;:null,&quot;name_main_series&quot;:null,&quot;image_main_series&quot;:null,&quot;id_main_season&quot;:null,&quot;name_main_season&quot;:null,&quot;image_main_season&quot;:null,&quot;main_season_number&quot;:null,&quot;id_main_person&quot;:null,&quot;name_main_person&quot;:null,&quot;image_main_person&quot;:null,&quot;use_portal&quot;:null,&quot;release_date_main_movie&quot;:null,&quot;nb_days_release_main_movie&quot;:null,&quot;id_meta_category&quot;:null,&quot;name_meta_category&quot;:null,&quot;localized_file_type&quot;:null,&quot;trans_file_type&quot;:null,&quot;main_movie_type&quot;:null,&quot;main_season_rating&quot;:null,&quot;main_series_rating&quot;:null,&quot;main_season_user_note_count&quot;:null,&quot;genre_main_movie&quot;:null,&quot;genre_main_series&quot;:null,&quot;release_status_movie&quot;:null,&quot;release_status_series&quot;:null},&quot;is_emergence_inhibited&quot;:false,&quot;relatedEntityType&quot;:&quot;movie&quot;,&quot;relatedEntityId&quot;:1004,&quot;relatedEntityTitle&quot;:&quot;Rouge Baiser&quot;,&quot;relatedEntityUrl&quot;:&quot;ACraHRACr0cHM6Ly93d3cuYWxsb2NpbmUuZnIvZmlsbS9maWNoZWZpbG1fZ2VuX2NmaWxtPTEwMDQuaHRtbA==&quot;,&quot;mediaUrl&quot;:&quot;ACraHRACr0cHM6Ly93d3cuYWxsb2NpbmUuZnIvdmlkZW8vcGxheWVyX2dlbl9jbWVkaWE9MTk1OTc0MTEmY2ZpbG09MTAwNC5odG1s&quot;,&quot;relatedEntityTrackingIdentifier&quot;:&quot;1004-rouge_baiser&quot;,&quot;genres&quot;:[&quot;COMEDY_DRAMA&quot;],&quot;relatedEntityDistributor&quot;:null,&quot;relatedEntityDistributorId&quot;:null,&quot;entityStatus&quot;:null}],&quot;disablePreroll&quot;:false,&quot;disablePostroll&quot;:false,&quot;endScreen&quot;:true,&quot;context&quot;:&quot;newspage_news&quot;,&quot;launch&quot;:&quot;auto-play&quot;,&quot;followScroll&quot;:true,&quot;editorialContent&quot;:&quot;18711862-mort_de_charlotte_valandrey_les_images_du_premier_casting_de_l_actrice&quot;,&quot;disableAutoPause&quot;:true,&quot;player_position&quot;:&quot;playertop&quot;}\" data-thumb=\"https:\/\/fr.web.img6.acsta.net\/r_640_360\/videothumbnails\/22\/07\/13\/22\/23\/3646879.jpg\">\n<\/figure>\n<p><i>\u00ab\u00a0Anne-Charlotte Pascal &#8211; 15 ans &#8211; 1m59\u00a0\u00bb<\/i>. Nous sommes au d\u00e9but des ann\u00e9es 80, la future <a title=\"Charlotte Valandrey (France) (Acteur,D'apr\u00e8s l'oeuvre de)\" href=\"http:\/\/www.allocine.fr\/personne\/fichepersonne_gen_cpersonne=3012.html\">Charlotte Valandrey<\/a>, alors en classe de seconde, fait ses premiers essais devant une cam\u00e9ra. On est imm\u00e9diatement frapp\u00e9 par la spontan\u00e9it\u00e9 (<i>Oh \u00e7a va, je suis pas habill\u00e9e en bonne s\u0153ur !\u00a0\u00bb<\/i>), le magn\u00e9tisme et l&rsquo;intensit\u00e9 de la com\u00e9dienne, qui s&rsquo;impose en quelques minutes comme une potentielle \u00ab\u00a0nouvelle Sophie Marceau\u00a0\u00bb.<\/p>\n<p><iframe loading=\"lazy\" src=\"http:\/\/www.allocine.fr\/about:blank\" data-src=\"https:\/\/www.youtube.com\/embed\/iJBZo704LLc\" width=\"480\" height=\"270\"><\/iframe><\/p>\n<p>La suite, ce sera <a title=\"Rouge Baiser (France) - 1985 (Com\u00e9die dramatique)\" href=\"http:\/\/www.allocine.fr\/film\/fichefilm_gen_cfilm=1004.html\">Rouge Baiser<\/a>. Charlotte Valandrey y incarne Nadia, une jeune femme de quinze ans, militante dans les Jeunesses Communistes au d\u00e9but des ann\u00e9es 50, qui va questionner ses id\u00e9aux alors qu&rsquo;elle tombe sous le charme d&rsquo;un photographe de presse (<a title=\"Lambert Wilson (France) (Acteur,Interpr\u00e8te (chansons du film))\" href=\"http:\/\/www.allocine.fr\/personne\/fichepersonne_gen_cpersonne=1004.html\">Lambert Wilson<\/a>) et que l&rsquo;ancien amant de sa m\u00e8re revient d&rsquo;URSS o\u00f9 il a \u00e9t\u00e9 emprisonn\u00e9 et tortur\u00e9. Sorti en novembre 1985 en France, le film r\u00e9unit plus de 740 000 spectateurs dans les salles.<\/p>\n<p>Dans ce long m\u00e9trage autobiographique sign\u00e9 <a title=\"V\u00e9ra Belmont (France) (Producteur,Sc\u00e9nariste,R\u00e9alisateur)\" href=\"http:\/\/www.allocine.fr\/personne\/fichepersonne_gen_cpersonne=3011.html\">V\u00e9ra Belmont<\/a>, o\u00f9 on aper\u00e7oit \u00e9galement de jeunes\u00a0<a title=\"Elsa Lunghini (France) (Acteur)\" href=\"http:\/\/www.allocine.fr\/personne\/fichepersonne_gen_cpersonne=15318.html\">Elsa Lunghini<\/a> et <a title=\"Isabelle Nanty (France) (Acteur,Sc\u00e9nariste,R\u00e9alisateur)\" href=\"http:\/\/www.allocine.fr\/personne\/fichepersonne_gen_cpersonne=12094.html\">Isabelle Nanty<\/a>,\u00a0Charlotte Valandrey <a href=\"http:\/\/www.affinite.fr\/index.php\/2023\/08\/24\/lart-de-la-glace-transforme-en-business-la-vision-unique-de-fabien-gris\/\">livre<\/a> une performance remarqu\u00e9e. Elle re\u00e7oit d&rsquo;ailleurs le Prix d&rsquo;interpr\u00e9tation au Festival de Berlin 1986 (ex aequo avec la com\u00e9dienne br\u00e9silienne\u00a0<a title=\"Marcelia Cartaxo (Br\u00e9sil) (Acteur)\" href=\"http:\/\/www.allocine.fr\/personne\/fichepersonne_gen_cpersonne=24582.html\">Marc\u00e9lia Cartaxo<\/a> pour <a title=\"A Hora da Estrela (Br\u00e9sil) - 1985 (Com\u00e9die dramatique)\" href=\"http:\/\/www.allocine.fr\/film\/fichefilm_gen_cfilm=15146.html\">A Hora da Estrela<\/a>), avant d&rsquo;\u00eatre nomm\u00e9e au C\u00e9sar du Meilleur espoir f\u00e9minin.<\/p>\n<p><span class=\"ACrL3BACrlcnNvbm5lL2ZpY2hlcGVyc29ubmVfZ2VuX2NwZXJzb25uZT0zMDEyLmh0bWw=\" title=\"Charlotte Valandrey (France) (Acteur,D'apr\u00e8s l'oeuvre de)\">Charlotte Valandrey<\/span>\u00a0apprendra sa s\u00e9ropositivit\u00e9 \u00e0 la m\u00eame \u00e9poque, un secret qu&rsquo;elle gardera pendant pr\u00e8s de vingt ans, avant de se livrer dans le livre\u00a0<i class=\"article__item--italic\">L&rsquo;Amour dans le sang<\/i> (2005) sur sa maladie et la greffe du c\u0153ur qu&rsquo;elle a subi deux ans plus t\u00f4t. Devenue une figure incontournable du petit \u00e9cran entre ses r\u00f4les dans\u00a0<a title=\"Cordier, juge et flic (France) (Drame,Policier)\" href=\"http:\/\/www.allocine.fr\/series\/ficheserie_gen_cserie=582.html\">Cordier, Juge et Flic<\/a> et <a title=\"Demain nous appartient (France) (Drame,Thriller)\" href=\"http:\/\/www.allocine.fr\/series\/ficheserie_gen_cserie=22125.html\">Demain nous appartient<\/a>,\u00a0Charlotte Valandrey <a href=\"\/\/www.allocine.fr\/article\/fichearticle_gen_carticle=18711858.html\">s&rsquo;est \u00e9teinte ce 13 juillet \u00e0 l&rsquo;\u00e2ge de 53 ans<\/a>, un mois apr\u00e8s une nouvelle greffe qui n&rsquo;avait pas pris.<\/p>\n<\/div>\n<p>[ad_2]<br \/>\n<br \/><a href=\"http:\/\/www.allocine.fr\/article\/fichearticle_gen_carticle=18711862.html\">Source link <\/a><\/p>\n","protected":false},"excerpt":{"rendered":"<p>[ad_1] Charlotte Valandrey s&rsquo;est \u00e9teinte ce mercredi 13 juillet \u00e0 l&rsquo;\u00e2ge de 53 ans, un mois apr\u00e8s une nouvelle greffe &hellip; <a href=\"http:\/\/www.affinite.fr\/index.php\/2022\/07\/14\/mort-de-charlotte-valandrey-les-images-du-premier-casting-de-lactrice-news-series\/\" class=\"more-link\">Plus <span class=\"screen-reader-text\">Mort de Charlotte Valandrey : les images du premier casting de l&rsquo;actrice &#8211; News S\u00e9ries<\/span> <span class=\"meta-nav\">&rarr;<\/span><\/a><\/p>\n","protected":false},"author":1,"featured_media":8044,"comment_status":"","ping_status":"open","sticky":false,"template":"","format":"standard","meta":{"_sitemap_exclude":false,"_sitemap_priority":"","_sitemap_frequency":"","footnotes":""},"categories":[1],"tags":[],"class_list":["post-8043","post","type-post","status-publish","format-standard","has-post-thumbnail","hentry","category-tous"],"_links":{"self":[{"href":"http:\/\/www.affinite.fr\/index.php\/wp-json\/wp\/v2\/posts\/8043"}],"collection":[{"href":"http:\/\/www.affinite.fr\/index.php\/wp-json\/wp\/v2\/posts"}],"about":[{"href":"http:\/\/www.affinite.fr\/index.php\/wp-json\/wp\/v2\/types\/post"}],"author":[{"embeddable":true,"href":"http:\/\/www.affinite.fr\/index.php\/wp-json\/wp\/v2\/users\/1"}],"replies":[{"embeddable":true,"href":"http:\/\/www.affinite.fr\/index.php\/wp-json\/wp\/v2\/comments?post=8043"}],"version-history":[{"count":0,"href":"http:\/\/www.affinite.fr\/index.php\/wp-json\/wp\/v2\/posts\/8043\/revisions"}],"wp:featuredmedia":[{"embeddable":true,"href":"http:\/\/www.affinite.fr\/index.php\/wp-json\/wp\/v2\/media\/8044"}],"wp:attachment":[{"href":"http:\/\/www.affinite.fr\/index.php\/wp-json\/wp\/v2\/media?parent=8043"}],"wp:term":[{"taxonomy":"category","embeddable":true,"href":"http:\/\/www.affinite.fr\/index.php\/wp-json\/wp\/v2\/categories?post=8043"},{"taxonomy":"post_tag","embeddable":true,"href":"http:\/\/www.affinite.fr\/index.php\/wp-json\/wp\/v2\/tags?post=8043"}],"curies":[{"name":"wp","href":"https:\/\/api.w.org\/{rel}","templated":true}]}}