{"id":8041,"date":"2022-07-14T02:01:17","date_gmt":"2022-07-14T02:01:17","guid":{"rendered":"https:\/\/www.affinite.fr\/index.php\/2022\/07\/14\/souvenirs-dune-actrice-au-grand-coeur\/"},"modified":"2022-07-14T02:01:17","modified_gmt":"2022-07-14T02:01:17","slug":"souvenirs-dune-actrice-au-grand-coeur","status":"publish","type":"post","link":"http:\/\/www.affinite.fr\/index.php\/2022\/07\/14\/souvenirs-dune-actrice-au-grand-coeur\/","title":{"rendered":"souvenirs d&rsquo;une actrice au grand coeur"},"content":{"rendered":"<p> [ad_1]<br \/>\n<\/p>\n<p>\n                L&rsquo;actrice Charlotte Valandrey, en soins intensifs, s&rsquo;est \u00e9teinte ce mercredi 13\u00a0juillet 2022. Elle avait partag\u00e9 r\u00e9cemment sur les r\u00e9seaux sociaux son parcours \u00e9prouvant, essayant une troisi\u00e8me greffe de coeur. Malheureusement l&rsquo;op\u00e9ration du 14\u00a0juin n&rsquo;a pas pris et sa famille a annonc\u00e9 ce soir son d\u00e9c\u00e8s. Retour sur le parcours d&rsquo;une combattante.            <\/p>\n<div>\n<p>Clap de fin pour <strong>Charlotte Valandrey : <\/strong>l&rsquo;actrice r\u00e9v\u00e9l\u00e9e en 1985\u00a0dans le film <em>Rouge Baiser\u00a0<\/em>vient de mourir, \u00e0 53 ans. Elle venait de tenter <strong>une troisi\u00e8me <a href=\"https:\/\/www.journaldesfemmes.fr\/jardin\/conseils-jardinage\/2590997-greffer-quand-et-comment-faire-une-greffe-de-plante\/\" title=\"Greffer\">greffe<\/a> de coeur,<\/strong> une \u00e9preuve de trop pour son corps \u00e9prouv\u00e9 depuis longtemps par la maladie. Sur Instagram, une simple photo accompagn\u00e9e de <strong>ses ann\u00e9es de naissance et de mort<\/strong> apparaissait ce soir, sans l\u00e9gende, avec d\u00e9j\u00e0 des commentaires de condol\u00e9ances de tous ses abonn\u00e9s avec qui elle avait jusqu&rsquo;au bout partag\u00e9 son combat et son envie de survivre.<\/p>\n<h2>Charlotte Valandrey, coups de coeur, coups de gueule et combats<\/h2>\n<p>La star de <em>Demain nous Appartient<\/em> n&rsquo;h\u00e9sitait pas \u00e0 <strong>parler haut et fort<\/strong> de ce qui la touchait et de ce qu&rsquo;on cache parfois : ses probl\u00e8mes de sant\u00e9 bien s\u00fbr, mais aussi les risques du succ\u00e8s, et enfin ses rencontres, avec des stars comme avec des inconnus.<\/p>\n<div class=\"ccminsert\">\n<aside class=\"app_widget_fo app_widget_fo--call\">\n<ul>\n<li>\n                <a href=\"https:\/\/www.journaldesfemmes.fr\/people\/actus\/2723649-charlotte-valandrey-sida-vih-seropositivite-maladie\/\" class=\"jGTMWidgetGAEventClick\" data-gtmwidgetgaeventaction=\"clickWidgetCall\" data-gtmwidgetgaeventlabel=\"Charlotte Valandrey\u00a0: ce que lui a co\u00fbt\u00e9 sa maladie\"><\/p>\n<figure>\n                                                                        <picture><source media=\"(max-width: 480px)\" srcset=\"https:\/\/img-3.journaldesfemmes.fr\/geFJXTAwy4u7YJOmu84czZBP4hw=\/160x105\/smart\/ca1ad19eec014a9aa23cdf4c5803a811\/ccmcms-jdf\/25500616.jpg\" width=\"160\" height=\"105\"><img decoding=\"async\" src=\"https:\/\/img-3.journaldesfemmes.fr\/bKZx6yXZQ1qTw1EhXLxq7yQP-xk=\/200x132\/smart\/ca1ad19eec014a9aa23cdf4c5803a811\/ccmcms-jdf\/25500616.jpg\" alt=\"\" width=\"200\" height=\"132\" loading=\"lazy\"\/><br \/>\n                            <\/source><\/picture><figcaption>\n<h3>Charlotte Valandrey\u00a0: ce que lui a co\u00fbt\u00e9 sa maladie<\/h3>\n<p>Charlotte Valandrey s&rsquo;est sentie coupable de son succ\u00e8s, au d\u00e9but de sa carri\u00e8re. La com\u00e9dienne de 52\u00a0ans s&rsquo;est livr\u00e9e sur ses d\u00e9buts difficiles et ce qu&rsquo;elle a perdu \u00e0 cause de sa s\u00e9ropositivit\u00e9, dans \u00ab\u00a0Non Stop People\u00a0\u00bb&#8230;<\/p>\n<\/figcaption><\/figure>\n<p>                <\/a>\n            <\/li>\n<li>\n                <a href=\"https:\/\/www.journaldesfemmes.fr\/people\/actus\/2725287-charlotte-valandrey-insulte-enfoire-controleur-train-sncf\/\" class=\"jGTMWidgetGAEventClick\" data-gtmwidgetgaeventaction=\"clickWidgetCall\" data-gtmwidgetgaeventlabel=\"Charlotte Valandrey insulte des contr\u00f4leurs SNCF [VIDEO]\"><\/p>\n<figure>\n                                                                        <picture><source media=\"(max-width: 480px)\" srcset=\"https:\/\/img-3.journaldesfemmes.fr\/81EZkXPq8VR0W2t7HP2pxuwQef0=\/160x105\/smart\/07e543fa68c54597a556921b6e10f528\/ccmcms-jdf\/25694042.jpg\" width=\"160\" height=\"105\"><img decoding=\"async\" src=\"https:\/\/img-3.journaldesfemmes.fr\/Uek-8RjP6f0fkWFH6qZLkV2RiYA=\/200x132\/smart\/07e543fa68c54597a556921b6e10f528\/ccmcms-jdf\/25694042.jpg\" alt=\"\" width=\"200\" height=\"132\" loading=\"lazy\"\/><br \/>\n                            <\/source><\/picture><figcaption>\n<h3>Charlotte Valandrey insulte des contr\u00f4leurs SNCF [VIDEO]<\/h3>\n<p>Charlotte Valandrey a v\u00e9cu une malheureuse exp\u00e9rience \u00e0 bord d&rsquo;un TGV. L&rsquo;actrice a \u00e9t\u00e9 confront\u00e9e \u00e0 des agents peu enclins \u00e0 la discussion&#8230; Et n&rsquo;a pas h\u00e9sit\u00e9 \u00e0 l\u00e2cher des noms d&rsquo;oiseaux en d\u00e9taillant les faits sur Instagram\u00a0!<\/p>\n<\/figcaption><\/figure>\n<p>                <\/a>\n            <\/li>\n<li>\n                <a href=\"https:\/\/www.journaldesfemmes.fr\/people\/actus\/2710924-charlotte-valandrey-sante-vih-sida-maladie-greffe-coeur-rouge-baiser-lambert-wilson\/\" class=\"jGTMWidgetGAEventClick\" data-gtmwidgetgaeventaction=\"clickWidgetCall\" data-gtmwidgetgaeventlabel=\"Charlotte Valandrey, &quot;s\u00e9ro-inoffensive&quot;\u00a0et &quot;optimiste&quot;\"><\/p>\n<figure>\n                                                                        <picture><source media=\"(max-width: 480px)\" srcset=\"https:\/\/img-3.journaldesfemmes.fr\/omkD4f7UtUsGHcQMVbc2L0YeIs4=\/160x105\/smart\/43baf6ae8b054513ac791f0dbe5b91c7\/ccmcms-jdf\/23852859.jpg\" width=\"160\" height=\"105\"><img decoding=\"async\" src=\"https:\/\/img-3.journaldesfemmes.fr\/J0Mej35HaLFzK3bDfa7ULnFhf7o=\/200x132\/smart\/43baf6ae8b054513ac791f0dbe5b91c7\/ccmcms-jdf\/23852859.jpg\" alt=\"\" width=\"200\" height=\"132\" loading=\"lazy\"\/><br \/>\n                            <\/source><\/picture><figcaption>\n<h3>Charlotte Valandrey, \u00ab\u00a0s\u00e9ro-inoffensive\u00a0\u00bb\u00a0et \u00ab\u00a0optimiste\u00a0\u00bb<\/h3>\n<p>Charlotte Valandrey, \u00e0 retrouver ce lundi 19\u00a0avril dans \u00ab\u00a0Rouge Baiser\u00a0\u00bb sur France 5\u00a0\u00e0 20h50, vit avec le VIH depuis ses 17\u00a0ans, s&rsquo;est confi\u00e9e sur son \u00e9tat d&rsquo;esprit, sa condition physique, mais aussi sa relation avec Lambert Wilson, avec qui elle a crev\u00e9 l&rsquo;\u00e9cran dans \u00ab\u00a0Rouge Baiser\u00a0\u00bb&#8230;<\/p>\n<\/figcaption><\/figure>\n<p>                <\/a>\n            <\/li>\n<li>\n                <a href=\"https:\/\/www.journaldesfemmes.fr\/people\/magazine\/2624857-charlotte-valandrey-avortement-salaire-maladie-sida-demain-nous-appartient\/\" class=\"jGTMWidgetGAEventClick\" data-gtmwidgetgaeventaction=\"clickWidgetCall\" data-gtmwidgetgaeventlabel=\"Charlotte Valandrey (Demain Nous Appartient) r\u00e9v\u00e8le ses drames intimes\"><\/p>\n<figure>\n                                                                        <picture><source media=\"(max-width: 480px)\" srcset=\"https:\/\/img-3.journaldesfemmes.fr\/FtKK9rPLUq5g519i9uK0_DvFsY0=\/160x105\/smart\/f8879bbdb3784fda8ce499a18d42595c\/ccmcms-jdf\/14245654.jpg\" width=\"160\" height=\"105\"><img decoding=\"async\" src=\"https:\/\/img-3.journaldesfemmes.fr\/BSLxmOUfBDbbRv3wdyfqWO6is94=\/200x132\/smart\/f8879bbdb3784fda8ce499a18d42595c\/ccmcms-jdf\/14245654.jpg\" alt=\"\" width=\"200\" height=\"132\" loading=\"lazy\"\/><br \/>\n                            <\/source><\/picture><figcaption>\n<h3>Charlotte Valandrey (Demain Nous Appartient) r\u00e9v\u00e8le ses drames intimes<\/h3>\n<p>La com\u00e9dienne Charlotte Valandrey \u00e9tait l&rsquo;invit\u00e9 de \u00ab\u00a0L&rsquo;instant de luxe\u00a0\u00bb sur Non Stop People ce mardi 10\u00a0mars. L&rsquo;occasion pour la com\u00e9dienne de se confier sans fard sur son actualit\u00e9 dans \u00ab\u00a0Demain nous Appartient\u00a0\u00bb, mais \u00e9galement sur son pass\u00e9 douloureux, le Sida qu&rsquo;elle combat, son renoncement \u00e0 un enfant\u2026<\/p>\n<\/figcaption><\/figure>\n<p>                <\/a>\n            <\/li>\n<\/ul>\n<\/aside>\n<\/div>\n<h2>Le \u00ab\u00a0troisi\u00e8me c\u0153ur\u00a0\u00bb si attendu n&rsquo;a pas suffi \u00e0 sauver Charlotte Valandrey<\/h2>\n<p>\u00ab\u00a0<em>Je ne suis pas depuis un mois en soins intensifs pour une histoire de m\u00e9dicaments. Mon c\u0153ur est arriv\u00e9 en bout de course et<strong> j&rsquo;attends donc celui qui sera mon 3\u00e8me c\u0153ur<\/strong>. Il peut arriver \u00e0 tout moment. J&rsquo;ai besoin de toutes vos ondes positives. D&rsquo;amour, de bienveillance, de vos pri\u00e8res. Car la Warrior est moins Warrior<\/em>\u00ab\u00a0, avait-elle annonc\u00e9 \u00e0 ses fans il y a 5 semaines, avant d&rsquo;exulter le 8 juin : \u00ab\u00a0Mon greffon est arriv\u00e9 !\u00a0\u00bb Malheureusement, la greffe n&rsquo;a pas pris.<\/p>\n<h2>Charlotte Valandrey : le combat pour sa sant\u00e9 depuis sa contamination au VIH<\/h2>\n<p>Charlotte Valandrey, qui vivait<strong>\u00a0avec le VIH depuis 1986<\/strong>, avait vu son c\u0153ur fragilis\u00e9 par l&rsquo;AZT, un traitement contre le virus. Apr\u00e8s deux infarctus, elle avait donc <strong>subi une premi\u00e8re greffe du c\u0153ur<\/strong>, en 2003. C&rsquo;\u00e9tait la premi\u00e8re fois qu&rsquo;une Fran\u00e7aise s\u00e9ropositive recevait ce type de greffe. D\u00e9sormais, l&rsquo;ancienne interpr\u00e8te de\u00a0Laurence Moiret dans <em>Demain Nous Appartient\u00a0<\/em>restera dans les coeurs comme une figure du combat contre le <a href=\"https:\/\/sante.journaldesfemmes.fr\/fiches-maladies\/2515989-virus-vih-sida-definition-difference-symptome-traitement-comment-savoir-seropositif-covid-test\/\" title=\"VIH\">Sida<\/a>.<\/p>\n<\/p><\/div>\n<p>[ad_2]<br \/>\n<br \/><a href=\"https:\/\/www.journaldesfemmes.fr\/people\/actus\/2823255-charlotte-valandrey-mort\/\">Source link <\/a><\/p>\n","protected":false},"excerpt":{"rendered":"<p>[ad_1] L&rsquo;actrice Charlotte Valandrey, en soins intensifs, s&rsquo;est \u00e9teinte ce mercredi 13\u00a0juillet 2022. Elle avait partag\u00e9 r\u00e9cemment sur les r\u00e9seaux &hellip; <a href=\"http:\/\/www.affinite.fr\/index.php\/2022\/07\/14\/souvenirs-dune-actrice-au-grand-coeur\/\" class=\"more-link\">Plus <span class=\"screen-reader-text\">souvenirs d&rsquo;une actrice au grand coeur<\/span> <span class=\"meta-nav\">&rarr;<\/span><\/a><\/p>\n","protected":false},"author":1,"featured_media":8042,"comment_status":"","ping_status":"open","sticky":false,"template":"","format":"standard","meta":{"_sitemap_exclude":false,"_sitemap_priority":"","_sitemap_frequency":"","footnotes":""},"categories":[1],"tags":[],"class_list":["post-8041","post","type-post","status-publish","format-standard","has-post-thumbnail","hentry","category-tous"],"_links":{"self":[{"href":"http:\/\/www.affinite.fr\/index.php\/wp-json\/wp\/v2\/posts\/8041"}],"collection":[{"href":"http:\/\/www.affinite.fr\/index.php\/wp-json\/wp\/v2\/posts"}],"about":[{"href":"http:\/\/www.affinite.fr\/index.php\/wp-json\/wp\/v2\/types\/post"}],"author":[{"embeddable":true,"href":"http:\/\/www.affinite.fr\/index.php\/wp-json\/wp\/v2\/users\/1"}],"replies":[{"embeddable":true,"href":"http:\/\/www.affinite.fr\/index.php\/wp-json\/wp\/v2\/comments?post=8041"}],"version-history":[{"count":0,"href":"http:\/\/www.affinite.fr\/index.php\/wp-json\/wp\/v2\/posts\/8041\/revisions"}],"wp:featuredmedia":[{"embeddable":true,"href":"http:\/\/www.affinite.fr\/index.php\/wp-json\/wp\/v2\/media\/8042"}],"wp:attachment":[{"href":"http:\/\/www.affinite.fr\/index.php\/wp-json\/wp\/v2\/media?parent=8041"}],"wp:term":[{"taxonomy":"category","embeddable":true,"href":"http:\/\/www.affinite.fr\/index.php\/wp-json\/wp\/v2\/categories?post=8041"},{"taxonomy":"post_tag","embeddable":true,"href":"http:\/\/www.affinite.fr\/index.php\/wp-json\/wp\/v2\/tags?post=8041"}],"curies":[{"name":"wp","href":"https:\/\/api.w.org\/{rel}","templated":true}]}}