{"id":803,"date":"2020-03-18T14:58:05","date_gmt":"2020-03-18T14:58:05","guid":{"rendered":"https:\/\/www.affinite.fr\/index.php\/2020\/03\/18\/facebook-a-censure-beaucoup-de-contenus-legitimes-a-cause-dun-bug\/"},"modified":"2020-03-18T14:58:05","modified_gmt":"2020-03-18T14:58:05","slug":"facebook-a-censure-beaucoup-de-contenus-legitimes-a-cause-dun-bug","status":"publish","type":"post","link":"http:\/\/www.affinite.fr\/index.php\/2020\/03\/18\/facebook-a-censure-beaucoup-de-contenus-legitimes-a-cause-dun-bug\/","title":{"rendered":"Facebook a censur\u00e9 beaucoup de contenus l\u00e9gitimes&#8230; \u00e0 cause d&rsquo;un bug"},"content":{"rendered":"<p> [ad_1]<br \/>\n<br \/><img decoding=\"async\" src=\"https:\/\/img.bfmtv.com\/i\/0\/0\/745\/f75c1342e802f1aaddc4e17b3d530.jpg\" \/><\/p>\n<div itemprop=\"articleBody\">\n<p>Des articles de presse, des notes de blogs, des demandes de fonds pour des associations caritatives\u2026 Un grand nombre de contenus l\u00e9gitimes \u2014 dont beaucoup li\u00e9s au Covid-19 \u2014 ont r\u00e9cemment \u00e9t\u00e9 bloqu\u00e9s sur Facebook. Au moment de valider leur diffusion, le r\u00e9seau social indiquait qu\u2019ils contrevenaient aux <em>\u00ab\u00a0standards de la communaut\u00e9\u00a0\u00bb,\u00a0<\/em>ils ont donc \u00e9t\u00e9 catalogu\u00e9s comme spam.<\/p>\n<p>Sur Twitter, certains se sont demand\u00e9 si cela \u00e9tait li\u00e9 au fait que Facebook a renvoy\u00e9 ses mod\u00e9rateurs \u00e0 la maison, en raison du coronavirus. Mais un porte-parole a imm\u00e9diatement r\u00e9fut\u00e9 cette all\u00e9gation, en pr\u00e9cisant qu\u2019il s\u2019agissait d\u2019un bug dans le syst\u00e8me antispam.<\/p>\n<aside class=\"bg-color-0 padding-inside-all-s bloc border-s\">\n<h4 class=\"box-txt-normal\">\n<p><b>A d\u00e9couvrir aussi en vid\u00e9o<\/b><\/p>\n<\/h4>\n<\/aside>\n<p>Une heure plus tard, cette personne a annonc\u00e9 que le probl\u00e8me \u00e9tait corrig\u00e9.<\/p>\n<blockquote>\n<p><em>\u00ab\u2009Nous avons restaur\u00e9 tous les messages qui ont \u00e9t\u00e9 supprim\u00e9s de mani\u00e8re incorrecte. Ces messages portaient sur tous les sujets, pas seulement sur Covid-19. Il s\u2019agissait d\u2019un probl\u00e8me avec un syst\u00e8me automatis\u00e9 qui supprime les liens vers des sites Web abusifs, mais qui a \u00e9galement supprim\u00e9 de mani\u00e8re incorrecte de nombreux autres messages\u00a0\u00bb<\/em>, a-t-il expliqu\u00e9.<\/p>\n<\/blockquote>\n<p>Pourtant, <a href=\"https:\/\/twitter.com\/cloudpundit\/status\/1240132641350979585?s=20\" target=\"_blank\" rel=\"noopener noreferrer\">quelques utilisateurs<\/a> se plaignent toujours de la censure\u2026<\/p>\n<p><strong>Source\u00a0<\/strong>:<a href=\"https:\/\/arstechnica.com\/information-technology\/2020\/03\/reputable-sites-swept-up-in-fbs-latest-coronavirus-minded-spam-cleanse\/\" target=\"_blank\" rel=\"noopener noreferrer\"> Ars Technica<\/a><\/p>\n<\/p><\/div>\n<p><script async src=\"http:\/\/platform.twitter.com\/widgets.js\" charset=\"utf-8\"><\/script><script>\n         !function(f,b,e,v,n,t,s){if(f.fbq)return;n=f.fbq=function()\n         {n.callMethod? n.callMethod.apply(n,arguments):n.queue.push(arguments)}\n         ;if(!f._fbq)f._fbq=n;\n             n.push=n;n.loaded=!0;n.version='2.0';n.queue=[];t=b.createElement(e);t.async=!0;\n             t.src=v;s=b.getElementsByTagName(e)[0];s.parentNode.insertBefore(t,s)}(window,\n                 document,'script','https:\/\/connect.facebook.net\/en_US\/fbevents.js');\n         fbq('init', '1065890633454496');\n         fbq('track', 'PageView');\n     <\/script><br \/>\n<br \/>[ad_2]<br \/>\n<br \/><a href=\"https:\/\/www.01net.com\/actualites\/facebook-a-censure-beaucoup-de-contenus-legitimes-a-cause-d-un-bug-1877061.html\">Source link <\/a><\/p>\n","protected":false},"excerpt":{"rendered":"<p>[ad_1] Des articles de presse, des notes de blogs, des demandes de fonds pour des associations caritatives\u2026 Un grand nombre &hellip; <a href=\"http:\/\/www.affinite.fr\/index.php\/2020\/03\/18\/facebook-a-censure-beaucoup-de-contenus-legitimes-a-cause-dun-bug\/\" class=\"more-link\">Plus <span class=\"screen-reader-text\">Facebook a censur\u00e9 beaucoup de contenus l\u00e9gitimes&#8230; \u00e0 cause d&rsquo;un bug<\/span> <span class=\"meta-nav\">&rarr;<\/span><\/a><\/p>\n","protected":false},"author":1,"featured_media":804,"comment_status":"open","ping_status":"open","sticky":false,"template":"","format":"standard","meta":{"_sitemap_exclude":false,"_sitemap_priority":"","_sitemap_frequency":"","footnotes":""},"categories":[1],"tags":[],"class_list":["post-803","post","type-post","status-publish","format-standard","has-post-thumbnail","hentry","category-tous"],"_links":{"self":[{"href":"http:\/\/www.affinite.fr\/index.php\/wp-json\/wp\/v2\/posts\/803"}],"collection":[{"href":"http:\/\/www.affinite.fr\/index.php\/wp-json\/wp\/v2\/posts"}],"about":[{"href":"http:\/\/www.affinite.fr\/index.php\/wp-json\/wp\/v2\/types\/post"}],"author":[{"embeddable":true,"href":"http:\/\/www.affinite.fr\/index.php\/wp-json\/wp\/v2\/users\/1"}],"replies":[{"embeddable":true,"href":"http:\/\/www.affinite.fr\/index.php\/wp-json\/wp\/v2\/comments?post=803"}],"version-history":[{"count":0,"href":"http:\/\/www.affinite.fr\/index.php\/wp-json\/wp\/v2\/posts\/803\/revisions"}],"wp:featuredmedia":[{"embeddable":true,"href":"http:\/\/www.affinite.fr\/index.php\/wp-json\/wp\/v2\/media\/804"}],"wp:attachment":[{"href":"http:\/\/www.affinite.fr\/index.php\/wp-json\/wp\/v2\/media?parent=803"}],"wp:term":[{"taxonomy":"category","embeddable":true,"href":"http:\/\/www.affinite.fr\/index.php\/wp-json\/wp\/v2\/categories?post=803"},{"taxonomy":"post_tag","embeddable":true,"href":"http:\/\/www.affinite.fr\/index.php\/wp-json\/wp\/v2\/tags?post=803"}],"curies":[{"name":"wp","href":"https:\/\/api.w.org\/{rel}","templated":true}]}}