{"id":8014,"date":"2022-07-06T01:42:57","date_gmt":"2022-07-06T01:42:57","guid":{"rendered":"https:\/\/www.affinite.fr\/index.php\/2022\/07\/06\/resultats-du-bac-2022-consultez-les-selon-votre-academie\/"},"modified":"2022-07-06T01:42:57","modified_gmt":"2022-07-06T01:42:57","slug":"resultats-du-bac-2022-consultez-les-selon-votre-academie","status":"publish","type":"post","link":"http:\/\/www.affinite.fr\/index.php\/2022\/07\/06\/resultats-du-bac-2022-consultez-les-selon-votre-academie\/","title":{"rendered":"R\u00e9sultats du bac 2022\u00a0: consultez-les selon votre acad\u00e9mie"},"content":{"rendered":"<p> [ad_1]<br \/>\n<br \/><img decoding=\"async\" src=\"https:\/\/img-3.journaldesfemmes.fr\/amQVt9ZGyNPQ5agZv1EXDuYaVeY=\/1280x\/smart\/94aba53b642c47c5bcef32913c6000dd\/ccmcms-jdf\/35865127.jpg\" \/><\/p>\n<p>\n                Les lyc\u00e9ens ont pu consulter les r\u00e9sultats du baccalaur\u00e9at ce mardi 5\u00a0juillet. Admis, recal\u00e9 ou en session de rattrapage\u00a0? D\u00e9couvrez tous les r\u00e9sultats du bac 2022\u00a0selon les acad\u00e9mies.            <\/p>\n<div>\n<aside class=\"ccmsummary marqueur_module ccmcss_cms_summary ccmcss_cms_summary--right\">\n<p>Sommaire<\/p>\n<\/aside>\n<p><strong>[Mise \u00e0 jour du 5\u00a0juillet 2022\u00a0\u00e0 20h15] Les r\u00e9sultats du bac sont tomb\u00e9s ce mardi 5 juillet<\/strong>, avec diff\u00e9rents horaires de publication selon les acad\u00e9mies. Les\u00a0lyc\u00e9ens peuvent savoir s&rsquo;ils sont admis, recal\u00e9s ou en rattrapage. D\u00e9couvrez si vous fa\u00eetes partie des bacheliers gr\u00e2ce \u00e0 notre module.\u00a0<strong>Les r\u00e9sultats du bac du second groupe,<\/strong> c&rsquo;est \u00e0 dire apr\u00e8s les <a href=\"https:\/\/www.journaldesfemmes.fr\/maman\/guide-des-parents\/1140978-date-oraux-de-rattrapage-2022\/\" title=\"Rattrapage du bac\">oraux de rattrapage<\/a>, sont quant \u00e0 eux publi\u00e9s entre le <strong>mercredi 6\u00a0et le vendredi 8\u00a0juillet 2022\u00a0jusqu&rsquo;\u00e0 17h00<\/strong>. Les r\u00e9sultats seront disponibles l&rsquo;apr\u00e8s-midi m\u00eame du jour o\u00f9 seront pass\u00e9s les oraux.<\/p>\n<h2 id=\"resultats-du-bac-francais-en-2022--quelles-sont-les-dates\">Dates et horaires des r\u00e9sultats du Bac fran\u00e7ais en 2022<\/h2>\n<p><strong>Les r\u00e9sultats du bac fran\u00e7ais 2022\u00a0sont publi\u00e9s \u00e0 partir du 7 juillet<\/strong> selon les acad\u00e9mies.\u00a0<\/p>\n<table border=\"1\" cellpadding=\"1\" cellspacing=\"1\" style=\"width: 707px;\">\n<tbody>\n<tr>\n<td style=\"width: 171px; text-align: center;\"><strong>Acad\u00e9mies<\/strong><\/td>\n<td style=\"text-align: center; width: 230px;\"><strong>R\u00e9sultats du bac fran\u00e7ais<\/strong><\/td>\n<\/tr>\n<tr>\n<td style=\"width: 171px;\">Aix-Marseille<\/td>\n<td style=\"width: 230px;\">\u00a0<\/td>\n<\/tr>\n<tr>\n<td style=\"width: 171px;\">Amiens<\/td>\n<td style=\"width: 230px;\">Vendredi 8 juillet d\u00e8s 16h<\/td>\n<\/tr>\n<tr>\n<td style=\"width: 171px;\">Bordeaux<\/td>\n<td style=\"width: 230px;\">11 juillet d\u00e8s 10h<\/td>\n<\/tr>\n<tr>\n<td style=\"width: 171px;\">Clermont-Ferrand<\/td>\n<td style=\"width: 230px;\">Vendredi 8 juillet d\u00e8s 14h<\/td>\n<\/tr>\n<tr>\n<td style=\"width: 171px;\">Cr\u00e9teil<\/td>\n<td style=\"width: 230px;\">Lundi 11 juillet<\/td>\n<\/tr>\n<tr>\n<td style=\"width: 171px;\">Dijon<\/td>\n<td style=\"width: 230px;\">12\u00a0juillet d\u00e8s 14h<\/td>\n<\/tr>\n<tr>\n<td style=\"width: 171px;\">Grenoble<\/td>\n<td style=\"width: 230px;\">8 juillet en fin de journ\u00e9e<\/td>\n<\/tr>\n<tr>\n<td style=\"width: 171px;\">Corse<\/td>\n<td style=\"width: 230px;\">12\u00a0juillet d\u00e8s 14h<\/td>\n<\/tr>\n<tr>\n<td style=\"width: 171px;\">Lille<\/td>\n<td style=\"width: 230px;\">12 juillet d\u00e8s 11h<\/td>\n<\/tr>\n<tr>\n<td style=\"width: 171px;\">\n<p>Limoges<\/p>\n<\/td>\n<td style=\"width: 230px;\">11\u00a0juillet 2022\u00a0\u00e0 16H00<\/td>\n<\/tr>\n<tr>\n<td style=\"width: 171px;\">Lyon<\/td>\n<td style=\"width: 230px;\">&#8211;<\/td>\n<\/tr>\n<tr>\n<td style=\"width: 171px;\">Martinique<\/td>\n<td style=\"width: 230px;\">Vendredi 8 juillet d\u00e8s 12h<\/td>\n<\/tr>\n<tr>\n<td style=\"width: 171px;\">Mayotte<\/td>\n<td style=\"width: 230px;\">&#8211;<\/td>\n<\/tr>\n<tr>\n<td style=\"width: 171px;\">Montpellier<\/td>\n<td style=\"width: 230px;\">Jeudi 15\u00a0juillet d\u00e8s 16\u00a0heures<\/td>\n<\/tr>\n<tr>\n<td style=\"width: 171px;\">Nancy-Metz<\/td>\n<td style=\"width: 230px;\">Vendredi 8\u00a0juillet \u00e0 14\u00a0heures<\/td>\n<\/tr>\n<tr>\n<td style=\"width: 171px;\">Nantes<\/td>\n<td style=\"width: 230px;\">Vendredi 8 juillet<\/td>\n<\/tr>\n<tr>\n<td style=\"width: 171px;\">Nice<\/td>\n<td style=\"width: 230px;\">Jeudi 7 juillet d\u00e8s 15h<\/td>\n<\/tr>\n<tr>\n<td style=\"width: 171px;\">Orl\u00e9ans-tours<\/td>\n<td style=\"width: 230px;\">7 juillet d\u00e8s 12h<\/td>\n<\/tr>\n<tr>\n<td style=\"width: 171px;\">Paris\u00a0<\/td>\n<td style=\"width: 230px;\">Lundi 11 juillet<\/td>\n<\/tr>\n<tr>\n<td style=\"width: 171px;\">Poitiers<\/td>\n<td style=\"width: 230px;\">Vendredi 8\u00a0juillet \u00e0 14\u00a0heures<\/td>\n<\/tr>\n<tr>\n<td style=\"width: 171px;\">Reims<\/td>\n<td style=\"width: 230px;\">8 juillet d\u00e8s 17h<\/td>\n<\/tr>\n<tr>\n<td style=\"width: 171px;\">\n<p>Rennes<\/p>\n<\/td>\n<td style=\"width: 230px;\">Mardi 12\u00a0juillet \u00e0 17\u00a0heures<\/td>\n<\/tr>\n<tr>\n<td style=\"width: 171px;\">La R\u00e9union<\/td>\n<td style=\"width: 230px;\">8 juillet d\u00e8s 10h<\/td>\n<\/tr>\n<tr>\n<td style=\"width: 171px;\">Normandie-Caen et Rouen<\/td>\n<td style=\"width: 230px;\">Vendredi 8\u00a0juillet au cours de la journ\u00e9e<\/td>\n<\/tr>\n<tr>\n<td style=\"width: 171px;\">Strasbourg<\/td>\n<td style=\"width: 230px;\">8 juillet d\u00e8s 15h<\/td>\n<\/tr>\n<tr>\n<td style=\"width: 171px;\">Toulouse\u00a0<\/td>\n<td style=\"width: 230px;\">Lundi 11\u00a0juillet \u00e0 partir de 14\u00a0heures<\/td>\n<\/tr>\n<tr>\n<td style=\"width: 171px;\">Versailles<\/td>\n<td style=\"width: 230px;\">Lundi 11 juillet<\/td>\n<\/tr>\n<\/tbody>\n<\/table>\n<h2 id=\"quelle-est-la-date-desresultats-du-brevet-2021-\">Date des r\u00e9sultats du brevet 2022<\/h2>\n<p><strong>Les r\u00e9sultats du <a href=\"https:\/\/www.journaldesfemmes.fr\/maman\/guide-des-parents\/1585356-brevet-des-colleges-2022-dates-horaires-resultats\/\" title=\"Brevet des coll\u00e8ges\">brevet<\/a> sont communiqu\u00e9s au plus tard le 8\u00a0juillet 2022\u00a0selon les diff\u00e9rentes acad\u00e9mies.\u00a0<\/strong>A noter que la session de remplacement aura lieu les 12\u00a0et 13\u00a0septembre 2022\u00a0pour les \u00e9l\u00e8ves qui n&rsquo;ont pas pu se rendre disponible le jour des examens.<\/p>\n<h2 id=\"resultats-de-la-session-de-rattrapage-du-bac-2022-quelles-sont-les-dates\">Date des r\u00e9sultats\u00a0de la session de rattrapage<\/h2>\n<p>Les r\u00e9sultats de la session de rattrapage qui a lieu en septembre seront disponibles <strong>\u00e0 partir de fin septembre 2022\u00a0<\/strong>pour les candidats qui n&rsquo;auront\u00a0pas pu passer les \u00e9preuves en juin.<\/p>\n<p><strong>Les \u00e9l\u00e8ves sont invit\u00e9s \u00e0 se rendre au centre de d\u00e9lib\u00e9rations dans la journ\u00e9e afin de<\/strong> <strong>r\u00e9cup\u00e9rer leurs r\u00e9sultats ainsi que leur\u00a0livret scolaire.<\/strong>\u00a0Ces documents leur serviront lors de leurs prochaines inscriptions. Les parents peuvent aussi venir retirer les r\u00e9sultats \u00e0 la place de leur enfant, munis de leur convocation et d&rsquo;une pi\u00e8ce d&rsquo;identit\u00e9 du candidat, s&rsquo;il est mineur.\u00a0Pour les \u00e9l\u00e8ves majeurs, il est possible d&rsquo;\u00e9tablir\u00a0une procuration et confier votre convocation et une pi\u00e8ce d&rsquo;identit\u00e9 \u00e0 la personne de votre choix. Dans la plupart des acad\u00e9mies,<strong> si vous \u00eates admis au <a href=\"https:\/\/www.journaldesfemmes.fr\/maman\/guide-des-parents\/2726805-bac-2022-dates-des-resultats-et-rattrapage-du-bac\/\" title=\"Bac\">baccalaur\u00e9at<\/a> ou refus\u00e9, il n&rsquo;est pas n\u00e9cessaire de vous rendre dans votre centre de d\u00e9lib\u00e9ration.<\/strong>\u00a0Vous pouvez r\u00e9cup\u00e9rer votre relev\u00e9 de notes dans votre <strong>compte Cyclades. <\/strong>Si vous avez pass\u00e9 les rattrapages, vous deviez alors venir\u00a0retirer votre relev\u00e9 de notes dans le centre de d\u00e9lib\u00e9ration et pr\u00e9ciser le choix des \u00e9preuves que vous souhaitiez passer \u00e0 l&rsquo;oral.\u00a0<\/p>\n<\/p><\/div>\n<p>[ad_2]<br \/>\n<br \/><a href=\"https:\/\/www.journaldesfemmes.fr\/maman\/guide-des-parents\/2724265-resultats-du-bac-2022-dates-et-horaires-academies\/\">Source link <\/a><\/p>\n","protected":false},"excerpt":{"rendered":"<p>[ad_1] Les lyc\u00e9ens ont pu consulter les r\u00e9sultats du baccalaur\u00e9at ce mardi 5\u00a0juillet. Admis, recal\u00e9 ou en session de rattrapage\u00a0? &hellip; <a href=\"http:\/\/www.affinite.fr\/index.php\/2022\/07\/06\/resultats-du-bac-2022-consultez-les-selon-votre-academie\/\" class=\"more-link\">Plus <span class=\"screen-reader-text\">R\u00e9sultats du bac 2022\u00a0: consultez-les selon votre acad\u00e9mie<\/span> <span class=\"meta-nav\">&rarr;<\/span><\/a><\/p>\n","protected":false},"author":1,"featured_media":8015,"comment_status":"","ping_status":"open","sticky":false,"template":"","format":"standard","meta":{"_sitemap_exclude":false,"_sitemap_priority":"","_sitemap_frequency":"","footnotes":""},"categories":[1],"tags":[],"class_list":["post-8014","post","type-post","status-publish","format-standard","has-post-thumbnail","hentry","category-tous"],"_links":{"self":[{"href":"http:\/\/www.affinite.fr\/index.php\/wp-json\/wp\/v2\/posts\/8014"}],"collection":[{"href":"http:\/\/www.affinite.fr\/index.php\/wp-json\/wp\/v2\/posts"}],"about":[{"href":"http:\/\/www.affinite.fr\/index.php\/wp-json\/wp\/v2\/types\/post"}],"author":[{"embeddable":true,"href":"http:\/\/www.affinite.fr\/index.php\/wp-json\/wp\/v2\/users\/1"}],"replies":[{"embeddable":true,"href":"http:\/\/www.affinite.fr\/index.php\/wp-json\/wp\/v2\/comments?post=8014"}],"version-history":[{"count":0,"href":"http:\/\/www.affinite.fr\/index.php\/wp-json\/wp\/v2\/posts\/8014\/revisions"}],"wp:featuredmedia":[{"embeddable":true,"href":"http:\/\/www.affinite.fr\/index.php\/wp-json\/wp\/v2\/media\/8015"}],"wp:attachment":[{"href":"http:\/\/www.affinite.fr\/index.php\/wp-json\/wp\/v2\/media?parent=8014"}],"wp:term":[{"taxonomy":"category","embeddable":true,"href":"http:\/\/www.affinite.fr\/index.php\/wp-json\/wp\/v2\/categories?post=8014"},{"taxonomy":"post_tag","embeddable":true,"href":"http:\/\/www.affinite.fr\/index.php\/wp-json\/wp\/v2\/tags?post=8014"}],"curies":[{"name":"wp","href":"https:\/\/api.w.org\/{rel}","templated":true}]}}