{"id":8012,"date":"2022-07-05T01:41:12","date_gmt":"2022-07-05T01:41:12","guid":{"rendered":"https:\/\/www.affinite.fr\/index.php\/2022\/07\/05\/debut-des-shows-a-paris\/"},"modified":"2022-07-05T01:41:12","modified_gmt":"2022-07-05T01:41:12","slug":"debut-des-shows-a-paris","status":"publish","type":"post","link":"http:\/\/www.affinite.fr\/index.php\/2022\/07\/05\/debut-des-shows-a-paris\/","title":{"rendered":"d\u00e9but des shows \u00e0 Paris"},"content":{"rendered":"<p> [ad_1]<br \/>\n<\/p>\n<p>\n                C&rsquo;est le d\u00e9but de la Fashion week haute couture automne-hiver 2022-2023\u00a0\u00e0 Paris. Demandez le programme\u00a0!            <\/p>\n<div>\n<aside class=\"ccmsummary marqueur_module ccmcss_cms_summary ccmcss_cms_summary--right\">\n<p>Sommaire<\/p>\n<\/aside>\n<p>Jusqu&rsquo;au 7 juillet, Paris vibre au rythme de la Fashion week<strong>\u00a0haute couture <a href=\"https:\/\/www.journaldesfemmes.fr\/mode\/conseils-mode\/2734281-tendances-mode-automne-hiver\/\" title=\"Tendances mode automne-hiver 2022-2023\">automne-hiver 2022<\/a>-2023<\/strong>. Acheteurs, journalistes, clients et amis des maisons de luxe ont la chance de d\u00e9couvrir, pendant ces quatre journ\u00e9es de shows, les collections<strong>\u00a0des marques de mode les plus prestigieuses.<\/strong>\u00a0\u00a0Des pi\u00e8ces exceptionnelles qui seront bient\u00f4t port\u00e9es sur tapis rouge par les stars internationales.\u00a0<strong>Comment assister aux <a href=\"https:\/\/www.journaldesfemmes.fr\/mode\/conseils-mode\/2653329-defiles-mode\/\" title=\"D\u00e9fil\u00e9\">d\u00e9fil\u00e9s<\/a> ? <\/strong>O\u00f9 regarder les shows en live ? <strong>Quelles sont les marques qui figurent au calendrier officiel ?<\/strong> Pourquoi la semaine de la haute couture a-t-elle lieu \u00e0 Paris ? Quel est le <strong>calendrier<\/strong> de la Fashion week haute couture automne-hiver 2022-2023 ? Retrouvez toutes les infos sur cette Fashion week bien particuli\u00e8re.<\/p>\n<h2 id=\"quest-ce-que-la-fashion-week-haute-couture-\">\u00a0<\/h2>\n<h2 id=\"quel-est-le-calendrier-haute-couture-en-2022\"><span style=\"font-size: 1.25rem;\">Quel est le calendrier haute couture en 2022\u00a0?<\/span><\/h2>\n<p><strong>La Fashion week haute couture a lieu deux fois par an \u00e0 Paris<\/strong>. Comme les silhouettes propos\u00e9es ne n\u00e9cessitent pas de temps de production longs, contrairement au pr\u00eat-\u00e0-porter, elles sont pr\u00e9sent\u00e9es juste avant chaque saison,\u00a0<strong>en janvier pour les collections printemps-\u00e9t\u00e9<\/strong> et\u00a0<strong>en juillet pour les collections automne-hiver.\u00a0<\/strong>Lors des deux rendez-vous annuels <strong>haute couture<\/strong> organis\u00e9s \u00e0 Paris, une trentaine de\u00a0maisons de couture font d\u00e9filer leurs cr\u00e9ations d&rsquo;exception qui t\u00e9moignent d&rsquo;un v\u00e9ritable savoir-faire artisanal et participent \u00e0 leur rayonnement international. Les collections qui y sont pr\u00e9sent\u00e9es servent de vitrine aux maisons\u00a0: elles ne seront pas produites en grand nombre\u00a0mais r\u00e9alis\u00e9es sur-mesure pour les clients qui en font la demande. Chaque pi\u00e8ce est donc unique, correspondant aux envies (coloris, d\u00e9tails, longueur&#8230;) de ces consommateurs d&rsquo;exception.<\/p>\n<p>La prochaine Fashion week haute couture \u00e0 Paris a lieu <strong>jusqu&rsquo;au jeudi 7\u00a0juillet 2022 <\/strong>et d\u00e9voile les <strong>collections automne-hiver 2022-2023<\/strong>.\u00a0<\/p>\n<p><strong>Lundi 4 juillet 2022 : <\/strong>Schiaparelli, Iris van Herpen, Georges Hobeika, <a href=\"https:\/\/www.journaldesfemmes.fr\/mode\/conseils-mode\/2738055-defile-dior-cruise-2023-seville-16-juin-2022\/\" title=\"Maison Dior\">Christian Dior<\/a>, Christophe Josse, Rahul Mishra, Maison Rabih Kayrouz, Giambattista Valli<\/p>\n<p><strong>Mardi 5 juillet 2022 : <\/strong>Chanel, Alexis Mabille, St\u00e9phane Rolland, Julien Fourni\u00e9, Alexandre Vauthier, RVDK Ronald van der Kemp, Giorgio Armani Priv\u00e9<\/p>\n<p><strong>Mercredi 6 juillet 2022 :<\/strong> Franck Sorbier, Balenciaga, Elie Saab, Viktor&amp;Rolf, Zuhair Murad, <a href=\"https:\/\/www.journaldesfemmes.fr\/mode\/conseils-mode\/2734129-jean-paul-gaultier-carriere-haute-couture-parfums\/\" title=\"Jean-Paul Gaultier\">Jean Paul Gaultier<\/a>, Maison Margiela<\/p>\n<p><strong>Jeudi 7 juillet 2022 : <\/strong>Aelis, Yuima Nakazato, Julie de Libran , Imane Ayissi, Fendi Couture, Juana Martin, Adeline Andr\u00e9<\/p>\n<h2 id=\"quest-ce-que-la-fashion-week-haute-couture-\">Qu&rsquo;est-ce que la Fashion week haute couture\u00a0?<\/h2>\n<p>C&rsquo;est le couturier <strong>Charles Frederick Worth<\/strong> qui en 1858\u00a0cr\u00e9e la premi\u00e8re maison de haute couture, sise au 7, rue de la Paix, \u00e0 Paris. Depuis <strong>un d\u00e9cret du 23\u00a0janvier 1945<\/strong>, l&rsquo;expression \u00ab\u00a0haute couture\u00a0\u00bb est devenue une appellation juridiquement prot\u00e9g\u00e9e, accord\u00e9e par le ou la ministre en charge de l&rsquo;industrie sur proposition d&rsquo;une commission men\u00e9e par la Chambre syndicale de la couture. A l&rsquo;\u00e9poque, les maisons qui pouvaient se revendiquer de haute couture avaient droit \u00e0 des avantages sp\u00e9cifiques en termes de prix et d&rsquo;approvisionnement en mati\u00e8res premi\u00e8res.<\/p>\n<h3><strong>Comment obtenir le label haute couture\u00a0?\u00a0<\/strong><\/h3>\n<p>\u00ab\u00a0Haute couture\u00a0\u00bb est donc une d\u00e9nomination fran\u00e7aise<strong>,<\/strong> conc\u00e9d\u00e9e chaque ann\u00e9e aux maisons de toutes nationalit\u00e9s qui remplissent un certain\u00a0nombre de crit\u00e8res pr\u00e9cis<strong> <\/strong>(comme la confection \u00e0 la main, par exemple) et\u00a0adh\u00e8rent\u00a0\u00e0 la Chambre syndicale de la couture, qui trouve ses origines au XIX<sup>\u00e8me <\/sup>si\u00e8cle. Figurent au calendrier officiel les \u00ab\u00a0membres\u00a0\u00bb, les \u00ab\u00a0membres correspondants\u00a0\u00bb et les \u00ab\u00a0membres invit\u00e9s\u00a0\u00bb.<\/p>\n<p><strong>Seules seize maisons b\u00e9n\u00e9ficient du statut de membre <\/strong>(dont certaines ne d\u00e9filent actuellement plus)\u00a0:\u00a0Adeline Andr\u00e9,\u00a0Alexandre Vauthier,\u00a0Alexis Mabille,\u00a0Bouchra Jarrar,\u00a0<a href=\"https:\/\/www.journaldesfemmes.fr\/mode\/conseils-mode\/2737111-defile-metiers-dart-2022-2023-dakar\/\" title=\"Chanel\">Chanel<\/a>, Christian Dior,\u00a0Franck Sorbier,\u00a0Giambattista Valli,\u00a0Givenchy,\u00a0Jean Paul Gaultier,\u00a0Julien Fourni\u00e9,\u00a0Maison Margiela,\u00a0Maurizio Galante,\u00a0Rabih Kayrouz,\u00a0Schiaparelli,\u00a0St\u00e9phane Rolland.\u00a0<\/p>\n<p>La Chambre syndicale de la haute couture fait partie d&rsquo;un ensemble plus vaste appel\u00e9\u00a0<strong>F\u00e9d\u00e9ration de la haute couture et de la mode<\/strong>. Cette derni\u00e8re a notamment pour mission\u00a0de soutenir les marques \u00e9mergentes, p\u00e9renniser les maisons d\u00e9j\u00e0 install\u00e9es, prot\u00e9ger la propri\u00e9t\u00e9 intellectuelle et \u00e9tablir le calendrier des collections pr\u00e9sent\u00e9es \u00e0 Paris.<\/p>\n<h2 id=\"quest-ce-que-la-fashion-week-haute-couture\">Qu&rsquo;est-ce que la Fashion week de pr\u00eat-\u00e0-porter\u00a0?<\/h2>\n<p>Ev\u00e9nement mode pluriannuel, la <strong>Fashion week<\/strong> est l&rsquo;une des manifestations les plus courues de la plan\u00e8te. De New York \u00e0 Paris, elle r\u00e9unit toute la <em>fash pack<\/em> et permet de d\u00e9couvrir les visions cr\u00e9atives des plus grandes maisons pour la prochaine saison. La<strong> Fashion week femme<\/strong> est l&rsquo;\u00e9v\u00e9nement le plus attendu de la mode et revient deux fois par an. <strong>En f\u00e9vrier et en septembre, les grandes marques d\u00e9voilent leurs collections de pr\u00eat-\u00e0-porter<\/strong> : des v\u00eatements et accessoires produits en s\u00e9rie et non r\u00e9alis\u00e9s sur-mesure, destin\u00e9s \u00e0 \u00eatre vendus dans leurs diff\u00e9rents points de vente six mois plus tard.\u00a0<\/p>\n<div class=\"ccminsert\">\n<div class=\"ccminsert\">\n<aside class=\"jSNSTagCard sns-tag-card\">\n<div class=\"sns-tag-card__first-ct\"><img decoding=\"async\" class=\"sns-tag-card__picto\" src=\"https:\/\/img-3.journaldesfemmes.fr\/H-IhsscW3xWMFuOSMbCKNNXFITc=\/500x500\/smart\/584121ab202b4741b70411cfe850d8c2\/ccmcms-jdf\/33442042.jpg\" alt=\"Fashion Week\"\/><\/div>\n<\/aside>\n<\/div>\n<\/div>\n<p>\u00c0 la fin de l&rsquo;hiver sont ainsi pr\u00e9sent\u00e9es les collections de l&rsquo;automne-hiver suivant, tandis que les collections printemps-\u00e9t\u00e9 d\u00e9filent \u00e0 la fin de l&rsquo;\u00e9t\u00e9.\u00a0Si de plus en plus de grandes villes\u00a0organisent leurs propres Fashion weeks (Tokyo, S\u00e9oul, Istanbul,\u00a0Sao Paulo&#8230;), la semaine de la mode voyage historiquement <strong>de New York \u00e0 Paris en passant par Londres puis Milan<\/strong>, s&rsquo;arr\u00eatant quelques jours dans chacune de ces quatre grandes capitales du style. De plus en plus\u00a0r\u00e9put\u00e9es, les Fashion weeks de Copenhague, S\u00e9oul ou encore Lagos font aussi beaucoup parler d&rsquo;elles ces derni\u00e8res saisons.<\/p>\n<h2 id=\"quel-calendrier-pour-la-fashion-week-pret-a-porter-automne-hiver-2022-2023\">Quelles sont les dates de\u00a0la Fashion week pr\u00eat-\u00e0-porter printemps-\u00e9t\u00e9 2023\u00a0?<\/h2>\n<p>La Fashion week pr\u00eat-\u00e0-\u00e0-porter printemps-\u00e9t\u00e9 2023\u00a0se tiendra du vendredi 9 septembre au mardi 4 octobre 2022 et\u00a0voyagera de New York \u00e0 Paris, en passant par Londres et Milan. De mani\u00e8re g\u00e9n\u00e9rale, le\u00a0<strong>calendrier de la Fashion week de pr\u00eat-\u00e0-porter f\u00e9minin <\/strong>\u00e9volue l\u00e9g\u00e8rement \u00e0 chaque saison en fonction de la ville o\u00f9 les marques d\u00e9cident de d\u00e9filer.\u00a0<\/p>\n<h3>Fashion week femme printemps-\u00e9t\u00e9\u00a02023\u00a0:<\/h3>\n<ul>\n<li><strong>Fashion week de New York\u00a0<\/strong>: du vendredi 9\u00a0au mercredi 14\u00a0septembre\u00a02022.<\/li>\n<li><strong>Fashion week de Londres<\/strong>\u00a0: du vendredi 16\u00a0au mardi 20\u00a0f\u00e9vrier 2022.<\/li>\n<li><strong>Fashion week de Milan<\/strong>\u00a0: du mercredi 21\u00a0au lundi 26 septembre 2022.<\/li>\n<li><strong>Fashion week de Paris<\/strong>\u00a0: du lundi 26 septembre au mardi 4 octobre 2022.<\/li>\n<\/ul>\n<h2 id=\"quest-ce-que-la-paris-fashion-week-\">Qu&rsquo;est-ce que la Paris Fashion week ?<\/h2>\n<p>Marque d\u00e9pos\u00e9e, la <strong>Paris Fashion Week<\/strong> d\u00e9signe l&rsquo;ensemble des d\u00e9fil\u00e9s qui ont lieu dans la capitale fran\u00e7aise deux fois par an pour la femme et deux autres fois pour l&rsquo;homme. Elle peut aussi commun\u00e9ment d\u00e9signer la semaine des d\u00e9fil\u00e9s haute couture, mais cela constitue un abus de langage.<\/p>\n<h3>Quand a lieu la Fashion week \u00e0 Paris ?<\/h3>\n<p>C&rsquo;est le rendez-vous\u00a0le plus couru de la mode. La <strong>Paris Fashion Week<\/strong> intervient toujours en cl\u00f4ture du <em>Fashion month<\/em>, apr\u00e8s celles de New York, de Londres et de Milan et est de loin la plus fournie en d\u00e9fil\u00e9s.\u00a0Moins <em>underground<\/em>\u00a0que celle de Londres et plus riche encore que celles de Milan et New York, sa renomm\u00e9e en fait le Graal pour la plupart des cr\u00e9ateurs dans le monde. De grandes maisons \u00e9trang\u00e8res\u00a0comme Valentino (Italie), Dries Van Noten (Belgique) ou Stella McCartney (Royaume-Uni) pr\u00e9f\u00e8rent d&rsquo;ailleurs Paris \u00e0 leur capitale\u00a0d&rsquo;origine pour d\u00e9filer. En cons\u00e9quence, elle concentre un maximum de stars, d&rsquo;\u00e9g\u00e9ries et d&rsquo;\u00e9v\u00e9nements en marge desquels les croiser.<\/p>\n<h3>O\u00f9 se trouve la Fashion week \u00e0 Paris ?<\/h3>\n<p>Les d\u00e9fil\u00e9s de la <strong>Fashion week \u00e0 Paris se d\u00e9roulent \u00e0 diff\u00e9rents endroits<\/strong>, selon les desideratas des marques et des cr\u00e9ateurs. Habituellement, Chanel organise son d\u00e9fil\u00e9 au Grand Palais, tandis que Dior pr\u00e9sente ses collections au mus\u00e9e Rodin. Le Louvre a souvent \u00e9t\u00e9, quant \u00e0 lui, le terrain de jeu de Louis Vuitton. Les marques essayent n\u00e9anmoins de garder en t\u00eate que leurs invit\u00e9s assistent souvent \u00e0\u00a0<strong>plusieurs d\u00e9fil\u00e9s dans la m\u00eame journ\u00e9e <\/strong>et tentent de restreindre leurs d\u00e9placements au centre de Paris. Les quartiers du Marais, de la Concorde, du Palais-Royal, du Trocad\u00e9ro ou de Saint-Germain-des-Pr\u00e9s sont ainsi souvent ceux o\u00f9 se d\u00e9roule la Fashion week \u00e0 Paris.<\/p>\n<h3>Qui organise la Fashion week \u00e0 Paris ?<\/h3>\n<p>D&rsquo;un point de vue organisationnel, la\u00a0<strong>F\u00e9d\u00e9ration de la haute couture et de la mode la chapeaute<\/strong>\u00a0et facilite les rapports entre ses diff\u00e9rents acteurs (acheteurs, photographes, journalistes, influenceurs et cr\u00e9ateurs). Elle publie aussi le calendrier officiel des d\u00e9fil\u00e9s, attribuant une date et un horaire \u00e0 chaque show.<\/p>\n<h3>Qui est invit\u00e9 \u00e0 la Fashion week \u00e0 Paris ?<\/h3>\n<p>Les personnes invit\u00e9es \u00e0 la Fashion week \u00e0 Paris sont<strong> les acheteurs <\/strong>des grands magasins internationaux, des boutiques multimarques prestigieuses ou des sites de luxe. Aux premiers rangs des d\u00e9fil\u00e9s, on retrouve aussi <strong>les meilleurs clients<\/strong> et <strong>les amis de la maison<\/strong>, <strong>les stars du moment<\/strong>,<strong> les influenceurs les plus en vue<\/strong> et<strong> les journalistes mode<\/strong>.<\/p>\n<h3>Pour organiser un d\u00e9fil\u00e9<\/h3>\n<p>Chaque saison, la f\u00e9d\u00e9ration de la haute couture et de la mode ouvre les candidatures pour permettre aux marques d&rsquo;int\u00e9grer le calendrier officiel de la Fashion week.\u00a0Les conditions d&rsquo;entr\u00e9es ? Disposer d&rsquo;une structure juridique et avoir commercialis\u00e9 au moins l&rsquo;une de ses collections.\u00a0<\/p>\n<h3>Pour assister aux d\u00e9fil\u00e9s<\/h3>\n<p>Pour participer \u00e0 la Fashion week de Paris\u00a0sans \u00eatre invit\u00e9 par une maison, il existe diff\u00e9rentes possibilit\u00e9s. Notamment <strong>y travailler<\/strong>. Habilleuses et habilleurs cabine, h\u00f4tes et h\u00f4tesses, serveurs et serveuses\u2026 Les petits jobs ne manquent pas. Sinon, on peut toujours se rendre sur le lieu des d\u00e9fil\u00e9s et <strong>patienter sagement dans la queue \u00ab\u00a0Standing\u00a0\u00bb<\/strong>. Les marques font parfois entrer juste avant le d\u00e9but du show les fans de mode qui y patientent pour combler des rangs un peu clairsem\u00e9s. Derni\u00e8re alternative\u00a0:<strong> ne rater aucun live<\/strong>.<\/p>\n<h2 id=\"ou-regarder-la-fashion-week-de-paris-en-ligne-\">O\u00f9 regarder la Fashion week de Paris en ligne ?<\/h2>\n<p><span style=\"font-size: 1rem;\">Pour suivre la Fashion week, <\/span><strong style=\"font-size: 1rem;\">rendez-vous sur les sites Internet des marques<\/strong><span style=\"font-size: 1rem;\">. Elles sont toutes devenues expertes en livestream, qu&rsquo;elles retransmettent souvent<strong> en simultan\u00e9e sur leurs eshops<\/strong> et leurs<strong> r\u00e9seaux sociaux<\/strong>. Autre fa\u00e7on d&rsquo;assister \u00e0 la Fashion week presque comme si vous y \u00e9tiez\u00a0: <\/span><strong style=\"font-size: 1rem;\">suivre sur les r\u00e9seaux sociaux des influenceuses mode<\/strong><span style=\"font-size: 1rem;\"> invit\u00e9es aux shows qui vous int\u00e9ressent. Certaines diffusent les d\u00e9fil\u00e9s et les backstages en live, s\u00e9lectionnent leurs silhouettes pr\u00e9f\u00e9r\u00e9es pour faire vivre \u00e0 leurs abonn\u00e9s et abonn\u00e9es\u00a0<\/span><strong style=\"font-size: 1rem;\">la Fashion week depuis leur si\u00e8ge en front row<\/strong><span style=\"font-size: 1rem;\">.<\/span><\/p>\n<h2 id=\"quelles-sont-les-dates-de-la-fashion-week-homme-en-2022\">Quelles sont les dates de la Fashion week homme en 2023\u00a0?<\/h2>\n<p>La <strong>Fashion week homme \u00e0 Paris a lieu deux fois par an<\/strong>. La Fashion week homme printemps-\u00e9t\u00e9 se d\u00e9roule g\u00e9n\u00e9ralement la derni\u00e8re semaine de juin. La Fashion week homme automne-hiver se d\u00e9roule quant \u00e0 elle mi-janvier. Ces deux semaines de la mode masculine pr\u00e9c\u00e8dent syst\u00e9matiquement la haute couture.\u00a0<\/p>\n<p>La prochaine Fashion week homme \u00e0 Paris devrait avoir lieu du <strong>mardi 17\u00a0au dimanche 22\u00a0janvier 2023<\/strong>.<\/p>\n<\/p><\/div>\n<p>[ad_2]<br \/>\n<br \/><a href=\"https:\/\/www.journaldesfemmes.fr\/mode\/conseils-mode\/1371237-fashion-week-haute-couture-automne-hiver-2022-2023-paris-mode-femme-4-7-juillet\/\">Source link <\/a><\/p>\n","protected":false},"excerpt":{"rendered":"<p>[ad_1] C&rsquo;est le d\u00e9but de la Fashion week haute couture automne-hiver 2022-2023\u00a0\u00e0 Paris. Demandez le programme\u00a0! Sommaire Jusqu&rsquo;au 7 juillet, &hellip; <a href=\"http:\/\/www.affinite.fr\/index.php\/2022\/07\/05\/debut-des-shows-a-paris\/\" class=\"more-link\">Plus <span class=\"screen-reader-text\">d\u00e9but des shows \u00e0 Paris<\/span> <span class=\"meta-nav\">&rarr;<\/span><\/a><\/p>\n","protected":false},"author":1,"featured_media":8013,"comment_status":"","ping_status":"open","sticky":false,"template":"","format":"standard","meta":{"_sitemap_exclude":false,"_sitemap_priority":"","_sitemap_frequency":"","footnotes":""},"categories":[1],"tags":[],"class_list":["post-8012","post","type-post","status-publish","format-standard","has-post-thumbnail","hentry","category-tous"],"_links":{"self":[{"href":"http:\/\/www.affinite.fr\/index.php\/wp-json\/wp\/v2\/posts\/8012"}],"collection":[{"href":"http:\/\/www.affinite.fr\/index.php\/wp-json\/wp\/v2\/posts"}],"about":[{"href":"http:\/\/www.affinite.fr\/index.php\/wp-json\/wp\/v2\/types\/post"}],"author":[{"embeddable":true,"href":"http:\/\/www.affinite.fr\/index.php\/wp-json\/wp\/v2\/users\/1"}],"replies":[{"embeddable":true,"href":"http:\/\/www.affinite.fr\/index.php\/wp-json\/wp\/v2\/comments?post=8012"}],"version-history":[{"count":0,"href":"http:\/\/www.affinite.fr\/index.php\/wp-json\/wp\/v2\/posts\/8012\/revisions"}],"wp:featuredmedia":[{"embeddable":true,"href":"http:\/\/www.affinite.fr\/index.php\/wp-json\/wp\/v2\/media\/8013"}],"wp:attachment":[{"href":"http:\/\/www.affinite.fr\/index.php\/wp-json\/wp\/v2\/media?parent=8012"}],"wp:term":[{"taxonomy":"category","embeddable":true,"href":"http:\/\/www.affinite.fr\/index.php\/wp-json\/wp\/v2\/categories?post=8012"},{"taxonomy":"post_tag","embeddable":true,"href":"http:\/\/www.affinite.fr\/index.php\/wp-json\/wp\/v2\/tags?post=8012"}],"curies":[{"name":"wp","href":"https:\/\/api.w.org\/{rel}","templated":true}]}}