{"id":8010,"date":"2022-07-04T08:40:44","date_gmt":"2022-07-04T08:40:44","guid":{"rendered":"https:\/\/www.affinite.fr\/index.php\/2022\/07\/04\/simone-veil-le-film-sur-sa-vie-se-devoile-dans-une-bande-annonce-vibrante-actus-cine\/"},"modified":"2022-07-04T08:40:44","modified_gmt":"2022-07-04T08:40:44","slug":"simone-veil-le-film-sur-sa-vie-se-devoile-dans-une-bande-annonce-vibrante-actus-cine","status":"publish","type":"post","link":"http:\/\/www.affinite.fr\/index.php\/2022\/07\/04\/simone-veil-le-film-sur-sa-vie-se-devoile-dans-une-bande-annonce-vibrante-actus-cine\/","title":{"rendered":"Simone Veil : le film sur sa vie se d\u00e9voile dans une bande-annonce vibrante &#8211; Actus Cin\u00e9"},"content":{"rendered":"<p> [ad_1]<br \/>\n<\/p>\n<p>Au cin\u00e9ma le 12 octobre 2022, Simone, le voyage du si\u00e8cle se d\u00e9voile en images. La bande-annonce nous donne \u00e0 voir quelques bribes \u00e9mouvantes et passionnantes du film sign\u00e9 Olivier Dahan, entre intimit\u00e9 et engagement. Focus.<\/p>\n<div id=\"article-content\">\n<figure class=\"article-figure article-main-figure\">\n<img loading=\"lazy\" decoding=\"async\" class=\"article-figure-img\" width=\"654\" height=\"368\" src=\"https:\/\/fr.web.img5.acsta.net\/r_654_368\/newsv7\/22\/06\/29\/10\/57\/2663758.jpg\"\/><figcaption class=\"article-figcaption-copy\">2020 \u2013 MARVELOUS PRODUCTIONS &#8211; FRANCE 2 CIN\u00c9MA &#8211; FRANCE 3 CIN\u00c9MA<\/figcaption><\/figure>\n<p>Le portrait d\u2019une figure historique<\/p>\n<p>Les premi\u00e8res images de <a title=\"Simone, le voyage du si\u00e8cle (France,Belgique) - 2022 (Biopic)\" href=\"http:\/\/www.allocine.fr\/film\/fichefilm_gen_cfilm=271339.html\">Simone, le voyage du si\u00e8cle<\/a>, le film r\u00e9alis\u00e9 par\u00a0<a title=\"Olivier Dahan (France) (R\u00e9alisateur,Sc\u00e9nariste,Cadreur)\" href=\"http:\/\/www.allocine.fr\/personne\/fichepersonne_gen_cpersonne=20836.html\">Olivier Dahan<\/a> consacr\u00e9 \u00e0 Simone Veil, viennent d\u2019\u00eatre r\u00e9v\u00e9l\u00e9es. Dans la bande-annonce du long-m\u00e9trage attendu le 12 octobre prochain au cin\u00e9ma, on d\u00e9couvre certaines sc\u00e8nes cl\u00e9s de son destin, recr\u00e9\u00e9es pour l\u2019occasion : son \u00e9lection historique en tant que premi\u00e8re femme Pr\u00e9sidente du Parlement Europ\u00e9en, son poignant retour \u00e0 Auschwitz en 2004 ou encore son meeting perturb\u00e9 par des militants d\u2019extr\u00eame droite, lors duquel elle avait lanc\u00e9 un retentissant : <i>\u201cVous ne me fa\u00eetes pas peur, j\u2019ai surv\u00e9cu \u00e0 pire que vous !\u201d<\/i><\/p>\n<p>Pens\u00e9 comme un portrait impressionniste de la femme que fut Simone Veil, le film veille \u00e0 ce que chacun puisse comprendre comment le pass\u00e9 a forg\u00e9 les combats de cette ic\u00f4ne de la lutte f\u00e9ministe et humaniste. Cinq ans apr\u00e8s sa disparition, l\u2019objectif est aussi d\u2019offrir aux plus jeunes g\u00e9n\u00e9rations un t\u00e9moignage de son engagement, afin de faire perdurer sa m\u00e9moire et ses id\u00e9es. Le long-m\u00e9trage souligne \u00e0 quel point ses actions ont \u00e9t\u00e9 d\u00e9terminantes, et le sont aujourd\u2019hui encore pour chacun et chacune d\u2019entre nous.<\/p>\n<p>Un casting exceptionnel<\/p>\n<p>Incarn\u00e9e \u00e0 l\u2019\u00e9cran selon l\u2019\u00e9poque par\u00a0<a title=\"Rebecca Marder (France,U.S.A.) (Acteur)\" href=\"http:\/\/www.allocine.fr\/personne\/fichepersonne_gen_cpersonne=185938.html\">Rebecca Marder<\/a> (<a title=\"Les Go\u00fbts et les couleurs (France) - 2022 (Com\u00e9die)\" href=\"http:\/\/www.allocine.fr\/film\/fichefilm_gen_cfilm=292312.html\">Les Go\u00fbts et les couleurs<\/a>, <a title=\"Une jeune fille qui va bien (France) - 2021 (Drame,Historique)\" href=\"http:\/\/www.allocine.fr\/film\/fichefilm_gen_cfilm=284963.html\">Une jeune fille qui va bien<\/a>) et\u00a0<a title=\"Elsa Zylberstein (France) (Acteur)\" href=\"http:\/\/www.allocine.fr\/personne\/fichepersonne_gen_cpersonne=1185.html\">Elsa Zylberstein<\/a> (<a title=\"L'Amour c\u2019est mieux que la vie (France) - 2020 (Com\u00e9die dramatique,Romance,Musical)\" href=\"http:\/\/www.allocine.fr\/film\/fichefilm_gen_cfilm=280517.html\">L&rsquo;Amour c\u2019est mieux que la vie<\/a>, <a title=\"Tout nous sourit (France) - 2019 (Com\u00e9die)\" href=\"http:\/\/www.allocine.fr\/film\/fichefilm_gen_cfilm=272765.html\">Tout nous sourit<\/a>), celle qui a port\u00e9 tant de combats est montr\u00e9e ici sous un angle plus intime, dans son couple ou en famille.<\/p>\n<p>On retrouve aussi\u00a0<a title=\"Mathieu Spinosi (France) (Acteur)\" href=\"http:\/\/www.allocine.fr\/personne\/fichepersonne_gen_cpersonne=273203.html\">Mathieu Spinosi<\/a> (<a title=\"Les Souvenirs (France) - 2014 (Com\u00e9die,Drame)\" href=\"http:\/\/www.allocine.fr\/film\/fichefilm_gen_cfilm=224285.html\">Les Souvenirs<\/a>) et\u00a0<a title=\"Olivier Gourmet (Belgique) (Acteur)\" href=\"http:\/\/www.allocine.fr\/personne\/fichepersonne_gen_cpersonne=21316.html\">Olivier Gourmet<\/a> (<a title=\"L'Exercice de l'Etat (France) - 2011 (Drame)\" href=\"http:\/\/www.allocine.fr\/film\/fichefilm_gen_cfilm=174671.html\">L\u2019exercice de l\u2019Etat<\/a>) dans le r\u00f4le d\u2019Antoine Veil, son mari, ainsi que le bin\u00f4me\u00a0<a title=\"Esther Valding (France) (Acteur)\" href=\"http:\/\/www.allocine.fr\/personne\/fichepersonne_gen_cpersonne=640582.html\">Esther Valding<\/a> (<a title=\"Demain nous appartient (France) (Drame,Thriller)\" href=\"http:\/\/www.allocine.fr\/series\/ficheserie_gen_cserie=22125.html\">Demain nous appartient<\/a>) et\u00a0<a title=\"Sylvie Testud (France) (Acteur,R\u00e9alisateur,Sc\u00e9nariste)\" href=\"http:\/\/www.allocine.fr\/personne\/fichepersonne_gen_cpersonne=18641.html\">Sylvie Testud<\/a> (<a title=\"Stupeur et tremblements (France) - 2002 (Com\u00e9die dramatique)\" href=\"http:\/\/www.allocine.fr\/film\/fichefilm_gen_cfilm=46397.html\">Stupeur et tremblements<\/a>) dans la peau de Marceline, sa meilleure amie rencontr\u00e9e dans les camps de la mort. Et ce sont <a title=\"\u00c9lodie Bouchez (France) (Acteur,Producteur associ\u00e9)\" href=\"http:\/\/www.allocine.fr\/personne\/fichepersonne_gen_cpersonne=8571.html\">Elodie Bouchez<\/a>\u00a0et\u00a0<a title=\"Judith Chemla (France) (Acteur)\" href=\"http:\/\/www.allocine.fr\/personne\/fichepersonne_gen_cpersonne=185170.html\">Judith Chemla<\/a> qui pr\u00eatent respectivement leurs traits \u00e0 sa m\u00e8re Yvonne Jacob, et \u00e0 sa s\u0153ur Milou.<\/p>\n<p><strong>Simone, le voyage du si\u00e8cle, au cin\u00e9ma le 12 octobre 2022.<\/strong><\/p>\n<\/div>\n<p>[ad_2]<br \/>\n<br \/><a href=\"http:\/\/www.allocine.fr\/article\/fichearticle_gen_carticle=18711271.html\">Source link <\/a><\/p>\n","protected":false},"excerpt":{"rendered":"<p>[ad_1] Au cin\u00e9ma le 12 octobre 2022, Simone, le voyage du si\u00e8cle se d\u00e9voile en images. La bande-annonce nous donne &hellip; <a href=\"http:\/\/www.affinite.fr\/index.php\/2022\/07\/04\/simone-veil-le-film-sur-sa-vie-se-devoile-dans-une-bande-annonce-vibrante-actus-cine\/\" class=\"more-link\">Plus <span class=\"screen-reader-text\">Simone Veil : le film sur sa vie se d\u00e9voile dans une bande-annonce vibrante &#8211; Actus Cin\u00e9<\/span> <span class=\"meta-nav\">&rarr;<\/span><\/a><\/p>\n","protected":false},"author":1,"featured_media":8011,"comment_status":"","ping_status":"open","sticky":false,"template":"","format":"standard","meta":{"_sitemap_exclude":false,"_sitemap_priority":"","_sitemap_frequency":"","footnotes":""},"categories":[1],"tags":[],"class_list":["post-8010","post","type-post","status-publish","format-standard","has-post-thumbnail","hentry","category-tous"],"_links":{"self":[{"href":"http:\/\/www.affinite.fr\/index.php\/wp-json\/wp\/v2\/posts\/8010"}],"collection":[{"href":"http:\/\/www.affinite.fr\/index.php\/wp-json\/wp\/v2\/posts"}],"about":[{"href":"http:\/\/www.affinite.fr\/index.php\/wp-json\/wp\/v2\/types\/post"}],"author":[{"embeddable":true,"href":"http:\/\/www.affinite.fr\/index.php\/wp-json\/wp\/v2\/users\/1"}],"replies":[{"embeddable":true,"href":"http:\/\/www.affinite.fr\/index.php\/wp-json\/wp\/v2\/comments?post=8010"}],"version-history":[{"count":0,"href":"http:\/\/www.affinite.fr\/index.php\/wp-json\/wp\/v2\/posts\/8010\/revisions"}],"wp:featuredmedia":[{"embeddable":true,"href":"http:\/\/www.affinite.fr\/index.php\/wp-json\/wp\/v2\/media\/8011"}],"wp:attachment":[{"href":"http:\/\/www.affinite.fr\/index.php\/wp-json\/wp\/v2\/media?parent=8010"}],"wp:term":[{"taxonomy":"category","embeddable":true,"href":"http:\/\/www.affinite.fr\/index.php\/wp-json\/wp\/v2\/categories?post=8010"},{"taxonomy":"post_tag","embeddable":true,"href":"http:\/\/www.affinite.fr\/index.php\/wp-json\/wp\/v2\/tags?post=8010"}],"curies":[{"name":"wp","href":"https:\/\/api.w.org\/{rel}","templated":true}]}}